{"id":13303,"date":"2021-09-10T15:27:21","date_gmt":"2021-09-10T15:27:21","guid":{"rendered":"https:\/\/vellomonfortarquitectes.com\/denia-castle\/"},"modified":"2025-10-29T11:26:33","modified_gmt":"2025-10-29T11:26:33","slug":"denia-castle","status":"publish","type":"post","link":"https:\/\/vellomonfortarquitectes.com\/en\/denia-castle\/","title":{"rendered":"Denia Castle"},"content":{"rendered":"<p>[et_pb_section fb_built=&#8221;1&#8243; _builder_version=&#8221;4.16&#8243; global_colors_info=&#8221;{}&#8221;][et_pb_row _builder_version=&#8221;4.16&#8243; background_size=&#8221;initial&#8221; background_position=&#8221;top_left&#8221; background_repeat=&#8221;repeat&#8221; global_colors_info=&#8221;{}&#8221;][et_pb_column type=&#8221;4_4&#8243; _builder_version=&#8221;4.16&#8243; custom_padding=&#8221;|||&#8221; global_colors_info=&#8221;{}&#8221; custom_padding__hover=&#8221;|||&#8221;][et_pb_text _builder_version=&#8221;4.16&#8243; background_size=&#8221;initial&#8221; background_position=&#8221;top_left&#8221; background_repeat=&#8221;repeat&#8221; global_colors_info=&#8221;{}&#8221;]<span style=\"font-weight: 400;\">D\u00e9nia Castle stands out from the other <a href=\"https:\/\/vellomonfortarquitectes.com\/en\/architects-denia\/\">architectural monuments in D\u00e9nia<\/a> for being well over 2,000 years old and for bringing together vestiges of different civilisations. Inside is the \u2018Torre del Mig\u2019, which has an important architectural quality with double horseshoe arches, and the most important entrance, the \u2018Portal de la Vila\u2019. Since then, various remodelling actions have been promoted, such as the planting of trees around the enclosure, the creation of accesses and the replacement of rooms<\/span><span style=\"font-weight: 400;\">such as<\/span> <span style=\"font-weight: 400;\">the Torre del Consell or the Portal de la Vila.<\/span><span style=\"font-weight: 400;\"> <\/span><\/p>\n<p><span style=\"font-weight: 400;\">In the 1960s and 1970s, with the rise of tourism in the town, a road was built to the summit, demolishing a large part of the walls and destroying archaeological remains of the Vila Vella. The \u2018Palau del Governador\u2019 was restored in the early 1980s, when the Galliner Tower and the Red Tower were fitted out. THE CASTLE OF D\u00c9NIA Nowadays, in order to go up to the castle of D\u00e9nia, everybody has to go on foot or by a tourist railway, as the entrance of private carriages is forbidden in order to preserve the state of the monument. The residents of D\u00e9nia have free admission to the castle where tourists and visitors must pay an entrance fee of 3 euros. THE     <\/span><\/p>\n<p>&nbsp;<\/p>\n<h2><strong>CASTLE TUNNEL<\/strong><\/h2>\n<p><span style=\"font-weight: 400;\">Since its renovation in 2011, the maintenance and appearance of this passage under the premises of the castle of D\u00e9nia has improved considerably, increasing the cleanliness and stability that was previously lacking. <\/span><span style=\"font-weight: 400;\">The construction of the D\u00e9nia Castle tunnel dates back to the years of the Spanish Civil War.<\/span><\/p>\n<h2><strong> MUSIC IN THE CASTLE <\/strong><\/h2>\n<p><span style=\"font-weight: 400;\">Every summer, the esplanade of the D\u00e9nia Governor&#8217;s Castle, in the pre-eminent part of the enclosure, hosts 2 weeks of classical and hit song concerts in the Melod\u00eda en el Castillo concert period. Due to these concerts, the esplanade of the governor, besides serving as a spectacular view of the city from the castle, becomes the nerve centre of the nationally known melody.  <\/span><\/p>\n<h2><strong>WEDDINGS IN THE CASTLE OF D\u00c9NIA<\/strong><\/h2>\n<p><span style=\"font-weight: 400;\">The D\u00e9nia Town Hall has recently arranged several weddings in the D\u00e9nia Castle. Couples who wish to do so have the possibility of getting married in the Castle of Denia paying the fee (about 1.000 euros) and being aware that it is not possible to enter the pre-eminent part by carriage and that the banquets can be served in the facilities of the monumental group.  <\/span><\/p>\n<h2><strong>WHEN To go<\/strong><\/h2>\n<p><span style=\"font-weight: 400;\">D\u00e9nia Castle opens its doors between November and March from 10 am to 6 pm. In July, August and the first half of September, the castle can be visited from 10:00 to 00:30. <\/span>[\/et_pb_text][\/et_pb_column][\/et_pb_row][et_pb_row _builder_version=&#8221;4.27.4&#8243; _module_preset=&#8221;default&#8221; module_alignment=&#8221;center&#8221; global_colors_info=&#8221;{}&#8221; locked=&#8221;off&#8221;][et_pb_column type=&#8221;4_4&#8243; _builder_version=&#8221;4.27.4&#8243; _module_preset=&#8221;default&#8221; global_colors_info=&#8221;{}&#8221;][et_pb_code _builder_version=&#8221;4.27.4&#8243; _module_preset=&#8221;default&#8221; text_orientation=&#8221;center&#8221; global_colors_info=&#8221;{}&#8221;]<\/p>\n<div class=\"author-box\" style=\"border: 1px solid #e0e0e0; padding: 20px; margin-top: 40px; border-radius: 12px; max-width: 600px; text-align: center; margin-left: auto; margin-right: auto;\"><!-- [et_pb_line_break_holder] -->  <img loading=\"lazy\" decoding=\"async\" src=\"https:\/\/vellomonfortarquitectes.com\/wp-content\/uploads\/2020\/11\/joseantonio.jpg\" alt=\"Jos\u00e9 Antonio Vell\u00f3, chartered architect in Gand\u00eda\" width=\"120\" height=\"120\" style=\"border-radius: 50%; object-fit: cover; margin-bottom: 15px;\"><!-- [et_pb_line_break_holder] -->  <\/p>\n<h3 style=\"margin: 0 0 10px;\">About the author: Jos\u00e9 Antonio Vell\u00f3<\/h3>\n<p><!-- [et_pb_line_break_holder] -->  <pee style=\"margin: 0 0 10px;\"><!-- [et_pb_line_break_holder] --> Architect registered with the <strong>COACV <\/strong>and co-founder of <strong>Vell\u00f3 Monfort Arquitectes<\/strong>. He has over 20 years of experience in the design, renovation and technical management of residential and public projects in the <strong>Valencian Community<\/strong>. <!-- [et_pb_line_break_holder] -->  <\/pee><!-- [et_pb_line_break_holder] -->  <pee style=\"margin: 0 0 10px;\"><!-- [et_pb_line_break_holder] --> Specialist in urban planning regulations, energy efficiency, and comprehensive construction management for individuals, developers, and public entities.<!-- [et_pb_line_break_holder] -->  <\/pee><!-- [et_pb_line_break_holder] -->  <pee style=\"margin: 0 0 10px;\"><!-- [et_pb_line_break_holder] -->    <a href=\"https:\/\/vellomonfortarquitectes.com\/en\/architecture-studio\/\" style=\"color: #005599; text-decoration: underline;\">Learn more about the study<\/a> | <!-- [et_pb_line_break_holder] --> <a href=\"https:\/\/www.linkedin.com\/in\/jos%C3%A9-antonio-vell%C3%B3-ribes-aba23027?originalSubdomain=es\" target=\"_blank\" rel=\"noopener\" style=\"color: #005599; text-decoration: underline;\">LinkedIn profile<\/a><!-- [et_pb_line_break_holder] -->  <\/pee><!-- [et_pb_line_break_holder] --><\/div>\n<p><!-- [et_pb_line_break_holder] -->[\/et_pb_code][\/et_pb_column][\/et_pb_row][\/et_pb_section]<\/p>\n","protected":false},"excerpt":{"rendered":"<p>D\u00e9nia Castle stands out from the other architectural monuments in D\u00e9nia for being well over 2,000 years old and for bringing together vestiges of different civilisations. Inside is the \u2018Torre del Mig\u2019, which has an important architectural quality with double horseshoe arches, and the most important entrance, the \u2018Portal de la Vila\u2019. Since then, various [&hellip;]<\/p>\n","protected":false},"author":5,"featured_media":12543,"comment_status":"closed","ping_status":"open","sticky":false,"template":"","format":"standard","meta":{"_et_pb_use_builder":"on","_et_pb_old_content":"","_et_gb_content_width":"","footnotes":""},"categories":[180,184],"tags":[],"class_list":["post-13303","post","type-post","status-publish","format-standard","has-post-thumbnail","hentry","category-blog-en","category-denia-en"],"yoast_head":"<!-- This site is optimized with the Yoast SEO plugin v27.5 - https:\/\/yoast.com\/product\/yoast-seo-wordpress\/ -->\n<title>Denia Castle &#8226; Vello Arquitectura<\/title>\n<meta name=\"description\" content=\"D\u00e9nia Castle stands out from the other monuments in D\u00e9nia for being well over 2,000 years old.\" \/>\n<meta name=\"robots\" content=\"index, follow, max-snippet:-1, max-image-preview:large, max-video-preview:-1\" \/>\n<link rel=\"canonical\" href=\"https:\/\/vellomonfortarquitectes.com\/en\/denia-castle\/\" \/>\n<meta property=\"og:locale\" content=\"en_US\" \/>\n<meta property=\"og:type\" content=\"article\" \/>\n<meta property=\"og:title\" content=\"Denia Castle &#8226; Vello Arquitectura\" \/>\n<meta property=\"og:description\" content=\"D\u00e9nia Castle stands out from the other monuments in D\u00e9nia for being well over 2,000 years old.\" \/>\n<meta property=\"og:url\" content=\"https:\/\/vellomonfortarquitectes.com\/en\/denia-castle\/\" \/>\n<meta property=\"og:site_name\" content=\"Vello Arquitectura\" \/>\n<meta property=\"article:published_time\" content=\"2021-09-10T15:27:21+00:00\" \/>\n<meta property=\"article:modified_time\" content=\"2025-10-29T11:26:33+00:00\" \/>\n<meta property=\"og:image\" content=\"https:\/\/vellomonfortarquitectes.com\/wp-content\/uploads\/2021\/09\/castle-2771512_1920-1.jpg\" \/>\n\t<meta property=\"og:image:width\" content=\"1920\" \/>\n\t<meta property=\"og:image:height\" content=\"1440\" \/>\n\t<meta property=\"og:image:type\" content=\"image\/jpeg\" \/>\n<meta name=\"author\" content=\"lafabricadelseo\" \/>\n<meta name=\"twitter:card\" content=\"summary_large_image\" \/>\n<meta name=\"twitter:label1\" content=\"Written by\" \/>\n\t<meta name=\"twitter:data1\" content=\"lafabricadelseo\" \/>\n\t<meta name=\"twitter:label2\" content=\"Est. reading time\" \/>\n\t<meta name=\"twitter:data2\" content=\"3 minutes\" \/>\n<script type=\"application\/ld+json\" class=\"yoast-schema-graph\">{\"@context\":\"https:\\\/\\\/schema.org\",\"@graph\":[{\"@type\":\"Article\",\"@id\":\"https:\\\/\\\/vellomonfortarquitectes.com\\\/en\\\/denia-castle\\\/#article\",\"isPartOf\":{\"@id\":\"https:\\\/\\\/vellomonfortarquitectes.com\\\/en\\\/denia-castle\\\/\"},\"author\":{\"name\":\"lafabricadelseo\",\"@id\":\"https:\\\/\\\/vellomonfortarquitectes.com\\\/en\\\/#\\\/schema\\\/person\\\/0cf5fa332e5ca91d37387f50327aca40\"},\"headline\":\"Denia Castle\",\"datePublished\":\"2021-09-10T15:27:21+00:00\",\"dateModified\":\"2025-10-29T11:26:33+00:00\",\"mainEntityOfPage\":{\"@id\":\"https:\\\/\\\/vellomonfortarquitectes.com\\\/en\\\/denia-castle\\\/\"},\"wordCount\":631,\"image\":{\"@id\":\"https:\\\/\\\/vellomonfortarquitectes.com\\\/en\\\/denia-castle\\\/#primaryimage\"},\"thumbnailUrl\":\"https:\\\/\\\/vellomonfortarquitectes.com\\\/wp-content\\\/uploads\\\/2021\\\/09\\\/castle-2771512_1920-1.jpg\",\"articleSection\":[\"Blog\",\"Denia\"],\"inLanguage\":\"en-US\"},{\"@type\":\"WebPage\",\"@id\":\"https:\\\/\\\/vellomonfortarquitectes.com\\\/en\\\/denia-castle\\\/\",\"url\":\"https:\\\/\\\/vellomonfortarquitectes.com\\\/en\\\/denia-castle\\\/\",\"name\":\"Denia Castle &#8226; Vello Arquitectura\",\"isPartOf\":{\"@id\":\"https:\\\/\\\/vellomonfortarquitectes.com\\\/en\\\/#website\"},\"primaryImageOfPage\":{\"@id\":\"https:\\\/\\\/vellomonfortarquitectes.com\\\/en\\\/denia-castle\\\/#primaryimage\"},\"image\":{\"@id\":\"https:\\\/\\\/vellomonfortarquitectes.com\\\/en\\\/denia-castle\\\/#primaryimage\"},\"thumbnailUrl\":\"https:\\\/\\\/vellomonfortarquitectes.com\\\/wp-content\\\/uploads\\\/2021\\\/09\\\/castle-2771512_1920-1.jpg\",\"datePublished\":\"2021-09-10T15:27:21+00:00\",\"dateModified\":\"2025-10-29T11:26:33+00:00\",\"author\":{\"@id\":\"https:\\\/\\\/vellomonfortarquitectes.com\\\/en\\\/#\\\/schema\\\/person\\\/0cf5fa332e5ca91d37387f50327aca40\"},\"description\":\"D\u00e9nia Castle stands out from the other monuments in D\u00e9nia for being well over 2,000 years old.\",\"breadcrumb\":{\"@id\":\"https:\\\/\\\/vellomonfortarquitectes.com\\\/en\\\/denia-castle\\\/#breadcrumb\"},\"inLanguage\":\"en-US\",\"potentialAction\":[{\"@type\":\"ReadAction\",\"target\":[\"https:\\\/\\\/vellomonfortarquitectes.com\\\/en\\\/denia-castle\\\/\"]}]},{\"@type\":\"ImageObject\",\"inLanguage\":\"en-US\",\"@id\":\"https:\\\/\\\/vellomonfortarquitectes.com\\\/en\\\/denia-castle\\\/#primaryimage\",\"url\":\"https:\\\/\\\/vellomonfortarquitectes.com\\\/wp-content\\\/uploads\\\/2021\\\/09\\\/castle-2771512_1920-1.jpg\",\"contentUrl\":\"https:\\\/\\\/vellomonfortarquitectes.com\\\/wp-content\\\/uploads\\\/2021\\\/09\\\/castle-2771512_1920-1.jpg\",\"width\":1920,\"height\":1440,\"caption\":\"castillo de denia\"},{\"@type\":\"BreadcrumbList\",\"@id\":\"https:\\\/\\\/vellomonfortarquitectes.com\\\/en\\\/denia-castle\\\/#breadcrumb\",\"itemListElement\":[{\"@type\":\"ListItem\",\"position\":1,\"name\":\"Portada\",\"item\":\"https:\\\/\\\/vellomonfortarquitectes.com\\\/en\\\/\"},{\"@type\":\"ListItem\",\"position\":2,\"name\":\"Denia Castle\"}]},{\"@type\":\"WebSite\",\"@id\":\"https:\\\/\\\/vellomonfortarquitectes.com\\\/en\\\/#website\",\"url\":\"https:\\\/\\\/vellomonfortarquitectes.com\\\/en\\\/\",\"name\":\"Vello Arquitectura\",\"description\":\"\",\"potentialAction\":[{\"@type\":\"SearchAction\",\"target\":{\"@type\":\"EntryPoint\",\"urlTemplate\":\"https:\\\/\\\/vellomonfortarquitectes.com\\\/en\\\/?s={search_term_string}\"},\"query-input\":{\"@type\":\"PropertyValueSpecification\",\"valueRequired\":true,\"valueName\":\"search_term_string\"}}],\"inLanguage\":\"en-US\"},{\"@type\":\"Person\",\"@id\":\"https:\\\/\\\/vellomonfortarquitectes.com\\\/en\\\/#\\\/schema\\\/person\\\/0cf5fa332e5ca91d37387f50327aca40\",\"name\":\"lafabricadelseo\",\"image\":{\"@type\":\"ImageObject\",\"inLanguage\":\"en-US\",\"@id\":\"https:\\\/\\\/secure.gravatar.com\\\/avatar\\\/a00b480fd278f47b8d479384a393728bed1433f6a331895d10f67aa59337cbfc?s=96&d=mm&r=g\",\"url\":\"https:\\\/\\\/secure.gravatar.com\\\/avatar\\\/a00b480fd278f47b8d479384a393728bed1433f6a331895d10f67aa59337cbfc?s=96&d=mm&r=g\",\"contentUrl\":\"https:\\\/\\\/secure.gravatar.com\\\/avatar\\\/a00b480fd278f47b8d479384a393728bed1433f6a331895d10f67aa59337cbfc?s=96&d=mm&r=g\",\"caption\":\"lafabricadelseo\"}}]}<\/script>\n<!-- \/ Yoast SEO plugin. -->","yoast_head_json":{"title":"Denia Castle &#8226; Vello Arquitectura","description":"D\u00e9nia Castle stands out from the other monuments in D\u00e9nia for being well over 2,000 years old.","robots":{"index":"index","follow":"follow","max-snippet":"max-snippet:-1","max-image-preview":"max-image-preview:large","max-video-preview":"max-video-preview:-1"},"canonical":"https:\/\/vellomonfortarquitectes.com\/en\/denia-castle\/","og_locale":"en_US","og_type":"article","og_title":"Denia Castle &#8226; Vello Arquitectura","og_description":"D\u00e9nia Castle stands out from the other monuments in D\u00e9nia for being well over 2,000 years old.","og_url":"https:\/\/vellomonfortarquitectes.com\/en\/denia-castle\/","og_site_name":"Vello Arquitectura","article_published_time":"2021-09-10T15:27:21+00:00","article_modified_time":"2025-10-29T11:26:33+00:00","og_image":[{"width":1920,"height":1440,"url":"https:\/\/vellomonfortarquitectes.com\/wp-content\/uploads\/2021\/09\/castle-2771512_1920-1.jpg","type":"image\/jpeg"}],"author":"lafabricadelseo","twitter_card":"summary_large_image","twitter_misc":{"Written by":"lafabricadelseo","Est. reading time":"3 minutes"},"schema":{"@context":"https:\/\/schema.org","@graph":[{"@type":"Article","@id":"https:\/\/vellomonfortarquitectes.com\/en\/denia-castle\/#article","isPartOf":{"@id":"https:\/\/vellomonfortarquitectes.com\/en\/denia-castle\/"},"author":{"name":"lafabricadelseo","@id":"https:\/\/vellomonfortarquitectes.com\/en\/#\/schema\/person\/0cf5fa332e5ca91d37387f50327aca40"},"headline":"Denia Castle","datePublished":"2021-09-10T15:27:21+00:00","dateModified":"2025-10-29T11:26:33+00:00","mainEntityOfPage":{"@id":"https:\/\/vellomonfortarquitectes.com\/en\/denia-castle\/"},"wordCount":631,"image":{"@id":"https:\/\/vellomonfortarquitectes.com\/en\/denia-castle\/#primaryimage"},"thumbnailUrl":"https:\/\/vellomonfortarquitectes.com\/wp-content\/uploads\/2021\/09\/castle-2771512_1920-1.jpg","articleSection":["Blog","Denia"],"inLanguage":"en-US"},{"@type":"WebPage","@id":"https:\/\/vellomonfortarquitectes.com\/en\/denia-castle\/","url":"https:\/\/vellomonfortarquitectes.com\/en\/denia-castle\/","name":"Denia Castle &#8226; Vello Arquitectura","isPartOf":{"@id":"https:\/\/vellomonfortarquitectes.com\/en\/#website"},"primaryImageOfPage":{"@id":"https:\/\/vellomonfortarquitectes.com\/en\/denia-castle\/#primaryimage"},"image":{"@id":"https:\/\/vellomonfortarquitectes.com\/en\/denia-castle\/#primaryimage"},"thumbnailUrl":"https:\/\/vellomonfortarquitectes.com\/wp-content\/uploads\/2021\/09\/castle-2771512_1920-1.jpg","datePublished":"2021-09-10T15:27:21+00:00","dateModified":"2025-10-29T11:26:33+00:00","author":{"@id":"https:\/\/vellomonfortarquitectes.com\/en\/#\/schema\/person\/0cf5fa332e5ca91d37387f50327aca40"},"description":"D\u00e9nia Castle stands out from the other monuments in D\u00e9nia for being well over 2,000 years old.","breadcrumb":{"@id":"https:\/\/vellomonfortarquitectes.com\/en\/denia-castle\/#breadcrumb"},"inLanguage":"en-US","potentialAction":[{"@type":"ReadAction","target":["https:\/\/vellomonfortarquitectes.com\/en\/denia-castle\/"]}]},{"@type":"ImageObject","inLanguage":"en-US","@id":"https:\/\/vellomonfortarquitectes.com\/en\/denia-castle\/#primaryimage","url":"https:\/\/vellomonfortarquitectes.com\/wp-content\/uploads\/2021\/09\/castle-2771512_1920-1.jpg","contentUrl":"https:\/\/vellomonfortarquitectes.com\/wp-content\/uploads\/2021\/09\/castle-2771512_1920-1.jpg","width":1920,"height":1440,"caption":"castillo de denia"},{"@type":"BreadcrumbList","@id":"https:\/\/vellomonfortarquitectes.com\/en\/denia-castle\/#breadcrumb","itemListElement":[{"@type":"ListItem","position":1,"name":"Portada","item":"https:\/\/vellomonfortarquitectes.com\/en\/"},{"@type":"ListItem","position":2,"name":"Denia Castle"}]},{"@type":"WebSite","@id":"https:\/\/vellomonfortarquitectes.com\/en\/#website","url":"https:\/\/vellomonfortarquitectes.com\/en\/","name":"Vello Arquitectura","description":"","potentialAction":[{"@type":"SearchAction","target":{"@type":"EntryPoint","urlTemplate":"https:\/\/vellomonfortarquitectes.com\/en\/?s={search_term_string}"},"query-input":{"@type":"PropertyValueSpecification","valueRequired":true,"valueName":"search_term_string"}}],"inLanguage":"en-US"},{"@type":"Person","@id":"https:\/\/vellomonfortarquitectes.com\/en\/#\/schema\/person\/0cf5fa332e5ca91d37387f50327aca40","name":"lafabricadelseo","image":{"@type":"ImageObject","inLanguage":"en-US","@id":"https:\/\/secure.gravatar.com\/avatar\/a00b480fd278f47b8d479384a393728bed1433f6a331895d10f67aa59337cbfc?s=96&d=mm&r=g","url":"https:\/\/secure.gravatar.com\/avatar\/a00b480fd278f47b8d479384a393728bed1433f6a331895d10f67aa59337cbfc?s=96&d=mm&r=g","contentUrl":"https:\/\/secure.gravatar.com\/avatar\/a00b480fd278f47b8d479384a393728bed1433f6a331895d10f67aa59337cbfc?s=96&d=mm&r=g","caption":"lafabricadelseo"}}]}},"_links":{"self":[{"href":"https:\/\/vellomonfortarquitectes.com\/en\/wp-json\/wp\/v2\/posts\/13303","targetHints":{"allow":["GET"]}}],"collection":[{"href":"https:\/\/vellomonfortarquitectes.com\/en\/wp-json\/wp\/v2\/posts"}],"about":[{"href":"https:\/\/vellomonfortarquitectes.com\/en\/wp-json\/wp\/v2\/types\/post"}],"author":[{"embeddable":true,"href":"https:\/\/vellomonfortarquitectes.com\/en\/wp-json\/wp\/v2\/users\/5"}],"replies":[{"embeddable":true,"href":"https:\/\/vellomonfortarquitectes.com\/en\/wp-json\/wp\/v2\/comments?post=13303"}],"version-history":[{"count":4,"href":"https:\/\/vellomonfortarquitectes.com\/en\/wp-json\/wp\/v2\/posts\/13303\/revisions"}],"predecessor-version":[{"id":15901,"href":"https:\/\/vellomonfortarquitectes.com\/en\/wp-json\/wp\/v2\/posts\/13303\/revisions\/15901"}],"wp:featuredmedia":[{"embeddable":true,"href":"https:\/\/vellomonfortarquitectes.com\/en\/wp-json\/wp\/v2\/media\/12543"}],"wp:attachment":[{"href":"https:\/\/vellomonfortarquitectes.com\/en\/wp-json\/wp\/v2\/media?parent=13303"}],"wp:term":[{"taxonomy":"category","embeddable":true,"href":"https:\/\/vellomonfortarquitectes.com\/en\/wp-json\/wp\/v2\/categories?post=13303"},{"taxonomy":"post_tag","embeddable":true,"href":"https:\/\/vellomonfortarquitectes.com\/en\/wp-json\/wp\/v2\/tags?post=13303"}],"curies":[{"name":"wp","href":"https:\/\/api.w.org\/{rel}","templated":true}]}}