{"id":13480,"date":"2023-10-23T09:52:39","date_gmt":"2023-10-23T09:52:39","guid":{"rendered":"https:\/\/vellomonfortarquitectes.com\/architecture-in-denia-an-expansive-journey-through-its-history-culture-and-modernity\/"},"modified":"2025-08-22T12:42:19","modified_gmt":"2025-08-22T12:42:19","slug":"architecture-in-denia-an-expansive-journey-through-its-history-culture-and-modernity","status":"publish","type":"post","link":"https:\/\/vellomonfortarquitectes.com\/en\/architecture-in-denia-an-expansive-journey-through-its-history-culture-and-modernity\/","title":{"rendered":"Architecture in Denia: an expansive journey through its history, culture and modernity."},"content":{"rendered":"<p>[et_pb_section fb_built=&#8221;1&#8243; _builder_version=&#8221;4.16&#8243; global_colors_info=&#8221;{}&#8221;][et_pb_row _builder_version=&#8221;4.16&#8243; background_size=&#8221;initial&#8221; background_position=&#8221;top_left&#8221; background_repeat=&#8221;repeat&#8221; global_colors_info=&#8221;{}&#8221;][et_pb_column type=&#8221;4_4&#8243; _builder_version=&#8221;4.16&#8243; custom_padding=&#8221;|||&#8221; global_colors_info=&#8221;{}&#8221; custom_padding__hover=&#8221;|||&#8221;][et_pb_text _builder_version=&#8221;4.18.0&#8243; background_size=&#8221;initial&#8221; background_position=&#8221;top_left&#8221; background_repeat=&#8221;repeat&#8221; text_orientation=&#8221;justified&#8221; global_colors_info=&#8221;{}&#8221;]<\/p>\n<p>Nestled between the shimmering Mediterranean Sea and the towering Montg\u00f3 Mountain, D\u00e9nia is a city where history whispers from ancient stones, and modern architecture speaks of a vibrant and evolving community. This coastal town, known for its culinary delights and festive traditions, also boasts a rich architectural tapestry that tells stories of civilizations past and present. Join us on an extended journey through the architectural wonders of D\u00e9nia, where each structure, from centuries-old fortresses to contemporary shelters, paints a segment of D\u00e9nia&#8217;s multifaceted identity.  <\/p>\n<h2><strong>Denia Castle: A Reliquary of Civilisations<\/strong><\/h2>\n<p>Dominating the urban landscape, the <strong><a href=\"https:\/\/es.wikipedia.org\/wiki\/Castillo_de_Denia\" target=\"_new\" rel=\"noopener\">Castle of D\u00e9nia<\/a><\/strong> stands as a monumental reminder of the city&#8217;s layered history. Established during the Islamic period, the castle has undergone transformations that echo the Roman, Muslim and Christian eras. Its sturdy walls, the Palau del Governador with its intriguing archaeological museum, and the ethereal views from the towers offer visitors a complete narrative of Denia&#8217;s strategic importance over the centuries. The castle is not just a monument; it is a narrative sculpted in stone, a testament to the resilience and rich history of D\u00e9nia.   <\/p>\n<p>[\/et_pb_text][et_pb_divider show_divider=&#8221;off&#8221; _builder_version=&#8221;4.18.0&#8243; _module_preset=&#8221;default&#8221; global_colors_info=&#8221;{}&#8221;][\/et_pb_divider][et_pb_cta title=&#8221;Contact our architectural firm&#8221; button_url=&#8221;https:\/\/vellomonfortarquitectes.com\/en\/&#8221; button_text=&#8221;Contact&#8221; _builder_version=&#8221;4.18.0&#8243; _module_preset=&#8221;default&#8221; global_colors_info=&#8221;{}&#8221;][\/et_pb_cta][et_pb_divider show_divider=&#8221;off&#8221; _builder_version=&#8221;4.18.0&#8243; _module_preset=&#8221;default&#8221; global_colors_info=&#8221;{}&#8221;][\/et_pb_divider][et_pb_text _builder_version=&#8221;4.18.0&#8243; _module_preset=&#8221;default&#8221; text_orientation=&#8221;justified&#8221; global_colors_info=&#8221;{}&#8221;]<\/p>\n<h2><strong>D\u00e9nia Town Council: Governance meets grace<\/strong><\/h2>\n<p>At the heart of D\u00e9nia is the <strong>Town Hall (Casa Consistorial)<\/strong>, an epitome of neoclassical elegance. Beyond its administrative function, the building serves as a focal point for civic engagement and social gatherings. The recent pedestrianization of the surrounding Plaza de la Constituci\u00f3n has revitalized the area, making it a vibrant space for cultural expression and community interaction, reflecting the dynamic atmosphere of D\u00e9nia.  <\/p>\n<h2><strong>Spiritual refuges: Churches and hermitages in D\u00e9nia<\/strong><\/h2>\n<p>The <strong>churches and hermitages of D\u00e9nia<\/strong> are monuments to the human spirit and spiritual devotion. From the serene Church of Our Lady of the Assumption to the quiet hermitages that dot the landscape, these places of worship are testimonies to faith and community in D\u00e9nia. They are points of interest not only for their religious significance but also for their architectural and cultural value.  <\/p>\n<h2><strong>Augustinian Nuns&#8217; Convent: A Legacy of Faith<\/strong><\/h2>\n<p>The <strong>Augustinian Convent <\/strong>is a monument to tranquility and contemplation. Although not open to the public, its mere presence is a reminder of the city&#8217;s rich monastic tradition and its ongoing commitment to faith and spirituality. <\/p>\n<h2><strong>Historic Districts: Strolling through History<\/strong><\/h2>\n<p>The <strong>neighborhoods of Baix la Mar and Les Roques<\/strong> are time capsules, offering visitors an intimate glimpse of historic life in Denia. These quaint neighborhoods, with their narrow streets and charming houses, are perfect for leisurely strolls where past and present meet. <\/p>\n<h2><strong>D\u00e9nia Museums: Preserving the past<\/strong><\/h2>\n<p><strong>D\u00e9nia&#8217;<\/strong>s <strong>museums<\/strong>, such as the Ethnological Museum and the Toy Museum, are guardians of the city&#8217;s cultural heritage. Housing a variety of historical artifacts and exhibits, these museums enrich the cultural and educational life of D\u00e9nia, providing valuable contexts for its history and traditions. <\/p>\n<p>D\u00e9nia&#8217;s architecture is a mirror of its soul, reflecting the diversity of influences and wealth of stories that make up the city. Each building, from the grandest to the most humble, contributes a piece to the D\u00e9nia mosaic, inviting residents and visitors alike to explore and appreciate the depth of its heritage. For those looking to immerse themselves in history, culture, and architectural beauty, D\u00e9nia awaits with open doors. If you are contemplating an architectural project in this heritage-rich city, contact an expert architect in Denia, <a href=\"https:\/\/vellomonfortarquitectes.com\/en\/architects-denia\/\" target=\"_new\" rel=\"noopener\"><strong>contact an expert architect in D\u00e9nia<\/strong><\/a> to make your vision a reality.   <\/p>\n<p>[\/et_pb_text][\/et_pb_column][\/et_pb_row][et_pb_row _builder_version=&#8221;4.27.4&#8243; _module_preset=&#8221;default&#8221; module_alignment=&#8221;center&#8221; global_colors_info=&#8221;{}&#8221; locked=&#8221;off&#8221;][et_pb_column type=&#8221;4_4&#8243; _builder_version=&#8221;4.27.4&#8243; _module_preset=&#8221;default&#8221; global_colors_info=&#8221;{}&#8221;][et_pb_code _builder_version=&#8221;4.27.4&#8243; _module_preset=&#8221;default&#8221; text_orientation=&#8221;center&#8221; global_colors_info=&#8221;{}&#8221;]<\/p>\n<div class=\"author-box\" style=\"border: 1px solid #e0e0e0; padding: 20px; margin-top: 40px; border-radius: 12px; max-width: 600px; text-align: center; margin-left: auto; margin-right: auto;\"><!-- [et_pb_line_break_holder] -->  <img loading=\"lazy\" decoding=\"async\" src=\"https:\/\/vellomonfortarquitectes.com\/wp-content\/uploads\/2020\/11\/joseantonio.jpg\" alt=\"Jos\u00e9 Antonio Vell\u00f3, chartered architect in Gand\u00eda\" width=\"120\" height=\"120\" style=\"border-radius: 50%; object-fit: cover; margin-bottom: 15px;\"><!-- [et_pb_line_break_holder] -->  <\/p>\n<h3 style=\"margin: 0 0 10px;\">About the author: Jos\u00e9 Antonio Vell\u00f3<\/h3>\n<p><!-- [et_pb_line_break_holder] -->  <pee style=\"margin: 0 0 10px;\"><!-- [et_pb_line_break_holder] --> Architect registered with the <strong>COACV <\/strong>and co-founder of <strong>Vell\u00f3 Monfort Arquitectes<\/strong>. He has over 20 years of experience in the design, renovation and technical management of residential and public projects in the <strong>Valencian Community<\/strong>. <!-- [et_pb_line_break_holder] -->  <\/pee><!-- [et_pb_line_break_holder] -->  <pee style=\"margin: 0 0 10px;\"><!-- [et_pb_line_break_holder] --> Specialist in urban planning regulations, energy efficiency, and comprehensive construction management for individuals, developers, and public entities.<!-- [et_pb_line_break_holder] -->  <\/pee><!-- [et_pb_line_break_holder] -->  <pee style=\"margin: 0 0 10px;\"><!-- [et_pb_line_break_holder] -->    <a href=\"https:\/\/vellomonfortarquitectes.com\/en\/architecture-studio\/\" style=\"color: #005599; text-decoration: underline;\">Learn more about the study<\/a> | <!-- [et_pb_line_break_holder] --> <a href=\"https:\/\/www.linkedin.com\/in\/jos%C3%A9-antonio-vell%C3%B3-ribes-aba23027?originalSubdomain=es\" target=\"_blank\" rel=\"noopener\" style=\"color: #005599; text-decoration: underline;\">LinkedIn profile<\/a><!-- [et_pb_line_break_holder] -->  <\/pee><!-- [et_pb_line_break_holder] --><\/div>\n<p><!-- [et_pb_line_break_holder] -->[\/et_pb_code][\/et_pb_column][\/et_pb_row][\/et_pb_section]<\/p>\n","protected":false},"excerpt":{"rendered":"<p>Nestled between the shimmering Mediterranean Sea and the towering Montg\u00f3 Mountain, D\u00e9nia is a city where history whispers from ancient stones, and modern architecture speaks of a vibrant and evolving community. This coastal town, known for its culinary delights and festive traditions, also boasts a rich architectural tapestry that tells stories of civilizations past and [&hellip;]<\/p>\n","protected":false},"author":5,"featured_media":12662,"comment_status":"closed","ping_status":"open","sticky":false,"template":"","format":"standard","meta":{"_et_pb_use_builder":"on","_et_pb_old_content":"","_et_gb_content_width":"","footnotes":""},"categories":[180,184],"tags":[],"class_list":["post-13480","post","type-post","status-publish","format-standard","has-post-thumbnail","hentry","category-blog-en","category-denia-en"],"yoast_head":"<!-- This site is optimized with the Yoast SEO plugin v27.5 - https:\/\/yoast.com\/product\/yoast-seo-wordpress\/ -->\n<title>Explore the Architecture of D\u00e9nia: History and Modernity<\/title>\n<meta name=\"description\" content=\"Immerse yourself in the architecture of Denia. Discover ancient castles, serene churches and modern museums - a cultural journey awaits you!\" \/>\n<meta name=\"robots\" content=\"index, follow, max-snippet:-1, max-image-preview:large, max-video-preview:-1\" \/>\n<link rel=\"canonical\" href=\"https:\/\/vellomonfortarquitectes.com\/en\/architecture-in-denia-an-expansive-journey-through-its-history-culture-and-modernity\/\" \/>\n<meta property=\"og:locale\" content=\"en_US\" \/>\n<meta property=\"og:type\" content=\"article\" \/>\n<meta property=\"og:title\" content=\"Explore the Architecture of D\u00e9nia: History and Modernity\" \/>\n<meta property=\"og:description\" content=\"Immerse yourself in the architecture of Denia. Discover ancient castles, serene churches and modern museums - a cultural journey awaits you!\" \/>\n<meta property=\"og:url\" content=\"https:\/\/vellomonfortarquitectes.com\/en\/architecture-in-denia-an-expansive-journey-through-its-history-culture-and-modernity\/\" \/>\n<meta property=\"og:site_name\" content=\"Vello Arquitectura\" \/>\n<meta property=\"article:published_time\" content=\"2023-10-23T09:52:39+00:00\" \/>\n<meta property=\"article:modified_time\" content=\"2025-08-22T12:42:19+00:00\" \/>\n<meta property=\"og:image\" content=\"https:\/\/vellomonfortarquitectes.com\/wp-content\/uploads\/2023\/10\/arquitectura-de-denia-un-recorrido-por-su-historia-cultura-y-modernidad.jpg\" \/>\n\t<meta property=\"og:image:width\" content=\"747\" \/>\n\t<meta property=\"og:image:height\" content=\"497\" \/>\n\t<meta property=\"og:image:type\" content=\"image\/jpeg\" \/>\n<meta name=\"author\" content=\"lafabricadelseo\" \/>\n<meta name=\"twitter:card\" content=\"summary_large_image\" \/>\n<meta name=\"twitter:label1\" content=\"Written by\" \/>\n\t<meta name=\"twitter:data1\" content=\"lafabricadelseo\" \/>\n\t<meta name=\"twitter:label2\" content=\"Est. reading time\" \/>\n\t<meta name=\"twitter:data2\" content=\"3 minutes\" \/>\n<script type=\"application\/ld+json\" class=\"yoast-schema-graph\">{\"@context\":\"https:\\\/\\\/schema.org\",\"@graph\":[{\"@type\":\"Article\",\"@id\":\"https:\\\/\\\/vellomonfortarquitectes.com\\\/en\\\/architecture-in-denia-an-expansive-journey-through-its-history-culture-and-modernity\\\/#article\",\"isPartOf\":{\"@id\":\"https:\\\/\\\/vellomonfortarquitectes.com\\\/en\\\/architecture-in-denia-an-expansive-journey-through-its-history-culture-and-modernity\\\/\"},\"author\":{\"name\":\"lafabricadelseo\",\"@id\":\"https:\\\/\\\/vellomonfortarquitectes.com\\\/en\\\/#\\\/schema\\\/person\\\/0cf5fa332e5ca91d37387f50327aca40\"},\"headline\":\"Architecture in Denia: an expansive journey through its history, culture and modernity.\",\"datePublished\":\"2023-10-23T09:52:39+00:00\",\"dateModified\":\"2025-08-22T12:42:19+00:00\",\"mainEntityOfPage\":{\"@id\":\"https:\\\/\\\/vellomonfortarquitectes.com\\\/en\\\/architecture-in-denia-an-expansive-journey-through-its-history-culture-and-modernity\\\/\"},\"wordCount\":865,\"image\":{\"@id\":\"https:\\\/\\\/vellomonfortarquitectes.com\\\/en\\\/architecture-in-denia-an-expansive-journey-through-its-history-culture-and-modernity\\\/#primaryimage\"},\"thumbnailUrl\":\"https:\\\/\\\/vellomonfortarquitectes.com\\\/wp-content\\\/uploads\\\/2023\\\/10\\\/arquitectura-de-denia-un-recorrido-por-su-historia-cultura-y-modernidad.jpg\",\"articleSection\":[\"Blog\",\"Denia\"],\"inLanguage\":\"en-US\"},{\"@type\":\"WebPage\",\"@id\":\"https:\\\/\\\/vellomonfortarquitectes.com\\\/en\\\/architecture-in-denia-an-expansive-journey-through-its-history-culture-and-modernity\\\/\",\"url\":\"https:\\\/\\\/vellomonfortarquitectes.com\\\/en\\\/architecture-in-denia-an-expansive-journey-through-its-history-culture-and-modernity\\\/\",\"name\":\"Explore the Architecture of D\u00e9nia: History and Modernity\",\"isPartOf\":{\"@id\":\"https:\\\/\\\/vellomonfortarquitectes.com\\\/en\\\/#website\"},\"primaryImageOfPage\":{\"@id\":\"https:\\\/\\\/vellomonfortarquitectes.com\\\/en\\\/architecture-in-denia-an-expansive-journey-through-its-history-culture-and-modernity\\\/#primaryimage\"},\"image\":{\"@id\":\"https:\\\/\\\/vellomonfortarquitectes.com\\\/en\\\/architecture-in-denia-an-expansive-journey-through-its-history-culture-and-modernity\\\/#primaryimage\"},\"thumbnailUrl\":\"https:\\\/\\\/vellomonfortarquitectes.com\\\/wp-content\\\/uploads\\\/2023\\\/10\\\/arquitectura-de-denia-un-recorrido-por-su-historia-cultura-y-modernidad.jpg\",\"datePublished\":\"2023-10-23T09:52:39+00:00\",\"dateModified\":\"2025-08-22T12:42:19+00:00\",\"author\":{\"@id\":\"https:\\\/\\\/vellomonfortarquitectes.com\\\/en\\\/#\\\/schema\\\/person\\\/0cf5fa332e5ca91d37387f50327aca40\"},\"description\":\"Immerse yourself in the architecture of Denia. Discover ancient castles, serene churches and modern museums - a cultural journey awaits you!\",\"breadcrumb\":{\"@id\":\"https:\\\/\\\/vellomonfortarquitectes.com\\\/en\\\/architecture-in-denia-an-expansive-journey-through-its-history-culture-and-modernity\\\/#breadcrumb\"},\"inLanguage\":\"en-US\",\"potentialAction\":[{\"@type\":\"ReadAction\",\"target\":[\"https:\\\/\\\/vellomonfortarquitectes.com\\\/en\\\/architecture-in-denia-an-expansive-journey-through-its-history-culture-and-modernity\\\/\"]}]},{\"@type\":\"ImageObject\",\"inLanguage\":\"en-US\",\"@id\":\"https:\\\/\\\/vellomonfortarquitectes.com\\\/en\\\/architecture-in-denia-an-expansive-journey-through-its-history-culture-and-modernity\\\/#primaryimage\",\"url\":\"https:\\\/\\\/vellomonfortarquitectes.com\\\/wp-content\\\/uploads\\\/2023\\\/10\\\/arquitectura-de-denia-un-recorrido-por-su-historia-cultura-y-modernidad.jpg\",\"contentUrl\":\"https:\\\/\\\/vellomonfortarquitectes.com\\\/wp-content\\\/uploads\\\/2023\\\/10\\\/arquitectura-de-denia-un-recorrido-por-su-historia-cultura-y-modernidad.jpg\",\"width\":747,\"height\":497},{\"@type\":\"BreadcrumbList\",\"@id\":\"https:\\\/\\\/vellomonfortarquitectes.com\\\/en\\\/architecture-in-denia-an-expansive-journey-through-its-history-culture-and-modernity\\\/#breadcrumb\",\"itemListElement\":[{\"@type\":\"ListItem\",\"position\":1,\"name\":\"Portada\",\"item\":\"https:\\\/\\\/vellomonfortarquitectes.com\\\/en\\\/\"},{\"@type\":\"ListItem\",\"position\":2,\"name\":\"Architecture in Denia: an expansive journey through its history, culture and modernity.\"}]},{\"@type\":\"WebSite\",\"@id\":\"https:\\\/\\\/vellomonfortarquitectes.com\\\/en\\\/#website\",\"url\":\"https:\\\/\\\/vellomonfortarquitectes.com\\\/en\\\/\",\"name\":\"Vello Arquitectura\",\"description\":\"\",\"potentialAction\":[{\"@type\":\"SearchAction\",\"target\":{\"@type\":\"EntryPoint\",\"urlTemplate\":\"https:\\\/\\\/vellomonfortarquitectes.com\\\/en\\\/?s={search_term_string}\"},\"query-input\":{\"@type\":\"PropertyValueSpecification\",\"valueRequired\":true,\"valueName\":\"search_term_string\"}}],\"inLanguage\":\"en-US\"},{\"@type\":\"Person\",\"@id\":\"https:\\\/\\\/vellomonfortarquitectes.com\\\/en\\\/#\\\/schema\\\/person\\\/0cf5fa332e5ca91d37387f50327aca40\",\"name\":\"lafabricadelseo\",\"image\":{\"@type\":\"ImageObject\",\"inLanguage\":\"en-US\",\"@id\":\"https:\\\/\\\/secure.gravatar.com\\\/avatar\\\/a00b480fd278f47b8d479384a393728bed1433f6a331895d10f67aa59337cbfc?s=96&d=mm&r=g\",\"url\":\"https:\\\/\\\/secure.gravatar.com\\\/avatar\\\/a00b480fd278f47b8d479384a393728bed1433f6a331895d10f67aa59337cbfc?s=96&d=mm&r=g\",\"contentUrl\":\"https:\\\/\\\/secure.gravatar.com\\\/avatar\\\/a00b480fd278f47b8d479384a393728bed1433f6a331895d10f67aa59337cbfc?s=96&d=mm&r=g\",\"caption\":\"lafabricadelseo\"}}]}<\/script>\n<!-- \/ Yoast SEO plugin. -->","yoast_head_json":{"title":"Explore the Architecture of D\u00e9nia: History and Modernity","description":"Immerse yourself in the architecture of Denia. Discover ancient castles, serene churches and modern museums - a cultural journey awaits you!","robots":{"index":"index","follow":"follow","max-snippet":"max-snippet:-1","max-image-preview":"max-image-preview:large","max-video-preview":"max-video-preview:-1"},"canonical":"https:\/\/vellomonfortarquitectes.com\/en\/architecture-in-denia-an-expansive-journey-through-its-history-culture-and-modernity\/","og_locale":"en_US","og_type":"article","og_title":"Explore the Architecture of D\u00e9nia: History and Modernity","og_description":"Immerse yourself in the architecture of Denia. Discover ancient castles, serene churches and modern museums - a cultural journey awaits you!","og_url":"https:\/\/vellomonfortarquitectes.com\/en\/architecture-in-denia-an-expansive-journey-through-its-history-culture-and-modernity\/","og_site_name":"Vello Arquitectura","article_published_time":"2023-10-23T09:52:39+00:00","article_modified_time":"2025-08-22T12:42:19+00:00","og_image":[{"width":747,"height":497,"url":"https:\/\/vellomonfortarquitectes.com\/wp-content\/uploads\/2023\/10\/arquitectura-de-denia-un-recorrido-por-su-historia-cultura-y-modernidad.jpg","type":"image\/jpeg"}],"author":"lafabricadelseo","twitter_card":"summary_large_image","twitter_misc":{"Written by":"lafabricadelseo","Est. reading time":"3 minutes"},"schema":{"@context":"https:\/\/schema.org","@graph":[{"@type":"Article","@id":"https:\/\/vellomonfortarquitectes.com\/en\/architecture-in-denia-an-expansive-journey-through-its-history-culture-and-modernity\/#article","isPartOf":{"@id":"https:\/\/vellomonfortarquitectes.com\/en\/architecture-in-denia-an-expansive-journey-through-its-history-culture-and-modernity\/"},"author":{"name":"lafabricadelseo","@id":"https:\/\/vellomonfortarquitectes.com\/en\/#\/schema\/person\/0cf5fa332e5ca91d37387f50327aca40"},"headline":"Architecture in Denia: an expansive journey through its history, culture and modernity.","datePublished":"2023-10-23T09:52:39+00:00","dateModified":"2025-08-22T12:42:19+00:00","mainEntityOfPage":{"@id":"https:\/\/vellomonfortarquitectes.com\/en\/architecture-in-denia-an-expansive-journey-through-its-history-culture-and-modernity\/"},"wordCount":865,"image":{"@id":"https:\/\/vellomonfortarquitectes.com\/en\/architecture-in-denia-an-expansive-journey-through-its-history-culture-and-modernity\/#primaryimage"},"thumbnailUrl":"https:\/\/vellomonfortarquitectes.com\/wp-content\/uploads\/2023\/10\/arquitectura-de-denia-un-recorrido-por-su-historia-cultura-y-modernidad.jpg","articleSection":["Blog","Denia"],"inLanguage":"en-US"},{"@type":"WebPage","@id":"https:\/\/vellomonfortarquitectes.com\/en\/architecture-in-denia-an-expansive-journey-through-its-history-culture-and-modernity\/","url":"https:\/\/vellomonfortarquitectes.com\/en\/architecture-in-denia-an-expansive-journey-through-its-history-culture-and-modernity\/","name":"Explore the Architecture of D\u00e9nia: History and Modernity","isPartOf":{"@id":"https:\/\/vellomonfortarquitectes.com\/en\/#website"},"primaryImageOfPage":{"@id":"https:\/\/vellomonfortarquitectes.com\/en\/architecture-in-denia-an-expansive-journey-through-its-history-culture-and-modernity\/#primaryimage"},"image":{"@id":"https:\/\/vellomonfortarquitectes.com\/en\/architecture-in-denia-an-expansive-journey-through-its-history-culture-and-modernity\/#primaryimage"},"thumbnailUrl":"https:\/\/vellomonfortarquitectes.com\/wp-content\/uploads\/2023\/10\/arquitectura-de-denia-un-recorrido-por-su-historia-cultura-y-modernidad.jpg","datePublished":"2023-10-23T09:52:39+00:00","dateModified":"2025-08-22T12:42:19+00:00","author":{"@id":"https:\/\/vellomonfortarquitectes.com\/en\/#\/schema\/person\/0cf5fa332e5ca91d37387f50327aca40"},"description":"Immerse yourself in the architecture of Denia. Discover ancient castles, serene churches and modern museums - a cultural journey awaits you!","breadcrumb":{"@id":"https:\/\/vellomonfortarquitectes.com\/en\/architecture-in-denia-an-expansive-journey-through-its-history-culture-and-modernity\/#breadcrumb"},"inLanguage":"en-US","potentialAction":[{"@type":"ReadAction","target":["https:\/\/vellomonfortarquitectes.com\/en\/architecture-in-denia-an-expansive-journey-through-its-history-culture-and-modernity\/"]}]},{"@type":"ImageObject","inLanguage":"en-US","@id":"https:\/\/vellomonfortarquitectes.com\/en\/architecture-in-denia-an-expansive-journey-through-its-history-culture-and-modernity\/#primaryimage","url":"https:\/\/vellomonfortarquitectes.com\/wp-content\/uploads\/2023\/10\/arquitectura-de-denia-un-recorrido-por-su-historia-cultura-y-modernidad.jpg","contentUrl":"https:\/\/vellomonfortarquitectes.com\/wp-content\/uploads\/2023\/10\/arquitectura-de-denia-un-recorrido-por-su-historia-cultura-y-modernidad.jpg","width":747,"height":497},{"@type":"BreadcrumbList","@id":"https:\/\/vellomonfortarquitectes.com\/en\/architecture-in-denia-an-expansive-journey-through-its-history-culture-and-modernity\/#breadcrumb","itemListElement":[{"@type":"ListItem","position":1,"name":"Portada","item":"https:\/\/vellomonfortarquitectes.com\/en\/"},{"@type":"ListItem","position":2,"name":"Architecture in Denia: an expansive journey through its history, culture and modernity."}]},{"@type":"WebSite","@id":"https:\/\/vellomonfortarquitectes.com\/en\/#website","url":"https:\/\/vellomonfortarquitectes.com\/en\/","name":"Vello Arquitectura","description":"","potentialAction":[{"@type":"SearchAction","target":{"@type":"EntryPoint","urlTemplate":"https:\/\/vellomonfortarquitectes.com\/en\/?s={search_term_string}"},"query-input":{"@type":"PropertyValueSpecification","valueRequired":true,"valueName":"search_term_string"}}],"inLanguage":"en-US"},{"@type":"Person","@id":"https:\/\/vellomonfortarquitectes.com\/en\/#\/schema\/person\/0cf5fa332e5ca91d37387f50327aca40","name":"lafabricadelseo","image":{"@type":"ImageObject","inLanguage":"en-US","@id":"https:\/\/secure.gravatar.com\/avatar\/a00b480fd278f47b8d479384a393728bed1433f6a331895d10f67aa59337cbfc?s=96&d=mm&r=g","url":"https:\/\/secure.gravatar.com\/avatar\/a00b480fd278f47b8d479384a393728bed1433f6a331895d10f67aa59337cbfc?s=96&d=mm&r=g","contentUrl":"https:\/\/secure.gravatar.com\/avatar\/a00b480fd278f47b8d479384a393728bed1433f6a331895d10f67aa59337cbfc?s=96&d=mm&r=g","caption":"lafabricadelseo"}}]}},"_links":{"self":[{"href":"https:\/\/vellomonfortarquitectes.com\/en\/wp-json\/wp\/v2\/posts\/13480","targetHints":{"allow":["GET"]}}],"collection":[{"href":"https:\/\/vellomonfortarquitectes.com\/en\/wp-json\/wp\/v2\/posts"}],"about":[{"href":"https:\/\/vellomonfortarquitectes.com\/en\/wp-json\/wp\/v2\/types\/post"}],"author":[{"embeddable":true,"href":"https:\/\/vellomonfortarquitectes.com\/en\/wp-json\/wp\/v2\/users\/5"}],"replies":[{"embeddable":true,"href":"https:\/\/vellomonfortarquitectes.com\/en\/wp-json\/wp\/v2\/comments?post=13480"}],"version-history":[{"count":4,"href":"https:\/\/vellomonfortarquitectes.com\/en\/wp-json\/wp\/v2\/posts\/13480\/revisions"}],"predecessor-version":[{"id":15676,"href":"https:\/\/vellomonfortarquitectes.com\/en\/wp-json\/wp\/v2\/posts\/13480\/revisions\/15676"}],"wp:featuredmedia":[{"embeddable":true,"href":"https:\/\/vellomonfortarquitectes.com\/en\/wp-json\/wp\/v2\/media\/12662"}],"wp:attachment":[{"href":"https:\/\/vellomonfortarquitectes.com\/en\/wp-json\/wp\/v2\/media?parent=13480"}],"wp:term":[{"taxonomy":"category","embeddable":true,"href":"https:\/\/vellomonfortarquitectes.com\/en\/wp-json\/wp\/v2\/categories?post=13480"},{"taxonomy":"post_tag","embeddable":true,"href":"https:\/\/vellomonfortarquitectes.com\/en\/wp-json\/wp\/v2\/tags?post=13480"}],"curies":[{"name":"wp","href":"https:\/\/api.w.org\/{rel}","templated":true}]}}