{"id":13513,"date":"2024-01-12T08:16:12","date_gmt":"2024-01-12T08:16:12","guid":{"rendered":"https:\/\/vellomonfortarquitectes.com\/what-is-an-integral-reform\/"},"modified":"2025-08-22T12:39:31","modified_gmt":"2025-08-22T12:39:31","slug":"what-is-an-integral-reform","status":"publish","type":"post","link":"https:\/\/vellomonfortarquitectes.com\/en\/what-is-an-integral-reform\/","title":{"rendered":"What is an integral reform?"},"content":{"rendered":"<p>[et_pb_section fb_built=&#8221;1&#8243; _builder_version=&#8221;4.16&#8243; global_colors_info=&#8221;{}&#8221;][et_pb_row _builder_version=&#8221;4.16&#8243; background_size=&#8221;initial&#8221; background_position=&#8221;top_left&#8221; background_repeat=&#8221;repeat&#8221; global_colors_info=&#8221;{}&#8221;][et_pb_column type=&#8221;4_4&#8243; _builder_version=&#8221;4.16&#8243; custom_padding=&#8221;|||&#8221; global_colors_info=&#8221;{}&#8221; custom_padding__hover=&#8221;|||&#8221;][et_pb_text _builder_version=&#8221;4.18.0&#8243; background_size=&#8221;initial&#8221; background_position=&#8221;top_left&#8221; background_repeat=&#8221;repeat&#8221; text_orientation=&#8221;justified&#8221; global_colors_info=&#8221;{}&#8221;]<\/p>\n<p>When we talk about <a href=\"https:\/\/vellomonfortarquitectes.com\/en\/reform-projects\/complete-renovation\/\" title=\"integral reform\"><strong>integral reform<\/strong><\/a>we refer to a process of complete transformation of a property, whether residential or commercial. This is not a simple superficial renovation; it is a profound restructuring that involves significant changes in the distribution, design and functionality of the space. Complete renovations can range from the modernization of old facilities to the total reconfiguration of spaces to adapt them to new needs or aesthetic preferences. This type of project represents a unique opportunity to reinvent a place, giving it not only a new look, but also improving its efficiency and functionality.   <\/p>\n<h2>Why choose an Integral Reform?<\/h2>\n<h3>Improve functionality and aesthetics<\/h3>\n<p>Opting for an integral reform is a decision that brings multiple benefits. Primarily, it allows for a substantial improvement in both the functionality and aesthetics of the property. It can involve the reconfiguration of space distribution, the elimination of architectural barriers, the incorporation of modern technology, and the complete redesign of the interior and, in some cases, the exterior. This transformation not only makes spaces more pleasant and useful for their occupants, but also reflects an evolution in their tastes and needs over time.   <\/p>\n<p>[\/et_pb_text][et_pb_divider show_divider=&#8221;off&#8221; _builder_version=&#8221;4.18.0&#8243; _module_preset=&#8221;default&#8221; global_colors_info=&#8221;{}&#8221;][\/et_pb_divider][et_pb_cta title=&#8221;Contact our architectural firm&#8221; button_url=&#8221;https:\/\/vellomonfortarquitectes.com\/en\/&#8221; button_text=&#8221;Contact&#8221; _builder_version=&#8221;4.18.0&#8243; _module_preset=&#8221;default&#8221; global_colors_info=&#8221;{}&#8221;][\/et_pb_cta][et_pb_divider show_divider=&#8221;off&#8221; _builder_version=&#8221;4.18.0&#8243; _module_preset=&#8221;default&#8221; global_colors_info=&#8221;{}&#8221;][\/et_pb_divider][et_pb_text _builder_version=&#8221;4.18.0&#8243; _module_preset=&#8221;default&#8221; text_orientation=&#8221;justified&#8221; global_colors_info=&#8221;{}&#8221;]<\/p>\n<h3>Increase the value of the property<\/h3>\n<p>One of the most compelling reasons to undertake a comprehensive renovation is the potential increase in property values. According to a study by the Joint Center for Housing Studies at Harvard University, homeowner home improvements and repairs are expected to see modestly higher annual growth in 2021 compared to the previous year. This increase reflects not only a growing demand in the market, but also a recognition of the added value such improvements can offer.  <\/p>\n<p>By updating and modernizing spaces, the market attractiveness of the property is raised. This is particularly relevant in the real estate market, where well-maintained and modernized properties are often in higher demand and can command higher prices. In addition, a well-executed <strong>comprehensive refurbishment<\/strong> can make the property stand out from others in the same area, providing a significant competitive advantage when selling or renting. More details about this study and its findings can be found on the website of the <strong><a target=\"_new\" href=\"https:\/\/www.jchs.harvard.edu\/press-releases\/home-remodeling-set-stronger-growth-2021\" rel=\"noopener\">Joint Center for Housing Studies at Harvard University<\/a><\/strong>.   <\/p>\n<h3>Improving energy efficiency<\/h3>\n<p>Energy efficiency is an increasingly important aspect of modern architecture. A comprehensive renovation offers the perfect opportunity to incorporate energy-saving solutions such as thermal insulation, double-glazed windows, more efficient heating and cooling systems and the use of renewable energy. These improvements are not only beneficial to the environment, but also reduce long-term operating costs, representing significant savings for homeowners.  <\/p>\n<h2>Key aspects of a comprehensive reform<\/h2>\n<h3>Planning and design<\/h3>\n<p>Planning and design are crucial steps in the process of a comprehensive renovation. These steps determine not only the final appearance of the property, but also its functionality and efficiency. During the planning phase, it is essential to set clear and realistic goals. This includes defining the scope of the project, selecting materials and finishes, and considering aspects such as natural lighting, ventilation and space distribution. A well-thought-out design can maximize the potential of the space, improve the quality of life for its occupants and ensure that the renovation complies with all building regulations and standards.    <\/p>\n<h3>Choice of professional team<\/h3>\n<p>Selecting a qualified professional team is another critical aspect of a comprehensive renovation. This team should include experienced architects, engineers, interior designers and builders. The quality of the work performed by these professionals can have a significant impact on the final outcome of the project. It is essential to choose people who not only have the necessary skills and experience, but also understand and share the vision of the project. Good communication and collaboration among all involved is key to ensuring that the renovation is carried out efficiently and successfully.    <\/p>\n<h3>Budget and time<\/h3>\n<p>Effective budget and time management is essential in any comprehensive renovation. Establishing and adhering to a realistic budget helps avoid unexpected costs and ensures that all project needs can be met without compromising quality. Also, developing a detailed and realistic schedule for the execution of the work is crucial. This not only helps to minimize disruptions to the daily lives of those occupying the property, but also ensures that the project is completed within a reasonable time frame.   <\/p>\n<p>[\/et_pb_text][\/et_pb_column][\/et_pb_row][et_pb_row _builder_version=&#8221;4.27.4&#8243; _module_preset=&#8221;default&#8221; module_alignment=&#8221;center&#8221; global_colors_info=&#8221;{}&#8221; locked=&#8221;off&#8221;][et_pb_column type=&#8221;4_4&#8243; _builder_version=&#8221;4.27.4&#8243; _module_preset=&#8221;default&#8221; global_colors_info=&#8221;{}&#8221;][et_pb_code _builder_version=&#8221;4.27.4&#8243; _module_preset=&#8221;default&#8221; text_orientation=&#8221;center&#8221; global_colors_info=&#8221;{}&#8221;]<\/p>\n<div class=\"author-box\" style=\"border: 1px solid #e0e0e0; padding: 20px; margin-top: 40px; border-radius: 12px; max-width: 600px; text-align: center; margin-left: auto; margin-right: auto;\"><!-- [et_pb_line_break_holder] -->  <img loading=\"lazy\" decoding=\"async\" src=\"https:\/\/vellomonfortarquitectes.com\/wp-content\/uploads\/2020\/11\/joseantonio.jpg\" alt=\"Jos\u00e9 Antonio Vell\u00f3, chartered architect in Gand\u00eda\" width=\"120\" height=\"120\" style=\"border-radius: 50%; object-fit: cover; margin-bottom: 15px;\"><!-- [et_pb_line_break_holder] -->  <\/p>\n<h3 style=\"margin: 0 0 10px;\">About the author: Jos\u00e9 Antonio Vell\u00f3<\/h3>\n<p><!-- [et_pb_line_break_holder] -->  <pee style=\"margin: 0 0 10px;\"><!-- [et_pb_line_break_holder] --> Architect registered with the <strong>COACV <\/strong>and co-founder of <strong>Vell\u00f3 Monfort Arquitectes<\/strong>. He has over 20 years of experience in the design, renovation and technical management of residential and public projects in the <strong>Valencian Community<\/strong>. <!-- [et_pb_line_break_holder] -->  <\/pee><!-- [et_pb_line_break_holder] -->  <pee style=\"margin: 0 0 10px;\"><!-- [et_pb_line_break_holder] --> Specialist in urban planning regulations, energy efficiency, and comprehensive construction management for individuals, developers, and public entities.<!-- [et_pb_line_break_holder] -->  <\/pee><!-- [et_pb_line_break_holder] -->  <pee style=\"margin: 0 0 10px;\"><!-- [et_pb_line_break_holder] -->    <a href=\"https:\/\/vellomonfortarquitectes.com\/en\/architecture-studio\/\" style=\"color: #005599; text-decoration: underline;\">Learn more about the study<\/a> | <!-- [et_pb_line_break_holder] --> <a href=\"https:\/\/www.linkedin.com\/in\/jos%C3%A9-antonio-vell%C3%B3-ribes-aba23027?originalSubdomain=es\" target=\"_blank\" rel=\"noopener\" style=\"color: #005599; text-decoration: underline;\">LinkedIn profile<\/a><!-- [et_pb_line_break_holder] -->  <\/pee><!-- [et_pb_line_break_holder] --><\/div>\n<p><!-- [et_pb_line_break_holder] -->[\/et_pb_code][\/et_pb_column][\/et_pb_row][\/et_pb_section]<\/p>\n","protected":false},"excerpt":{"rendered":"<p>When we talk about integral reformwe refer to a process of complete transformation of a property, whether residential or commercial. This is not a simple superficial renovation; it is a profound restructuring that involves significant changes in the distribution, design and functionality of the space. Complete renovations can range from the modernization of old facilities [&hellip;]<\/p>\n","protected":false},"author":5,"featured_media":12763,"comment_status":"closed","ping_status":"open","sticky":false,"template":"","format":"standard","meta":{"_et_pb_use_builder":"on","_et_pb_old_content":"","_et_gb_content_width":"","footnotes":""},"categories":[180],"tags":[],"class_list":["post-13513","post","type-post","status-publish","format-standard","has-post-thumbnail","hentry","category-blog-en"],"yoast_head":"<!-- This site is optimized with the Yoast SEO plugin v27.5 - https:\/\/yoast.com\/product\/yoast-seo-wordpress\/ -->\n<title>What is an integral reform? - Vell\u00f3 Monfort Arquitectes<\/title>\n<meta name=\"description\" content=\"Discover how a complete renovation improves the functionality, aesthetics and value of your property, with expert insights and relevant studies.\" \/>\n<meta name=\"robots\" content=\"index, follow, max-snippet:-1, max-image-preview:large, max-video-preview:-1\" \/>\n<link rel=\"canonical\" href=\"https:\/\/vellomonfortarquitectes.com\/en\/what-is-an-integral-reform\/\" \/>\n<meta property=\"og:locale\" content=\"en_US\" \/>\n<meta property=\"og:type\" content=\"article\" \/>\n<meta property=\"og:title\" content=\"What is an integral reform? - Vell\u00f3 Monfort Arquitectes\" \/>\n<meta property=\"og:description\" content=\"Discover how a complete renovation improves the functionality, aesthetics and value of your property, with expert insights and relevant studies.\" \/>\n<meta property=\"og:url\" content=\"https:\/\/vellomonfortarquitectes.com\/en\/what-is-an-integral-reform\/\" \/>\n<meta property=\"og:site_name\" content=\"Vello Arquitectura\" \/>\n<meta property=\"article:published_time\" content=\"2024-01-12T08:16:12+00:00\" \/>\n<meta property=\"article:modified_time\" content=\"2025-08-22T12:39:31+00:00\" \/>\n<meta property=\"og:image\" content=\"https:\/\/vellomonfortarquitectes.com\/wp-content\/uploads\/2024\/01\/que-es-una-reforma-integral-1.png\" \/>\n\t<meta property=\"og:image:width\" content=\"747\" \/>\n\t<meta property=\"og:image:height\" content=\"497\" \/>\n\t<meta property=\"og:image:type\" content=\"image\/png\" \/>\n<meta name=\"author\" content=\"lafabricadelseo\" \/>\n<meta name=\"twitter:card\" content=\"summary_large_image\" \/>\n<meta name=\"twitter:label1\" content=\"Written by\" \/>\n\t<meta name=\"twitter:data1\" content=\"lafabricadelseo\" \/>\n\t<meta name=\"twitter:label2\" content=\"Est. reading time\" \/>\n\t<meta name=\"twitter:data2\" content=\"4 minutes\" \/>\n<script type=\"application\/ld+json\" class=\"yoast-schema-graph\">{\"@context\":\"https:\\\/\\\/schema.org\",\"@graph\":[{\"@type\":\"Article\",\"@id\":\"https:\\\/\\\/vellomonfortarquitectes.com\\\/en\\\/what-is-an-integral-reform\\\/#article\",\"isPartOf\":{\"@id\":\"https:\\\/\\\/vellomonfortarquitectes.com\\\/en\\\/what-is-an-integral-reform\\\/\"},\"author\":{\"name\":\"lafabricadelseo\",\"@id\":\"https:\\\/\\\/vellomonfortarquitectes.com\\\/en\\\/#\\\/schema\\\/person\\\/0cf5fa332e5ca91d37387f50327aca40\"},\"headline\":\"What is an integral reform?\",\"datePublished\":\"2024-01-12T08:16:12+00:00\",\"dateModified\":\"2025-08-22T12:39:31+00:00\",\"mainEntityOfPage\":{\"@id\":\"https:\\\/\\\/vellomonfortarquitectes.com\\\/en\\\/what-is-an-integral-reform\\\/\"},\"wordCount\":973,\"image\":{\"@id\":\"https:\\\/\\\/vellomonfortarquitectes.com\\\/en\\\/what-is-an-integral-reform\\\/#primaryimage\"},\"thumbnailUrl\":\"https:\\\/\\\/vellomonfortarquitectes.com\\\/wp-content\\\/uploads\\\/2024\\\/01\\\/que-es-una-reforma-integral-1.png\",\"articleSection\":[\"Blog\"],\"inLanguage\":\"en-US\"},{\"@type\":\"WebPage\",\"@id\":\"https:\\\/\\\/vellomonfortarquitectes.com\\\/en\\\/what-is-an-integral-reform\\\/\",\"url\":\"https:\\\/\\\/vellomonfortarquitectes.com\\\/en\\\/what-is-an-integral-reform\\\/\",\"name\":\"What is an integral reform? - Vell\u00f3 Monfort Arquitectes\",\"isPartOf\":{\"@id\":\"https:\\\/\\\/vellomonfortarquitectes.com\\\/en\\\/#website\"},\"primaryImageOfPage\":{\"@id\":\"https:\\\/\\\/vellomonfortarquitectes.com\\\/en\\\/what-is-an-integral-reform\\\/#primaryimage\"},\"image\":{\"@id\":\"https:\\\/\\\/vellomonfortarquitectes.com\\\/en\\\/what-is-an-integral-reform\\\/#primaryimage\"},\"thumbnailUrl\":\"https:\\\/\\\/vellomonfortarquitectes.com\\\/wp-content\\\/uploads\\\/2024\\\/01\\\/que-es-una-reforma-integral-1.png\",\"datePublished\":\"2024-01-12T08:16:12+00:00\",\"dateModified\":\"2025-08-22T12:39:31+00:00\",\"author\":{\"@id\":\"https:\\\/\\\/vellomonfortarquitectes.com\\\/en\\\/#\\\/schema\\\/person\\\/0cf5fa332e5ca91d37387f50327aca40\"},\"description\":\"Discover how a complete renovation improves the functionality, aesthetics and value of your property, with expert insights and relevant studies.\",\"breadcrumb\":{\"@id\":\"https:\\\/\\\/vellomonfortarquitectes.com\\\/en\\\/what-is-an-integral-reform\\\/#breadcrumb\"},\"inLanguage\":\"en-US\",\"potentialAction\":[{\"@type\":\"ReadAction\",\"target\":[\"https:\\\/\\\/vellomonfortarquitectes.com\\\/en\\\/what-is-an-integral-reform\\\/\"]}]},{\"@type\":\"ImageObject\",\"inLanguage\":\"en-US\",\"@id\":\"https:\\\/\\\/vellomonfortarquitectes.com\\\/en\\\/what-is-an-integral-reform\\\/#primaryimage\",\"url\":\"https:\\\/\\\/vellomonfortarquitectes.com\\\/wp-content\\\/uploads\\\/2024\\\/01\\\/que-es-una-reforma-integral-1.png\",\"contentUrl\":\"https:\\\/\\\/vellomonfortarquitectes.com\\\/wp-content\\\/uploads\\\/2024\\\/01\\\/que-es-una-reforma-integral-1.png\",\"width\":747,\"height\":497},{\"@type\":\"BreadcrumbList\",\"@id\":\"https:\\\/\\\/vellomonfortarquitectes.com\\\/en\\\/what-is-an-integral-reform\\\/#breadcrumb\",\"itemListElement\":[{\"@type\":\"ListItem\",\"position\":1,\"name\":\"Portada\",\"item\":\"https:\\\/\\\/vellomonfortarquitectes.com\\\/en\\\/\"},{\"@type\":\"ListItem\",\"position\":2,\"name\":\"What is an integral reform?\"}]},{\"@type\":\"WebSite\",\"@id\":\"https:\\\/\\\/vellomonfortarquitectes.com\\\/en\\\/#website\",\"url\":\"https:\\\/\\\/vellomonfortarquitectes.com\\\/en\\\/\",\"name\":\"Vello Arquitectura\",\"description\":\"\",\"potentialAction\":[{\"@type\":\"SearchAction\",\"target\":{\"@type\":\"EntryPoint\",\"urlTemplate\":\"https:\\\/\\\/vellomonfortarquitectes.com\\\/en\\\/?s={search_term_string}\"},\"query-input\":{\"@type\":\"PropertyValueSpecification\",\"valueRequired\":true,\"valueName\":\"search_term_string\"}}],\"inLanguage\":\"en-US\"},{\"@type\":\"Person\",\"@id\":\"https:\\\/\\\/vellomonfortarquitectes.com\\\/en\\\/#\\\/schema\\\/person\\\/0cf5fa332e5ca91d37387f50327aca40\",\"name\":\"lafabricadelseo\",\"image\":{\"@type\":\"ImageObject\",\"inLanguage\":\"en-US\",\"@id\":\"https:\\\/\\\/secure.gravatar.com\\\/avatar\\\/a00b480fd278f47b8d479384a393728bed1433f6a331895d10f67aa59337cbfc?s=96&d=mm&r=g\",\"url\":\"https:\\\/\\\/secure.gravatar.com\\\/avatar\\\/a00b480fd278f47b8d479384a393728bed1433f6a331895d10f67aa59337cbfc?s=96&d=mm&r=g\",\"contentUrl\":\"https:\\\/\\\/secure.gravatar.com\\\/avatar\\\/a00b480fd278f47b8d479384a393728bed1433f6a331895d10f67aa59337cbfc?s=96&d=mm&r=g\",\"caption\":\"lafabricadelseo\"}}]}<\/script>\n<!-- \/ Yoast SEO plugin. -->","yoast_head_json":{"title":"What is an integral reform? - Vell\u00f3 Monfort Arquitectes","description":"Discover how a complete renovation improves the functionality, aesthetics and value of your property, with expert insights and relevant studies.","robots":{"index":"index","follow":"follow","max-snippet":"max-snippet:-1","max-image-preview":"max-image-preview:large","max-video-preview":"max-video-preview:-1"},"canonical":"https:\/\/vellomonfortarquitectes.com\/en\/what-is-an-integral-reform\/","og_locale":"en_US","og_type":"article","og_title":"What is an integral reform? - Vell\u00f3 Monfort Arquitectes","og_description":"Discover how a complete renovation improves the functionality, aesthetics and value of your property, with expert insights and relevant studies.","og_url":"https:\/\/vellomonfortarquitectes.com\/en\/what-is-an-integral-reform\/","og_site_name":"Vello Arquitectura","article_published_time":"2024-01-12T08:16:12+00:00","article_modified_time":"2025-08-22T12:39:31+00:00","og_image":[{"width":747,"height":497,"url":"https:\/\/vellomonfortarquitectes.com\/wp-content\/uploads\/2024\/01\/que-es-una-reforma-integral-1.png","type":"image\/png"}],"author":"lafabricadelseo","twitter_card":"summary_large_image","twitter_misc":{"Written by":"lafabricadelseo","Est. reading time":"4 minutes"},"schema":{"@context":"https:\/\/schema.org","@graph":[{"@type":"Article","@id":"https:\/\/vellomonfortarquitectes.com\/en\/what-is-an-integral-reform\/#article","isPartOf":{"@id":"https:\/\/vellomonfortarquitectes.com\/en\/what-is-an-integral-reform\/"},"author":{"name":"lafabricadelseo","@id":"https:\/\/vellomonfortarquitectes.com\/en\/#\/schema\/person\/0cf5fa332e5ca91d37387f50327aca40"},"headline":"What is an integral reform?","datePublished":"2024-01-12T08:16:12+00:00","dateModified":"2025-08-22T12:39:31+00:00","mainEntityOfPage":{"@id":"https:\/\/vellomonfortarquitectes.com\/en\/what-is-an-integral-reform\/"},"wordCount":973,"image":{"@id":"https:\/\/vellomonfortarquitectes.com\/en\/what-is-an-integral-reform\/#primaryimage"},"thumbnailUrl":"https:\/\/vellomonfortarquitectes.com\/wp-content\/uploads\/2024\/01\/que-es-una-reforma-integral-1.png","articleSection":["Blog"],"inLanguage":"en-US"},{"@type":"WebPage","@id":"https:\/\/vellomonfortarquitectes.com\/en\/what-is-an-integral-reform\/","url":"https:\/\/vellomonfortarquitectes.com\/en\/what-is-an-integral-reform\/","name":"What is an integral reform? - Vell\u00f3 Monfort Arquitectes","isPartOf":{"@id":"https:\/\/vellomonfortarquitectes.com\/en\/#website"},"primaryImageOfPage":{"@id":"https:\/\/vellomonfortarquitectes.com\/en\/what-is-an-integral-reform\/#primaryimage"},"image":{"@id":"https:\/\/vellomonfortarquitectes.com\/en\/what-is-an-integral-reform\/#primaryimage"},"thumbnailUrl":"https:\/\/vellomonfortarquitectes.com\/wp-content\/uploads\/2024\/01\/que-es-una-reforma-integral-1.png","datePublished":"2024-01-12T08:16:12+00:00","dateModified":"2025-08-22T12:39:31+00:00","author":{"@id":"https:\/\/vellomonfortarquitectes.com\/en\/#\/schema\/person\/0cf5fa332e5ca91d37387f50327aca40"},"description":"Discover how a complete renovation improves the functionality, aesthetics and value of your property, with expert insights and relevant studies.","breadcrumb":{"@id":"https:\/\/vellomonfortarquitectes.com\/en\/what-is-an-integral-reform\/#breadcrumb"},"inLanguage":"en-US","potentialAction":[{"@type":"ReadAction","target":["https:\/\/vellomonfortarquitectes.com\/en\/what-is-an-integral-reform\/"]}]},{"@type":"ImageObject","inLanguage":"en-US","@id":"https:\/\/vellomonfortarquitectes.com\/en\/what-is-an-integral-reform\/#primaryimage","url":"https:\/\/vellomonfortarquitectes.com\/wp-content\/uploads\/2024\/01\/que-es-una-reforma-integral-1.png","contentUrl":"https:\/\/vellomonfortarquitectes.com\/wp-content\/uploads\/2024\/01\/que-es-una-reforma-integral-1.png","width":747,"height":497},{"@type":"BreadcrumbList","@id":"https:\/\/vellomonfortarquitectes.com\/en\/what-is-an-integral-reform\/#breadcrumb","itemListElement":[{"@type":"ListItem","position":1,"name":"Portada","item":"https:\/\/vellomonfortarquitectes.com\/en\/"},{"@type":"ListItem","position":2,"name":"What is an integral reform?"}]},{"@type":"WebSite","@id":"https:\/\/vellomonfortarquitectes.com\/en\/#website","url":"https:\/\/vellomonfortarquitectes.com\/en\/","name":"Vello Arquitectura","description":"","potentialAction":[{"@type":"SearchAction","target":{"@type":"EntryPoint","urlTemplate":"https:\/\/vellomonfortarquitectes.com\/en\/?s={search_term_string}"},"query-input":{"@type":"PropertyValueSpecification","valueRequired":true,"valueName":"search_term_string"}}],"inLanguage":"en-US"},{"@type":"Person","@id":"https:\/\/vellomonfortarquitectes.com\/en\/#\/schema\/person\/0cf5fa332e5ca91d37387f50327aca40","name":"lafabricadelseo","image":{"@type":"ImageObject","inLanguage":"en-US","@id":"https:\/\/secure.gravatar.com\/avatar\/a00b480fd278f47b8d479384a393728bed1433f6a331895d10f67aa59337cbfc?s=96&d=mm&r=g","url":"https:\/\/secure.gravatar.com\/avatar\/a00b480fd278f47b8d479384a393728bed1433f6a331895d10f67aa59337cbfc?s=96&d=mm&r=g","contentUrl":"https:\/\/secure.gravatar.com\/avatar\/a00b480fd278f47b8d479384a393728bed1433f6a331895d10f67aa59337cbfc?s=96&d=mm&r=g","caption":"lafabricadelseo"}}]}},"_links":{"self":[{"href":"https:\/\/vellomonfortarquitectes.com\/en\/wp-json\/wp\/v2\/posts\/13513","targetHints":{"allow":["GET"]}}],"collection":[{"href":"https:\/\/vellomonfortarquitectes.com\/en\/wp-json\/wp\/v2\/posts"}],"about":[{"href":"https:\/\/vellomonfortarquitectes.com\/en\/wp-json\/wp\/v2\/types\/post"}],"author":[{"embeddable":true,"href":"https:\/\/vellomonfortarquitectes.com\/en\/wp-json\/wp\/v2\/users\/5"}],"replies":[{"embeddable":true,"href":"https:\/\/vellomonfortarquitectes.com\/en\/wp-json\/wp\/v2\/comments?post=13513"}],"version-history":[{"count":4,"href":"https:\/\/vellomonfortarquitectes.com\/en\/wp-json\/wp\/v2\/posts\/13513\/revisions"}],"predecessor-version":[{"id":15624,"href":"https:\/\/vellomonfortarquitectes.com\/en\/wp-json\/wp\/v2\/posts\/13513\/revisions\/15624"}],"wp:featuredmedia":[{"embeddable":true,"href":"https:\/\/vellomonfortarquitectes.com\/en\/wp-json\/wp\/v2\/media\/12763"}],"wp:attachment":[{"href":"https:\/\/vellomonfortarquitectes.com\/en\/wp-json\/wp\/v2\/media?parent=13513"}],"wp:term":[{"taxonomy":"category","embeddable":true,"href":"https:\/\/vellomonfortarquitectes.com\/en\/wp-json\/wp\/v2\/categories?post=13513"},{"taxonomy":"post_tag","embeddable":true,"href":"https:\/\/vellomonfortarquitectes.com\/en\/wp-json\/wp\/v2\/tags?post=13513"}],"curies":[{"name":"wp","href":"https:\/\/api.w.org\/{rel}","templated":true}]}}