{"id":13537,"date":"2024-03-07T10:04:08","date_gmt":"2024-03-07T10:04:08","guid":{"rendered":"https:\/\/vellomonfortarquitectes.com\/what-is-interior-architecture\/"},"modified":"2025-08-22T12:37:00","modified_gmt":"2025-08-22T12:37:00","slug":"what-is-interior-architecture","status":"publish","type":"post","link":"https:\/\/vellomonfortarquitectes.com\/en\/what-is-interior-architecture\/","title":{"rendered":"What is interior architecture?"},"content":{"rendered":"<p>[et_pb_section fb_built=&#8221;1&#8243; _builder_version=&#8221;4.16&#8243; global_colors_info=&#8221;{}&#8221;][et_pb_row _builder_version=&#8221;4.16&#8243; background_size=&#8221;initial&#8221; background_position=&#8221;top_left&#8221; background_repeat=&#8221;repeat&#8221; global_colors_info=&#8221;{}&#8221;][et_pb_column type=&#8221;4_4&#8243; _builder_version=&#8221;4.16&#8243; custom_padding=&#8221;|||&#8221; global_colors_info=&#8221;{}&#8221; custom_padding__hover=&#8221;|||&#8221;][et_pb_text _builder_version=&#8221;4.18.0&#8243; background_size=&#8221;initial&#8221; background_position=&#8221;top_left&#8221; background_repeat=&#8221;repeat&#8221; text_orientation=&#8221;justified&#8221; global_colors_info=&#8221;{}&#8221;]<\/p>\n<p>The <a href=\"https:\/\/vellomonfortarquitectes.com\/en\/interior-design\/\" title=\"interior architecture\"><strong>interior architecture<\/strong><\/a> is a discipline that combines creativity, functionality and aesthetics to transform common spaces into inspiring areas. It is more than just decoration; it is an art that reflects the personality and needs of those who inhabit or use those spaces. This article explores the essential aspects of interior architecture, from its definition and the role of the architect, to decoration styles and current trends.  <\/p>\n<h2><strong>What is interior architecture?<\/strong><\/h2>\n<p>As distinct from interior design, interior architecture focuses on form and function. It combines technical expertise with an aesthetic sense to create environments that are not only visually appealing but also functional and safe. It involves considerations of building structure, spatial layout and material selection. Interior architecture has the power to influence how we feel and how we interact with our surroundings, making it an integral part of our daily lives.   <\/p>\n<p>[\/et_pb_text][et_pb_divider show_divider=&#8221;off&#8221; _builder_version=&#8221;4.18.0&#8243; _module_preset=&#8221;default&#8221; global_colors_info=&#8221;{}&#8221;][\/et_pb_divider][et_pb_cta title=&#8221;Contact our architectural firm&#8221; button_url=&#8221;https:\/\/vellomonfortarquitectes.com\/en\/&#8221; button_text=&#8221;Contact&#8221; _builder_version=&#8221;4.18.0&#8243; _module_preset=&#8221;default&#8221; global_colors_info=&#8221;{}&#8221;][\/et_pb_cta][et_pb_divider show_divider=&#8221;off&#8221; _builder_version=&#8221;4.18.0&#8243; _module_preset=&#8221;default&#8221; global_colors_info=&#8221;{}&#8221;][\/et_pb_divider][et_pb_text _builder_version=&#8221;4.18.0&#8243; _module_preset=&#8221;default&#8221; text_orientation=&#8221;justified&#8221; global_colors_info=&#8221;{}&#8221;]<\/p>\n<h2><strong>The role of the interior architect<\/strong><\/h2>\n<p>Interior architects are professionals who specialize in planning and designing interior spaces. Their work goes beyond choosing colors and furnishings; it is about understanding and manipulating spaces to meet the specific needs of their clients. This involves a thorough understanding of ergonomics, lighting, acoustics and building regulations. Interior architects work closely with clients and other professionals to create spaces that are not only functional but also aesthetically pleasing and sustainable.   <\/p>\n<h3><strong>Key skills for success in interior architecture<\/strong><\/h3>\n<p>A successful interior architect needs a variety of skills. Creativity is essential to designing unique and customized spaces. Technical skills, such as knowledge of materials and construction, are critical to ensure that designs are both practical and possible. Communication skills are also crucial, as architects must work effectively with clients, contractors and other designers. In addition, the ability to problem solve and adapt to unforeseen changes is vital in this constantly evolving field.    <\/p>\n<h2><strong>Decoration styles in interior architecture<\/strong><\/h2>\n<p>Interior architecture encompasses a wide range of styles, each with its own distinctive features.<\/p>\n<ul>\n<li>\n<h3><strong>Vegetable style<\/strong><\/h3>\n<\/li>\n<\/ul>\n<p>This style focuses on incorporating elements of nature into the interior design. The use of plants, water and natural materials creates a tranquil environment that is connected to the natural world. This style not only enhances the aesthetics of a space, but can also contribute to the health and well-being of its occupants.  <\/p>\n<ul>\n<li>\n<h3><strong>Industrial style<\/strong><\/h3>\n<\/li>\n<\/ul>\n<p>The industrial style is inspired by the urban and raw, characterized by unfinished surfaces, metallic elements and a sense of spaciousness. This style often takes advantage of existing building structure, such as exposed brick or steel beams, to add a touch of authenticity and character. <\/p>\n<ul>\n<li>\n<h3><strong>Traditional style<\/strong><\/h3>\n<\/li>\n<\/ul>\n<p>This style is characterized by elegance and attention to detail. Classic furnishings, luxurious fabrics and a soft color palette are typical of the traditional style. Although it is based on designs of the past, it can be adapted to reflect a more contemporary feel.  <\/p>\n<h2><strong>Education and training in interior architecture<\/strong><\/h2>\n<p>Training in interior architecture is crucial to developing the skills needed in this field. Academic programs range from undergraduate degrees to online courses. These programs typically range from basic design principles to more advanced aspects such as sustainability and technology in interior design. In addition, practical experience, such as internships or design projects, is invaluable for aspiring interior architects.   <\/p>\n<h2><strong>Future trends in interior architecture<\/strong><\/h2>\n<p>Trends in interior architecture continue to evolve. Sustainability is becoming an increasingly important aspect, with a focus on eco-friendly materials and energy efficiency. Technology is also playing a key role, with the use of advanced software for visualization and design of spaces, as well as the integration of smart technologies in the home.  <\/p>\n<p>In conclusion, interior architecture is a vibrant and ever-changing field, full of opportunities to create spaces that are not only aesthetically appealing, but also improve people&#8217;s quality of life. With a combination of creativity, technical knowledge and passion for design, interior architects have the power to transform any space into a unique and functional place. <\/p>\n<p>[\/et_pb_text][\/et_pb_column][\/et_pb_row][et_pb_row _builder_version=&#8221;4.27.4&#8243; _module_preset=&#8221;default&#8221; module_alignment=&#8221;center&#8221; global_colors_info=&#8221;{}&#8221; locked=&#8221;off&#8221;][et_pb_column type=&#8221;4_4&#8243; _builder_version=&#8221;4.27.4&#8243; _module_preset=&#8221;default&#8221; global_colors_info=&#8221;{}&#8221;][et_pb_code _builder_version=&#8221;4.27.4&#8243; _module_preset=&#8221;default&#8221; text_orientation=&#8221;center&#8221; global_colors_info=&#8221;{}&#8221;]<\/p>\n<div class=\"author-box\" style=\"border: 1px solid #e0e0e0; padding: 20px; margin-top: 40px; border-radius: 12px; max-width: 600px; text-align: center; margin-left: auto; margin-right: auto;\"><!-- [et_pb_line_break_holder] -->  <img loading=\"lazy\" decoding=\"async\" src=\"https:\/\/vellomonfortarquitectes.com\/wp-content\/uploads\/2020\/11\/joseantonio.jpg\" alt=\"Jos\u00e9 Antonio Vell\u00f3, chartered architect in Gand\u00eda\" width=\"120\" height=\"120\" style=\"border-radius: 50%; object-fit: cover; margin-bottom: 15px;\"><!-- [et_pb_line_break_holder] -->  <\/p>\n<h3 style=\"margin: 0 0 10px;\">About the author: Jos\u00e9 Antonio Vell\u00f3<\/h3>\n<p><!-- [et_pb_line_break_holder] -->  <pee style=\"margin: 0 0 10px;\"><!-- [et_pb_line_break_holder] --> Architect registered with the <strong>COACV <\/strong>and co-founder of <strong>Vell\u00f3 Monfort Arquitectes<\/strong>. He has over 20 years of experience in the design, renovation and technical management of residential and public projects in the <strong>Valencian Community<\/strong>. <!-- [et_pb_line_break_holder] -->  <\/pee><!-- [et_pb_line_break_holder] -->  <pee style=\"margin: 0 0 10px;\"><!-- [et_pb_line_break_holder] --> Specialist in urban planning regulations, energy efficiency, and comprehensive construction management for individuals, developers, and public entities.<!-- [et_pb_line_break_holder] -->  <\/pee><!-- [et_pb_line_break_holder] -->  <pee style=\"margin: 0 0 10px;\"><!-- [et_pb_line_break_holder] -->    <a href=\"https:\/\/vellomonfortarquitectes.com\/en\/architecture-studio\/\" style=\"color: #005599; text-decoration: underline;\">Learn more about the study<\/a> | <!-- [et_pb_line_break_holder] --> <a href=\"https:\/\/www.linkedin.com\/in\/jos%C3%A9-antonio-vell%C3%B3-ribes-aba23027?originalSubdomain=es\" target=\"_blank\" rel=\"noopener\" style=\"color: #005599; text-decoration: underline;\">LinkedIn profile<\/a><!-- [et_pb_line_break_holder] -->  <\/pee><!-- [et_pb_line_break_holder] --><\/div>\n<p><!-- [et_pb_line_break_holder] -->[\/et_pb_code][\/et_pb_column][\/et_pb_row][\/et_pb_section]<\/p>\n","protected":false},"excerpt":{"rendered":"<p>The interior architecture is a discipline that combines creativity, functionality and aesthetics to transform common spaces into inspiring areas. It is more than just decoration; it is an art that reflects the personality and needs of those who inhabit or use those spaces. This article explores the essential aspects of interior architecture, from its definition [&hellip;]<\/p>\n","protected":false},"author":5,"featured_media":12796,"comment_status":"closed","ping_status":"open","sticky":false,"template":"","format":"standard","meta":{"_et_pb_use_builder":"on","_et_pb_old_content":"","_et_gb_content_width":"","footnotes":""},"categories":[180],"tags":[],"class_list":["post-13537","post","type-post","status-publish","format-standard","has-post-thumbnail","hentry","category-blog-en"],"yoast_head":"<!-- This site is optimized with the Yoast SEO plugin v27.5 - https:\/\/yoast.com\/product\/yoast-seo-wordpress\/ -->\n<title>What is interior architecture? - Vell\u00f3 Arquitectos<\/title>\n<meta name=\"description\" content=\"Discover the world of interior architecture: styles, techniques and trends that transform spaces into functional works of art.\" \/>\n<meta name=\"robots\" content=\"index, follow, max-snippet:-1, max-image-preview:large, max-video-preview:-1\" \/>\n<link rel=\"canonical\" href=\"https:\/\/vellomonfortarquitectes.com\/en\/what-is-interior-architecture\/\" \/>\n<meta property=\"og:locale\" content=\"en_US\" \/>\n<meta property=\"og:type\" content=\"article\" \/>\n<meta property=\"og:title\" content=\"What is interior architecture? - Vell\u00f3 Arquitectos\" \/>\n<meta property=\"og:description\" content=\"Discover the world of interior architecture: styles, techniques and trends that transform spaces into functional works of art.\" \/>\n<meta property=\"og:url\" content=\"https:\/\/vellomonfortarquitectes.com\/en\/what-is-interior-architecture\/\" \/>\n<meta property=\"og:site_name\" content=\"Vello Arquitectura\" \/>\n<meta property=\"article:published_time\" content=\"2024-03-07T10:04:08+00:00\" \/>\n<meta property=\"article:modified_time\" content=\"2025-08-22T12:37:00+00:00\" \/>\n<meta property=\"og:image\" content=\"https:\/\/vellomonfortarquitectes.com\/wp-content\/uploads\/2024\/03\/que-es-la-arquitectura-interior.jpg\" \/>\n\t<meta property=\"og:image:width\" content=\"747\" \/>\n\t<meta property=\"og:image:height\" content=\"497\" \/>\n\t<meta property=\"og:image:type\" content=\"image\/jpeg\" \/>\n<meta name=\"author\" content=\"lafabricadelseo\" \/>\n<meta name=\"twitter:card\" content=\"summary_large_image\" \/>\n<meta name=\"twitter:label1\" content=\"Written by\" \/>\n\t<meta name=\"twitter:data1\" content=\"lafabricadelseo\" \/>\n\t<meta name=\"twitter:label2\" content=\"Est. reading time\" \/>\n\t<meta name=\"twitter:data2\" content=\"4 minutes\" \/>\n<script type=\"application\/ld+json\" class=\"yoast-schema-graph\">{\"@context\":\"https:\\\/\\\/schema.org\",\"@graph\":[{\"@type\":\"Article\",\"@id\":\"https:\\\/\\\/vellomonfortarquitectes.com\\\/en\\\/what-is-interior-architecture\\\/#article\",\"isPartOf\":{\"@id\":\"https:\\\/\\\/vellomonfortarquitectes.com\\\/en\\\/what-is-interior-architecture\\\/\"},\"author\":{\"name\":\"lafabricadelseo\",\"@id\":\"https:\\\/\\\/vellomonfortarquitectes.com\\\/en\\\/#\\\/schema\\\/person\\\/0cf5fa332e5ca91d37387f50327aca40\"},\"headline\":\"What is interior architecture?\",\"datePublished\":\"2024-03-07T10:04:08+00:00\",\"dateModified\":\"2025-08-22T12:37:00+00:00\",\"mainEntityOfPage\":{\"@id\":\"https:\\\/\\\/vellomonfortarquitectes.com\\\/en\\\/what-is-interior-architecture\\\/\"},\"wordCount\":916,\"image\":{\"@id\":\"https:\\\/\\\/vellomonfortarquitectes.com\\\/en\\\/what-is-interior-architecture\\\/#primaryimage\"},\"thumbnailUrl\":\"https:\\\/\\\/vellomonfortarquitectes.com\\\/wp-content\\\/uploads\\\/2024\\\/03\\\/que-es-la-arquitectura-interior.jpg\",\"articleSection\":[\"Blog\"],\"inLanguage\":\"en-US\"},{\"@type\":\"WebPage\",\"@id\":\"https:\\\/\\\/vellomonfortarquitectes.com\\\/en\\\/what-is-interior-architecture\\\/\",\"url\":\"https:\\\/\\\/vellomonfortarquitectes.com\\\/en\\\/what-is-interior-architecture\\\/\",\"name\":\"What is interior architecture? - Vell\u00f3 Arquitectos\",\"isPartOf\":{\"@id\":\"https:\\\/\\\/vellomonfortarquitectes.com\\\/en\\\/#website\"},\"primaryImageOfPage\":{\"@id\":\"https:\\\/\\\/vellomonfortarquitectes.com\\\/en\\\/what-is-interior-architecture\\\/#primaryimage\"},\"image\":{\"@id\":\"https:\\\/\\\/vellomonfortarquitectes.com\\\/en\\\/what-is-interior-architecture\\\/#primaryimage\"},\"thumbnailUrl\":\"https:\\\/\\\/vellomonfortarquitectes.com\\\/wp-content\\\/uploads\\\/2024\\\/03\\\/que-es-la-arquitectura-interior.jpg\",\"datePublished\":\"2024-03-07T10:04:08+00:00\",\"dateModified\":\"2025-08-22T12:37:00+00:00\",\"author\":{\"@id\":\"https:\\\/\\\/vellomonfortarquitectes.com\\\/en\\\/#\\\/schema\\\/person\\\/0cf5fa332e5ca91d37387f50327aca40\"},\"description\":\"Discover the world of interior architecture: styles, techniques and trends that transform spaces into functional works of art.\",\"breadcrumb\":{\"@id\":\"https:\\\/\\\/vellomonfortarquitectes.com\\\/en\\\/what-is-interior-architecture\\\/#breadcrumb\"},\"inLanguage\":\"en-US\",\"potentialAction\":[{\"@type\":\"ReadAction\",\"target\":[\"https:\\\/\\\/vellomonfortarquitectes.com\\\/en\\\/what-is-interior-architecture\\\/\"]}]},{\"@type\":\"ImageObject\",\"inLanguage\":\"en-US\",\"@id\":\"https:\\\/\\\/vellomonfortarquitectes.com\\\/en\\\/what-is-interior-architecture\\\/#primaryimage\",\"url\":\"https:\\\/\\\/vellomonfortarquitectes.com\\\/wp-content\\\/uploads\\\/2024\\\/03\\\/que-es-la-arquitectura-interior.jpg\",\"contentUrl\":\"https:\\\/\\\/vellomonfortarquitectes.com\\\/wp-content\\\/uploads\\\/2024\\\/03\\\/que-es-la-arquitectura-interior.jpg\",\"width\":747,\"height\":497},{\"@type\":\"BreadcrumbList\",\"@id\":\"https:\\\/\\\/vellomonfortarquitectes.com\\\/en\\\/what-is-interior-architecture\\\/#breadcrumb\",\"itemListElement\":[{\"@type\":\"ListItem\",\"position\":1,\"name\":\"Portada\",\"item\":\"https:\\\/\\\/vellomonfortarquitectes.com\\\/en\\\/\"},{\"@type\":\"ListItem\",\"position\":2,\"name\":\"What is interior architecture?\"}]},{\"@type\":\"WebSite\",\"@id\":\"https:\\\/\\\/vellomonfortarquitectes.com\\\/en\\\/#website\",\"url\":\"https:\\\/\\\/vellomonfortarquitectes.com\\\/en\\\/\",\"name\":\"Vello Arquitectura\",\"description\":\"\",\"potentialAction\":[{\"@type\":\"SearchAction\",\"target\":{\"@type\":\"EntryPoint\",\"urlTemplate\":\"https:\\\/\\\/vellomonfortarquitectes.com\\\/en\\\/?s={search_term_string}\"},\"query-input\":{\"@type\":\"PropertyValueSpecification\",\"valueRequired\":true,\"valueName\":\"search_term_string\"}}],\"inLanguage\":\"en-US\"},{\"@type\":\"Person\",\"@id\":\"https:\\\/\\\/vellomonfortarquitectes.com\\\/en\\\/#\\\/schema\\\/person\\\/0cf5fa332e5ca91d37387f50327aca40\",\"name\":\"lafabricadelseo\",\"image\":{\"@type\":\"ImageObject\",\"inLanguage\":\"en-US\",\"@id\":\"https:\\\/\\\/secure.gravatar.com\\\/avatar\\\/a00b480fd278f47b8d479384a393728bed1433f6a331895d10f67aa59337cbfc?s=96&d=mm&r=g\",\"url\":\"https:\\\/\\\/secure.gravatar.com\\\/avatar\\\/a00b480fd278f47b8d479384a393728bed1433f6a331895d10f67aa59337cbfc?s=96&d=mm&r=g\",\"contentUrl\":\"https:\\\/\\\/secure.gravatar.com\\\/avatar\\\/a00b480fd278f47b8d479384a393728bed1433f6a331895d10f67aa59337cbfc?s=96&d=mm&r=g\",\"caption\":\"lafabricadelseo\"}}]}<\/script>\n<!-- \/ Yoast SEO plugin. -->","yoast_head_json":{"title":"What is interior architecture? - Vell\u00f3 Arquitectos","description":"Discover the world of interior architecture: styles, techniques and trends that transform spaces into functional works of art.","robots":{"index":"index","follow":"follow","max-snippet":"max-snippet:-1","max-image-preview":"max-image-preview:large","max-video-preview":"max-video-preview:-1"},"canonical":"https:\/\/vellomonfortarquitectes.com\/en\/what-is-interior-architecture\/","og_locale":"en_US","og_type":"article","og_title":"What is interior architecture? - Vell\u00f3 Arquitectos","og_description":"Discover the world of interior architecture: styles, techniques and trends that transform spaces into functional works of art.","og_url":"https:\/\/vellomonfortarquitectes.com\/en\/what-is-interior-architecture\/","og_site_name":"Vello Arquitectura","article_published_time":"2024-03-07T10:04:08+00:00","article_modified_time":"2025-08-22T12:37:00+00:00","og_image":[{"width":747,"height":497,"url":"https:\/\/vellomonfortarquitectes.com\/wp-content\/uploads\/2024\/03\/que-es-la-arquitectura-interior.jpg","type":"image\/jpeg"}],"author":"lafabricadelseo","twitter_card":"summary_large_image","twitter_misc":{"Written by":"lafabricadelseo","Est. reading time":"4 minutes"},"schema":{"@context":"https:\/\/schema.org","@graph":[{"@type":"Article","@id":"https:\/\/vellomonfortarquitectes.com\/en\/what-is-interior-architecture\/#article","isPartOf":{"@id":"https:\/\/vellomonfortarquitectes.com\/en\/what-is-interior-architecture\/"},"author":{"name":"lafabricadelseo","@id":"https:\/\/vellomonfortarquitectes.com\/en\/#\/schema\/person\/0cf5fa332e5ca91d37387f50327aca40"},"headline":"What is interior architecture?","datePublished":"2024-03-07T10:04:08+00:00","dateModified":"2025-08-22T12:37:00+00:00","mainEntityOfPage":{"@id":"https:\/\/vellomonfortarquitectes.com\/en\/what-is-interior-architecture\/"},"wordCount":916,"image":{"@id":"https:\/\/vellomonfortarquitectes.com\/en\/what-is-interior-architecture\/#primaryimage"},"thumbnailUrl":"https:\/\/vellomonfortarquitectes.com\/wp-content\/uploads\/2024\/03\/que-es-la-arquitectura-interior.jpg","articleSection":["Blog"],"inLanguage":"en-US"},{"@type":"WebPage","@id":"https:\/\/vellomonfortarquitectes.com\/en\/what-is-interior-architecture\/","url":"https:\/\/vellomonfortarquitectes.com\/en\/what-is-interior-architecture\/","name":"What is interior architecture? - Vell\u00f3 Arquitectos","isPartOf":{"@id":"https:\/\/vellomonfortarquitectes.com\/en\/#website"},"primaryImageOfPage":{"@id":"https:\/\/vellomonfortarquitectes.com\/en\/what-is-interior-architecture\/#primaryimage"},"image":{"@id":"https:\/\/vellomonfortarquitectes.com\/en\/what-is-interior-architecture\/#primaryimage"},"thumbnailUrl":"https:\/\/vellomonfortarquitectes.com\/wp-content\/uploads\/2024\/03\/que-es-la-arquitectura-interior.jpg","datePublished":"2024-03-07T10:04:08+00:00","dateModified":"2025-08-22T12:37:00+00:00","author":{"@id":"https:\/\/vellomonfortarquitectes.com\/en\/#\/schema\/person\/0cf5fa332e5ca91d37387f50327aca40"},"description":"Discover the world of interior architecture: styles, techniques and trends that transform spaces into functional works of art.","breadcrumb":{"@id":"https:\/\/vellomonfortarquitectes.com\/en\/what-is-interior-architecture\/#breadcrumb"},"inLanguage":"en-US","potentialAction":[{"@type":"ReadAction","target":["https:\/\/vellomonfortarquitectes.com\/en\/what-is-interior-architecture\/"]}]},{"@type":"ImageObject","inLanguage":"en-US","@id":"https:\/\/vellomonfortarquitectes.com\/en\/what-is-interior-architecture\/#primaryimage","url":"https:\/\/vellomonfortarquitectes.com\/wp-content\/uploads\/2024\/03\/que-es-la-arquitectura-interior.jpg","contentUrl":"https:\/\/vellomonfortarquitectes.com\/wp-content\/uploads\/2024\/03\/que-es-la-arquitectura-interior.jpg","width":747,"height":497},{"@type":"BreadcrumbList","@id":"https:\/\/vellomonfortarquitectes.com\/en\/what-is-interior-architecture\/#breadcrumb","itemListElement":[{"@type":"ListItem","position":1,"name":"Portada","item":"https:\/\/vellomonfortarquitectes.com\/en\/"},{"@type":"ListItem","position":2,"name":"What is interior architecture?"}]},{"@type":"WebSite","@id":"https:\/\/vellomonfortarquitectes.com\/en\/#website","url":"https:\/\/vellomonfortarquitectes.com\/en\/","name":"Vello Arquitectura","description":"","potentialAction":[{"@type":"SearchAction","target":{"@type":"EntryPoint","urlTemplate":"https:\/\/vellomonfortarquitectes.com\/en\/?s={search_term_string}"},"query-input":{"@type":"PropertyValueSpecification","valueRequired":true,"valueName":"search_term_string"}}],"inLanguage":"en-US"},{"@type":"Person","@id":"https:\/\/vellomonfortarquitectes.com\/en\/#\/schema\/person\/0cf5fa332e5ca91d37387f50327aca40","name":"lafabricadelseo","image":{"@type":"ImageObject","inLanguage":"en-US","@id":"https:\/\/secure.gravatar.com\/avatar\/a00b480fd278f47b8d479384a393728bed1433f6a331895d10f67aa59337cbfc?s=96&d=mm&r=g","url":"https:\/\/secure.gravatar.com\/avatar\/a00b480fd278f47b8d479384a393728bed1433f6a331895d10f67aa59337cbfc?s=96&d=mm&r=g","contentUrl":"https:\/\/secure.gravatar.com\/avatar\/a00b480fd278f47b8d479384a393728bed1433f6a331895d10f67aa59337cbfc?s=96&d=mm&r=g","caption":"lafabricadelseo"}}]}},"_links":{"self":[{"href":"https:\/\/vellomonfortarquitectes.com\/en\/wp-json\/wp\/v2\/posts\/13537","targetHints":{"allow":["GET"]}}],"collection":[{"href":"https:\/\/vellomonfortarquitectes.com\/en\/wp-json\/wp\/v2\/posts"}],"about":[{"href":"https:\/\/vellomonfortarquitectes.com\/en\/wp-json\/wp\/v2\/types\/post"}],"author":[{"embeddable":true,"href":"https:\/\/vellomonfortarquitectes.com\/en\/wp-json\/wp\/v2\/users\/5"}],"replies":[{"embeddable":true,"href":"https:\/\/vellomonfortarquitectes.com\/en\/wp-json\/wp\/v2\/comments?post=13537"}],"version-history":[{"count":7,"href":"https:\/\/vellomonfortarquitectes.com\/en\/wp-json\/wp\/v2\/posts\/13537\/revisions"}],"predecessor-version":[{"id":15594,"href":"https:\/\/vellomonfortarquitectes.com\/en\/wp-json\/wp\/v2\/posts\/13537\/revisions\/15594"}],"wp:featuredmedia":[{"embeddable":true,"href":"https:\/\/vellomonfortarquitectes.com\/en\/wp-json\/wp\/v2\/media\/12796"}],"wp:attachment":[{"href":"https:\/\/vellomonfortarquitectes.com\/en\/wp-json\/wp\/v2\/media?parent=13537"}],"wp:term":[{"taxonomy":"category","embeddable":true,"href":"https:\/\/vellomonfortarquitectes.com\/en\/wp-json\/wp\/v2\/categories?post=13537"},{"taxonomy":"post_tag","embeddable":true,"href":"https:\/\/vellomonfortarquitectes.com\/en\/wp-json\/wp\/v2\/tags?post=13537"}],"curies":[{"name":"wp","href":"https:\/\/api.w.org\/{rel}","templated":true}]}}