{"id":13581,"date":"2024-10-02T07:30:58","date_gmt":"2024-10-02T07:30:58","guid":{"rendered":"https:\/\/vellomonfortarquitectes.com\/how-to-transform-a-small-space-into-a-functional-and-modern-home\/"},"modified":"2025-08-22T12:03:11","modified_gmt":"2025-08-22T12:03:11","slug":"how-to-transform-a-small-space-into-a-functional-and-modern-home","status":"publish","type":"post","link":"https:\/\/vellomonfortarquitectes.com\/en\/how-to-transform-a-small-space-into-a-functional-and-modern-home\/","title":{"rendered":"How to transform a small space into a functional and modern home?"},"content":{"rendered":"<p>[et_pb_section fb_built=&#8221;1&#8243; _builder_version=&#8221;4.16&#8243; global_colors_info=&#8221;{}&#8221;][et_pb_row _builder_version=&#8221;4.16&#8243; background_size=&#8221;initial&#8221; background_position=&#8221;top_left&#8221; background_repeat=&#8221;repeat&#8221; global_colors_info=&#8221;{}&#8221;][et_pb_column type=&#8221;4_4&#8243; _builder_version=&#8221;4.16&#8243; custom_padding=&#8221;|||&#8221; global_colors_info=&#8221;{}&#8221; custom_padding__hover=&#8221;|||&#8221;][et_pb_text _builder_version=&#8221;4.27.0&#8243; background_size=&#8221;initial&#8221; background_position=&#8221;top_left&#8221; background_repeat=&#8221;repeat&#8221; text_orientation=&#8221;justified&#8221; global_colors_info=&#8221;{}&#8221;]<\/p>\n<p>Transforming a small space into a functional, modern home is an interesting challenge for architects and interior designers. With the right techniques, every square foot can be optimized without sacrificing style or comfort. In this article, we explore key strategies for maximizing functionality and creating a modern feel in small spaces.  <\/p>\n<h2><\/h2>\n<h2>Space optimisation<\/h2>\n<p>When it comes to designing small homes, one of the main goals is to intelligently optimize space. Instead of dividing areas into closed compartments, opting for an <strong>open space design<\/strong> allows areas to flow more naturally, creating a feeling of spaciousness. <a href=\"https:\/\/vellomonfortarquitectes.com\/en\/projects\/\"><strong>Projects by Vello Monfort Arquitectes<\/strong><\/a> apply this type of design to ensure a functional layout. <\/p>\n<h3>Multifunctional areas<\/h3>\n<p>Multifunctional furniture is essential in small spaces. Folding beds, folding tables and sofa beds allow a room to change its function as needed. For example, a living room can be transformed into a dining room with just a few moves, saving space without compromising comfort.  <\/p>\n<h3>Use of height<\/h3>\n<p>Instead of focusing solely on horizontal space, taking advantage of a home&#8217;s height can free up additional space for storage. Floor-to-ceiling shelving, raised beds or even lofts are useful architectural solutions that maximize the use of every corner of the home. <\/p>\n<p>[\/et_pb_text][et_pb_divider show_divider=&#8221;off&#8221; _builder_version=&#8221;4.18.0&#8243; _module_preset=&#8221;default&#8221; global_colors_info=&#8221;{}&#8221;][\/et_pb_divider][et_pb_cta title=&#8221;Contact our architectural firm&#8221; button_url=&#8221;https:\/\/vellomonfortarquitectes.com\/en\/contact\/&#8221; button_text=&#8221;Contact&#8221; _builder_version=&#8221;4.18.0&#8243; _module_preset=&#8221;default&#8221; global_colors_info=&#8221;{}&#8221;][\/et_pb_cta][et_pb_divider show_divider=&#8221;off&#8221; _builder_version=&#8221;4.18.0&#8243; _module_preset=&#8221;default&#8221; global_colors_info=&#8221;{}&#8221;][\/et_pb_divider][et_pb_text _builder_version=&#8221;4.27.0&#8243; _module_preset=&#8221;default&#8221; text_orientation=&#8221;justified&#8221; global_colors_info=&#8221;{}&#8221;]<\/p>\n<h2>Natural light and interior design<\/h2>\n<p>Natural light plays a fundamental role in the design of small homes. When well used, it not only improves the perception of spaciousness, but also increases overall comfort. <\/p>\n<h3>Large, open windows<\/h3>\n<p>Large windows, especially floor-to-ceiling windows, allow natural light to flood the space, eliminating shadows and creating a sense of openness. Proper window orientation is key to making the most of sunlight. Projects such as those of <strong><a rel=\"noopener\" target=\"_new\"><span>Vello<\/span><span> Monfort<\/span><span> Arquitectes<\/span><\/a><\/strong> stand out for their ability to integrate natural light into the design of interior spaces.  <\/p>\n<h3>Reflective surfaces and mirrors<\/h3>\n<p>The use of clear surfaces and strategically placed mirrors can multiply the natural light in a room. Placing a mirror in front of a window allows light to reflect throughout the space, improving both brightness and the feeling of spaciousness. <\/p>\n<h3><\/h3>\n<h2><\/h2>\n<h2>Materials and textures that expand the space<\/h2>\n<p>Materials and textures play a crucial role in creating small spaces that are both functional and visually appealing. Choosing the right materials can create a feeling of greater spaciousness. <\/p>\n<h3>Glass and transparent surfaces<\/h3>\n<p>Glass is a key material in the design of small spaces. Glass partitions can separate rooms without blocking light, which helps maintain a sense of flow. At the same time, reflective surfaces and gloss finishes can increase the perception of space.  <\/p>\n<h3>Light textures<\/h3>\n<p>Opting for light, natural textures, such as linen or light wood, brings warmth and softness to a home without overloading it visually. This allows the space to look modern and cozy at the same time. <\/p>\n<h3><\/h3>\n<h2><\/h2>\n<h2>Technology to maximise functionality<\/h2>\n<p>Technology has become an essential part of architectural design, especially in small spaces. Advances in home automation and smart furnishings make it possible to optimize the use of space and improve the functionality of the home. <\/p>\n<h3>Home automation systems<\/h3>\n<p><strong>Home automation systems<\/strong> make it possible to control lighting, climate control and other aspects of the home in an efficient and adaptive manner. Automatic shades, dimmable lights and smart thermostats not only improve energy efficiency, but also allow the home to adapt to everyday needs without compromising aesthetics. For more information on integrating technology into design, you can consult the <strong><a rel=\"noopener\" target=\"_new\" href=\"https:\/\/www.aia.org\/\"><span>American<\/span><span> Institute<\/span><span> of<\/span><span> Architects<\/span><\/a><\/strong>.  <\/p>\n<h3>Intelligent furniture<\/h3>\n<p><strong>Smart furnishings<\/strong> are also key to maximizing functionality. Electronically adjustable tables, auto-folding beds and mobile shelving allow a small space to be transformed for different uses without losing its modern style. <\/p>\n<h3><\/h3>\n<h2><\/h2>\n<h2>Use of outdoor spaces<\/h2>\n<p>Outdoor spaces, no matter how small, can become a valuable extension of the home. Balconies, terraces or small patios can add functionality and character to the home, especially in urban areas. <\/p>\n<h3>Compact and foldable furniture<\/h3>\n<p>Folding furniture is an excellent solution for small balconies and terraces. Folding chairs and folding tables allow you to make the most of the space when not in use. <\/p>\n<h3>Vertical gardens<\/h3>\n<p>A <strong>vertical garden<\/strong> is a perfect solution for adding greenery without taking up ground space. In addition to improving aesthetics, plants can create a relaxing atmosphere, transforming the outdoor space into a place of rest and enjoyment. <\/p>\n<p>[\/et_pb_text][\/et_pb_column][\/et_pb_row][et_pb_row _builder_version=&#8221;4.27.4&#8243; _module_preset=&#8221;default&#8221; module_alignment=&#8221;center&#8221; global_colors_info=&#8221;{}&#8221; locked=&#8221;off&#8221;][et_pb_column type=&#8221;4_4&#8243; _builder_version=&#8221;4.27.4&#8243; _module_preset=&#8221;default&#8221; global_colors_info=&#8221;{}&#8221;][et_pb_code _builder_version=&#8221;4.27.4&#8243; _module_preset=&#8221;default&#8221; text_orientation=&#8221;center&#8221; global_colors_info=&#8221;{}&#8221;]<\/p>\n<div class=\"author-box\" style=\"border: 1px solid #e0e0e0; padding: 20px; margin-top: 40px; border-radius: 12px; max-width: 600px; text-align: center; margin-left: auto; margin-right: auto;\"><!-- [et_pb_line_break_holder] -->  <img loading=\"lazy\" decoding=\"async\" src=\"https:\/\/vellomonfortarquitectes.com\/wp-content\/uploads\/2020\/11\/joseantonio.jpg\" alt=\"Jos\u00e9 Antonio Vell\u00f3, chartered architect in Gand\u00eda\" width=\"120\" height=\"120\" style=\"border-radius: 50%; object-fit: cover; margin-bottom: 15px;\"><!-- [et_pb_line_break_holder] -->  <\/p>\n<h3 style=\"margin: 0 0 10px;\">About the author: Jos\u00e9 Antonio Vell\u00f3<\/h3>\n<p><!-- [et_pb_line_break_holder] -->  <pee style=\"margin: 0 0 10px;\"><!-- [et_pb_line_break_holder] --> Architect registered with the <strong>COACV <\/strong>and co-founder of <strong>Vell\u00f3 Monfort Arquitectes<\/strong>. He has over 20 years of experience in the design, renovation and technical management of residential and public projects in the <strong>Valencian Community<\/strong>. <!-- [et_pb_line_break_holder] -->  <\/pee><!-- [et_pb_line_break_holder] -->  <pee style=\"margin: 0 0 10px;\"><!-- [et_pb_line_break_holder] --> Specialist in urban planning regulations, energy efficiency, and comprehensive construction management for individuals, developers, and public entities.<!-- [et_pb_line_break_holder] -->  <\/pee><!-- [et_pb_line_break_holder] -->  <pee style=\"margin: 0 0 10px;\"><!-- [et_pb_line_break_holder] -->    <a href=\"https:\/\/vellomonfortarquitectes.com\/en\/architecture-studio\/\" style=\"color: #005599; text-decoration: underline;\">Learn more about the study<\/a> | <!-- [et_pb_line_break_holder] --> <a href=\"https:\/\/www.linkedin.com\/in\/jos%C3%A9-antonio-vell%C3%B3-ribes-aba23027?originalSubdomain=es\" target=\"_blank\" rel=\"noopener\" style=\"color: #005599; text-decoration: underline;\">LinkedIn profile<\/a><!-- [et_pb_line_break_holder] -->  <\/pee><!-- [et_pb_line_break_holder] --><\/div>\n<p><!-- [et_pb_line_break_holder] -->[\/et_pb_code][\/et_pb_column][\/et_pb_row][\/et_pb_section]<\/p>\n","protected":false},"excerpt":{"rendered":"<p>Transforming a small space into a functional, modern home is an interesting challenge for architects and interior designers. With the right techniques, every square foot can be optimized without sacrificing style or comfort. In this article, we explore key strategies for maximizing functionality and creating a modern feel in small spaces. Space optimisation When it [&hellip;]<\/p>\n","protected":false},"author":5,"featured_media":13565,"comment_status":"closed","ping_status":"open","sticky":false,"template":"","format":"standard","meta":{"_et_pb_use_builder":"on","_et_pb_old_content":"","_et_gb_content_width":"","footnotes":""},"categories":[180],"tags":[],"class_list":["post-13581","post","type-post","status-publish","format-standard","has-post-thumbnail","hentry","category-blog-en"],"yoast_head":"<!-- This site is optimized with the Yoast SEO plugin v27.5 - https:\/\/yoast.com\/product\/yoast-seo-wordpress\/ -->\n<title>Transform a small space into a modern home<\/title>\n<meta name=\"description\" content=\"Discover how to transform small spaces into functional, modern homes with smart architectural design solutions.\" \/>\n<meta name=\"robots\" content=\"index, follow, max-snippet:-1, max-image-preview:large, max-video-preview:-1\" \/>\n<link rel=\"canonical\" href=\"https:\/\/vellomonfortarquitectes.com\/en\/how-to-transform-a-small-space-into-a-functional-and-modern-home\/\" \/>\n<meta property=\"og:locale\" content=\"en_US\" \/>\n<meta property=\"og:type\" content=\"article\" \/>\n<meta property=\"og:title\" content=\"Transform a small space into a modern home\" \/>\n<meta property=\"og:description\" content=\"Discover how to transform small spaces into functional, modern homes with smart architectural design solutions.\" \/>\n<meta property=\"og:url\" content=\"https:\/\/vellomonfortarquitectes.com\/en\/how-to-transform-a-small-space-into-a-functional-and-modern-home\/\" \/>\n<meta property=\"og:site_name\" content=\"Vello Arquitectura\" \/>\n<meta property=\"article:published_time\" content=\"2024-10-02T07:30:58+00:00\" \/>\n<meta property=\"article:modified_time\" content=\"2025-08-22T12:03:11+00:00\" \/>\n<meta property=\"og:image\" content=\"https:\/\/vellomonfortarquitectes.com\/wp-content\/uploads\/2024\/10\/transformar-viviend-pequena-en-uan-vivienda-funcional.jpg\" \/>\n\t<meta property=\"og:image:width\" content=\"747\" \/>\n\t<meta property=\"og:image:height\" content=\"497\" \/>\n\t<meta property=\"og:image:type\" content=\"image\/jpeg\" \/>\n<meta name=\"author\" content=\"lafabricadelseo\" \/>\n<meta name=\"twitter:card\" content=\"summary_large_image\" \/>\n<meta name=\"twitter:label1\" content=\"Written by\" \/>\n\t<meta name=\"twitter:data1\" content=\"lafabricadelseo\" \/>\n\t<meta name=\"twitter:label2\" content=\"Est. reading time\" \/>\n\t<meta name=\"twitter:data2\" content=\"4 minutes\" \/>\n<script type=\"application\/ld+json\" class=\"yoast-schema-graph\">{\"@context\":\"https:\\\/\\\/schema.org\",\"@graph\":[{\"@type\":\"Article\",\"@id\":\"https:\\\/\\\/vellomonfortarquitectes.com\\\/en\\\/how-to-transform-a-small-space-into-a-functional-and-modern-home\\\/#article\",\"isPartOf\":{\"@id\":\"https:\\\/\\\/vellomonfortarquitectes.com\\\/en\\\/how-to-transform-a-small-space-into-a-functional-and-modern-home\\\/\"},\"author\":{\"name\":\"lafabricadelseo\",\"@id\":\"https:\\\/\\\/vellomonfortarquitectes.com\\\/en\\\/#\\\/schema\\\/person\\\/0cf5fa332e5ca91d37387f50327aca40\"},\"headline\":\"How to transform a small space into a functional and modern home?\",\"datePublished\":\"2024-10-02T07:30:58+00:00\",\"dateModified\":\"2025-08-22T12:03:11+00:00\",\"mainEntityOfPage\":{\"@id\":\"https:\\\/\\\/vellomonfortarquitectes.com\\\/en\\\/how-to-transform-a-small-space-into-a-functional-and-modern-home\\\/\"},\"wordCount\":981,\"image\":{\"@id\":\"https:\\\/\\\/vellomonfortarquitectes.com\\\/en\\\/how-to-transform-a-small-space-into-a-functional-and-modern-home\\\/#primaryimage\"},\"thumbnailUrl\":\"https:\\\/\\\/vellomonfortarquitectes.com\\\/wp-content\\\/uploads\\\/2024\\\/10\\\/transformar-viviend-pequena-en-uan-vivienda-funcional.jpg\",\"articleSection\":[\"Blog\"],\"inLanguage\":\"en-US\"},{\"@type\":\"WebPage\",\"@id\":\"https:\\\/\\\/vellomonfortarquitectes.com\\\/en\\\/how-to-transform-a-small-space-into-a-functional-and-modern-home\\\/\",\"url\":\"https:\\\/\\\/vellomonfortarquitectes.com\\\/en\\\/how-to-transform-a-small-space-into-a-functional-and-modern-home\\\/\",\"name\":\"Transform a small space into a modern home\",\"isPartOf\":{\"@id\":\"https:\\\/\\\/vellomonfortarquitectes.com\\\/en\\\/#website\"},\"primaryImageOfPage\":{\"@id\":\"https:\\\/\\\/vellomonfortarquitectes.com\\\/en\\\/how-to-transform-a-small-space-into-a-functional-and-modern-home\\\/#primaryimage\"},\"image\":{\"@id\":\"https:\\\/\\\/vellomonfortarquitectes.com\\\/en\\\/how-to-transform-a-small-space-into-a-functional-and-modern-home\\\/#primaryimage\"},\"thumbnailUrl\":\"https:\\\/\\\/vellomonfortarquitectes.com\\\/wp-content\\\/uploads\\\/2024\\\/10\\\/transformar-viviend-pequena-en-uan-vivienda-funcional.jpg\",\"datePublished\":\"2024-10-02T07:30:58+00:00\",\"dateModified\":\"2025-08-22T12:03:11+00:00\",\"author\":{\"@id\":\"https:\\\/\\\/vellomonfortarquitectes.com\\\/en\\\/#\\\/schema\\\/person\\\/0cf5fa332e5ca91d37387f50327aca40\"},\"description\":\"Discover how to transform small spaces into functional, modern homes with smart architectural design solutions.\",\"breadcrumb\":{\"@id\":\"https:\\\/\\\/vellomonfortarquitectes.com\\\/en\\\/how-to-transform-a-small-space-into-a-functional-and-modern-home\\\/#breadcrumb\"},\"inLanguage\":\"en-US\",\"potentialAction\":[{\"@type\":\"ReadAction\",\"target\":[\"https:\\\/\\\/vellomonfortarquitectes.com\\\/en\\\/how-to-transform-a-small-space-into-a-functional-and-modern-home\\\/\"]}]},{\"@type\":\"ImageObject\",\"inLanguage\":\"en-US\",\"@id\":\"https:\\\/\\\/vellomonfortarquitectes.com\\\/en\\\/how-to-transform-a-small-space-into-a-functional-and-modern-home\\\/#primaryimage\",\"url\":\"https:\\\/\\\/vellomonfortarquitectes.com\\\/wp-content\\\/uploads\\\/2024\\\/10\\\/transformar-viviend-pequena-en-uan-vivienda-funcional.jpg\",\"contentUrl\":\"https:\\\/\\\/vellomonfortarquitectes.com\\\/wp-content\\\/uploads\\\/2024\\\/10\\\/transformar-viviend-pequena-en-uan-vivienda-funcional.jpg\",\"width\":747,\"height\":497,\"caption\":\"transformar vivienda peque\u00f1a en una vivienda funcional\"},{\"@type\":\"BreadcrumbList\",\"@id\":\"https:\\\/\\\/vellomonfortarquitectes.com\\\/en\\\/how-to-transform-a-small-space-into-a-functional-and-modern-home\\\/#breadcrumb\",\"itemListElement\":[{\"@type\":\"ListItem\",\"position\":1,\"name\":\"Portada\",\"item\":\"https:\\\/\\\/vellomonfortarquitectes.com\\\/en\\\/\"},{\"@type\":\"ListItem\",\"position\":2,\"name\":\"How to transform a small space into a functional and modern home?\"}]},{\"@type\":\"WebSite\",\"@id\":\"https:\\\/\\\/vellomonfortarquitectes.com\\\/en\\\/#website\",\"url\":\"https:\\\/\\\/vellomonfortarquitectes.com\\\/en\\\/\",\"name\":\"Vello Arquitectura\",\"description\":\"\",\"potentialAction\":[{\"@type\":\"SearchAction\",\"target\":{\"@type\":\"EntryPoint\",\"urlTemplate\":\"https:\\\/\\\/vellomonfortarquitectes.com\\\/en\\\/?s={search_term_string}\"},\"query-input\":{\"@type\":\"PropertyValueSpecification\",\"valueRequired\":true,\"valueName\":\"search_term_string\"}}],\"inLanguage\":\"en-US\"},{\"@type\":\"Person\",\"@id\":\"https:\\\/\\\/vellomonfortarquitectes.com\\\/en\\\/#\\\/schema\\\/person\\\/0cf5fa332e5ca91d37387f50327aca40\",\"name\":\"lafabricadelseo\",\"image\":{\"@type\":\"ImageObject\",\"inLanguage\":\"en-US\",\"@id\":\"https:\\\/\\\/secure.gravatar.com\\\/avatar\\\/a00b480fd278f47b8d479384a393728bed1433f6a331895d10f67aa59337cbfc?s=96&d=mm&r=g\",\"url\":\"https:\\\/\\\/secure.gravatar.com\\\/avatar\\\/a00b480fd278f47b8d479384a393728bed1433f6a331895d10f67aa59337cbfc?s=96&d=mm&r=g\",\"contentUrl\":\"https:\\\/\\\/secure.gravatar.com\\\/avatar\\\/a00b480fd278f47b8d479384a393728bed1433f6a331895d10f67aa59337cbfc?s=96&d=mm&r=g\",\"caption\":\"lafabricadelseo\"}}]}<\/script>\n<!-- \/ Yoast SEO plugin. -->","yoast_head_json":{"title":"Transform a small space into a modern home","description":"Discover how to transform small spaces into functional, modern homes with smart architectural design solutions.","robots":{"index":"index","follow":"follow","max-snippet":"max-snippet:-1","max-image-preview":"max-image-preview:large","max-video-preview":"max-video-preview:-1"},"canonical":"https:\/\/vellomonfortarquitectes.com\/en\/how-to-transform-a-small-space-into-a-functional-and-modern-home\/","og_locale":"en_US","og_type":"article","og_title":"Transform a small space into a modern home","og_description":"Discover how to transform small spaces into functional, modern homes with smart architectural design solutions.","og_url":"https:\/\/vellomonfortarquitectes.com\/en\/how-to-transform-a-small-space-into-a-functional-and-modern-home\/","og_site_name":"Vello Arquitectura","article_published_time":"2024-10-02T07:30:58+00:00","article_modified_time":"2025-08-22T12:03:11+00:00","og_image":[{"width":747,"height":497,"url":"https:\/\/vellomonfortarquitectes.com\/wp-content\/uploads\/2024\/10\/transformar-viviend-pequena-en-uan-vivienda-funcional.jpg","type":"image\/jpeg"}],"author":"lafabricadelseo","twitter_card":"summary_large_image","twitter_misc":{"Written by":"lafabricadelseo","Est. reading time":"4 minutes"},"schema":{"@context":"https:\/\/schema.org","@graph":[{"@type":"Article","@id":"https:\/\/vellomonfortarquitectes.com\/en\/how-to-transform-a-small-space-into-a-functional-and-modern-home\/#article","isPartOf":{"@id":"https:\/\/vellomonfortarquitectes.com\/en\/how-to-transform-a-small-space-into-a-functional-and-modern-home\/"},"author":{"name":"lafabricadelseo","@id":"https:\/\/vellomonfortarquitectes.com\/en\/#\/schema\/person\/0cf5fa332e5ca91d37387f50327aca40"},"headline":"How to transform a small space into a functional and modern home?","datePublished":"2024-10-02T07:30:58+00:00","dateModified":"2025-08-22T12:03:11+00:00","mainEntityOfPage":{"@id":"https:\/\/vellomonfortarquitectes.com\/en\/how-to-transform-a-small-space-into-a-functional-and-modern-home\/"},"wordCount":981,"image":{"@id":"https:\/\/vellomonfortarquitectes.com\/en\/how-to-transform-a-small-space-into-a-functional-and-modern-home\/#primaryimage"},"thumbnailUrl":"https:\/\/vellomonfortarquitectes.com\/wp-content\/uploads\/2024\/10\/transformar-viviend-pequena-en-uan-vivienda-funcional.jpg","articleSection":["Blog"],"inLanguage":"en-US"},{"@type":"WebPage","@id":"https:\/\/vellomonfortarquitectes.com\/en\/how-to-transform-a-small-space-into-a-functional-and-modern-home\/","url":"https:\/\/vellomonfortarquitectes.com\/en\/how-to-transform-a-small-space-into-a-functional-and-modern-home\/","name":"Transform a small space into a modern home","isPartOf":{"@id":"https:\/\/vellomonfortarquitectes.com\/en\/#website"},"primaryImageOfPage":{"@id":"https:\/\/vellomonfortarquitectes.com\/en\/how-to-transform-a-small-space-into-a-functional-and-modern-home\/#primaryimage"},"image":{"@id":"https:\/\/vellomonfortarquitectes.com\/en\/how-to-transform-a-small-space-into-a-functional-and-modern-home\/#primaryimage"},"thumbnailUrl":"https:\/\/vellomonfortarquitectes.com\/wp-content\/uploads\/2024\/10\/transformar-viviend-pequena-en-uan-vivienda-funcional.jpg","datePublished":"2024-10-02T07:30:58+00:00","dateModified":"2025-08-22T12:03:11+00:00","author":{"@id":"https:\/\/vellomonfortarquitectes.com\/en\/#\/schema\/person\/0cf5fa332e5ca91d37387f50327aca40"},"description":"Discover how to transform small spaces into functional, modern homes with smart architectural design solutions.","breadcrumb":{"@id":"https:\/\/vellomonfortarquitectes.com\/en\/how-to-transform-a-small-space-into-a-functional-and-modern-home\/#breadcrumb"},"inLanguage":"en-US","potentialAction":[{"@type":"ReadAction","target":["https:\/\/vellomonfortarquitectes.com\/en\/how-to-transform-a-small-space-into-a-functional-and-modern-home\/"]}]},{"@type":"ImageObject","inLanguage":"en-US","@id":"https:\/\/vellomonfortarquitectes.com\/en\/how-to-transform-a-small-space-into-a-functional-and-modern-home\/#primaryimage","url":"https:\/\/vellomonfortarquitectes.com\/wp-content\/uploads\/2024\/10\/transformar-viviend-pequena-en-uan-vivienda-funcional.jpg","contentUrl":"https:\/\/vellomonfortarquitectes.com\/wp-content\/uploads\/2024\/10\/transformar-viviend-pequena-en-uan-vivienda-funcional.jpg","width":747,"height":497,"caption":"transformar vivienda peque\u00f1a en una vivienda funcional"},{"@type":"BreadcrumbList","@id":"https:\/\/vellomonfortarquitectes.com\/en\/how-to-transform-a-small-space-into-a-functional-and-modern-home\/#breadcrumb","itemListElement":[{"@type":"ListItem","position":1,"name":"Portada","item":"https:\/\/vellomonfortarquitectes.com\/en\/"},{"@type":"ListItem","position":2,"name":"How to transform a small space into a functional and modern home?"}]},{"@type":"WebSite","@id":"https:\/\/vellomonfortarquitectes.com\/en\/#website","url":"https:\/\/vellomonfortarquitectes.com\/en\/","name":"Vello Arquitectura","description":"","potentialAction":[{"@type":"SearchAction","target":{"@type":"EntryPoint","urlTemplate":"https:\/\/vellomonfortarquitectes.com\/en\/?s={search_term_string}"},"query-input":{"@type":"PropertyValueSpecification","valueRequired":true,"valueName":"search_term_string"}}],"inLanguage":"en-US"},{"@type":"Person","@id":"https:\/\/vellomonfortarquitectes.com\/en\/#\/schema\/person\/0cf5fa332e5ca91d37387f50327aca40","name":"lafabricadelseo","image":{"@type":"ImageObject","inLanguage":"en-US","@id":"https:\/\/secure.gravatar.com\/avatar\/a00b480fd278f47b8d479384a393728bed1433f6a331895d10f67aa59337cbfc?s=96&d=mm&r=g","url":"https:\/\/secure.gravatar.com\/avatar\/a00b480fd278f47b8d479384a393728bed1433f6a331895d10f67aa59337cbfc?s=96&d=mm&r=g","contentUrl":"https:\/\/secure.gravatar.com\/avatar\/a00b480fd278f47b8d479384a393728bed1433f6a331895d10f67aa59337cbfc?s=96&d=mm&r=g","caption":"lafabricadelseo"}}]}},"_links":{"self":[{"href":"https:\/\/vellomonfortarquitectes.com\/en\/wp-json\/wp\/v2\/posts\/13581","targetHints":{"allow":["GET"]}}],"collection":[{"href":"https:\/\/vellomonfortarquitectes.com\/en\/wp-json\/wp\/v2\/posts"}],"about":[{"href":"https:\/\/vellomonfortarquitectes.com\/en\/wp-json\/wp\/v2\/types\/post"}],"author":[{"embeddable":true,"href":"https:\/\/vellomonfortarquitectes.com\/en\/wp-json\/wp\/v2\/users\/5"}],"replies":[{"embeddable":true,"href":"https:\/\/vellomonfortarquitectes.com\/en\/wp-json\/wp\/v2\/comments?post=13581"}],"version-history":[{"count":11,"href":"https:\/\/vellomonfortarquitectes.com\/en\/wp-json\/wp\/v2\/posts\/13581\/revisions"}],"predecessor-version":[{"id":15526,"href":"https:\/\/vellomonfortarquitectes.com\/en\/wp-json\/wp\/v2\/posts\/13581\/revisions\/15526"}],"wp:featuredmedia":[{"embeddable":true,"href":"https:\/\/vellomonfortarquitectes.com\/en\/wp-json\/wp\/v2\/media\/13565"}],"wp:attachment":[{"href":"https:\/\/vellomonfortarquitectes.com\/en\/wp-json\/wp\/v2\/media?parent=13581"}],"wp:term":[{"taxonomy":"category","embeddable":true,"href":"https:\/\/vellomonfortarquitectes.com\/en\/wp-json\/wp\/v2\/categories?post=13581"},{"taxonomy":"post_tag","embeddable":true,"href":"https:\/\/vellomonfortarquitectes.com\/en\/wp-json\/wp\/v2\/tags?post=13581"}],"curies":[{"name":"wp","href":"https:\/\/api.w.org\/{rel}","templated":true}]}}