{"id":14712,"date":"2021-09-10T15:27:21","date_gmt":"2021-09-10T15:27:21","guid":{"rendered":"https:\/\/vellomonfortarquitectes.com\/kasteel-van-denia\/"},"modified":"2025-10-29T11:26:21","modified_gmt":"2025-10-29T11:26:21","slug":"kasteel-van-denia","status":"publish","type":"post","link":"https:\/\/vellomonfortarquitectes.com\/nl\/kasteel-van-denia\/","title":{"rendered":"Kasteel van Denia"},"content":{"rendered":"<p>[et_pb_section fb_built=&#8221;1&#8243; _builder_version=&#8221;4.16&#8243; global_colors_info=&#8221;{}&#8221;][et_pb_row _builder_version=&#8221;4.16&#8243; background_size=&#8221;initial&#8221; background_position=&#8221;top_left&#8221; background_repeat=&#8221;repeat&#8221; global_colors_info=&#8221;{}&#8221;][et_pb_column type=&#8221;4_4&#8243; _builder_version=&#8221;4.16&#8243; custom_padding=&#8221;|||&#8221; global_colors_info=&#8221;{}&#8221; custom_padding__hover=&#8221;|||&#8221;][et_pb_text _builder_version=&#8221;4.16&#8243; background_size=&#8221;initial&#8221; background_position=&#8221;top_left&#8221; background_repeat=&#8221;repeat&#8221; global_colors_info=&#8221;{}&#8221;]<span style=\"font-weight: 400;\">Het kasteel van D\u00e9nia onderscheidt zich van de andere <a href=\"https:\/\/vellomonfortarquitectes.com\/nl\/architecten-denia\/\">architectonische monumenten van D\u00e9nia<\/a> doordat het meer dan 2000 jaar oud is en overblijfselen van verschillende beschavingen samenbrengt. Binnen bevindt zich de \u201cTorre del Mig\u201d, die een belangrijke architectonische kwaliteit heeft met dubbele hoefijzerbogen, en de meest relevante ingang, de \u201cPortal de la Vila\u201d. Sindsdien zijn er verschillende verbouwingen bevorderd, zoals het planten van bomen rond de ommuring, het inrichten van toegangen of het vervangen van kamers, en de bouw van de \u201cPortal de la Vila\u201d.  <\/span><span style=\"font-weight: 400;\">zoals<\/span> <span style=\"font-weight: 400;\">de Torre del Consell of de Portal de la Vila.<\/span><span style=\"font-weight: 400;\"> <\/span><\/p>\n<p><span style=\"font-weight: 400;\">In de jaren 1960 en 1970, met de opkomst van het toerisme in de stad, werd er een toegangsweg naar de top aangelegd, waarbij een groot deel van de muren werd afgebroken en archeologische overblijfselen van de Vila Vella werden vernietigd. Het \u201cPalau del Governador\u201d werd gerestaureerd aan het begin van de jaren 1980, toen de Galliner Toren en de Rode Toren werden ingericht. HET KASTEL VAN D\u00c9NIA Tegenwoordig moet iedereen te voet of met een toeristisch treintje naar het kasteel van D\u00e9nia, omdat de toegang voor priv\u00e9auto&#8217;s verboden is om de staat van het monument te behouden. De inwoners van D\u00e9nia hebben gratis toegang tot het kasteel, terwijl toeristen en bezoekers 3 euro entree moeten betalen.     <\/span><\/p>\n<p>&nbsp;<\/p>\n<h2><strong>KASTEELTUNNEL<\/strong><\/h2>\n<p><span style=\"font-weight: 400;\">Sinds de renovatie in 2011 zijn het onderhoud en het uiterlijk van deze doorgang onder het kasteel van D\u00e9nia aanzienlijk verbeterd, waardoor de netheid en stabiliteit, die voorheen ontbraken, zijn toegenomen. <\/span><span style=\"font-weight: 400;\">De bouw van de kasteeltunnel van D\u00e9nia dateert uit de jaren van de Spaanse Burgeroorlog.<\/span><\/p>\n<h2><strong> MUZIEK IN HET KASTEEL <\/strong><\/h2>\n<p><span style=\"font-weight: 400;\">Elke zomer vinden op de esplanade van het kasteel van de gouverneur van D\u00e9nia, in het voorste deel van de ommuring, 2 weken lang concerten plaats van klassieke en hitsongs tijdens de concertperiode Melod\u00eda en el Castillo (Melodie in het Kasteel). Dankzij deze concerten wordt de esplanade van het kasteel van de gouverneur, naast het spectaculaire uitzicht over de stad vanaf het kasteel, het zenuwcentrum van de nationaal bekende melodie.  <\/span><\/p>\n<h2><strong>BRUILOFTEN IN HET KASTEEL VAN D\u00c9NIA<\/strong><\/h2>\n<p><span style=\"font-weight: 400;\">Het stadhuis van D\u00e9nia heeft onlangs verschillende bruiloften georganiseerd in het kasteel van D\u00e9nia. Bruidsparen die dat willen, hebben de mogelijkheid om te trouwen in het kasteel van D\u00e9nia tegen betaling van de kosten (ongeveer 1.000 euro) en in de wetenschap dat het niet mogelijk is om het voorname deel per koets te betreden en dat de banketten geserveerd kunnen worden in de faciliteiten van de monumentale groep.  <\/span><\/p>\n<h2><strong>WANNEER gaan<\/strong><\/h2>\n<p><span style=\"font-weight: 400;\">Het kasteel van D\u00e9nia opent zijn deuren tussen november en maart van 10.00 tot 18.00 uur. Tijdens de maanden juli, augustus en de eerste twee weken van september kan het kasteel bezocht worden van 10:00 tot 00:30 uur. <\/span>[\/et_pb_text][\/et_pb_column][\/et_pb_row][et_pb_row _builder_version=&#8221;4.27.4&#8243; _module_preset=&#8221;default&#8221; module_alignment=&#8221;center&#8221; global_colors_info=&#8221;{}&#8221; locked=&#8221;off&#8221;][et_pb_column type=&#8221;4_4&#8243; _builder_version=&#8221;4.27.4&#8243; _module_preset=&#8221;default&#8221; global_colors_info=&#8221;{}&#8221;][et_pb_code _builder_version=&#8221;4.27.4&#8243; _module_preset=&#8221;default&#8221; text_orientation=&#8221;center&#8221; global_colors_info=&#8221;{}&#8221;]<\/p>\n<div class=\"author-box\" style=\"border: 1px solid #e0e0e0; padding: 20px; margin-top: 40px; border-radius: 12px; max-width: 600px; text-align: center; margin-left: auto; margin-right: auto;\"><!-- [et_pb_line_break_holder] -->  <img loading=\"lazy\" decoding=\"async\" src=\"https:\/\/vellomonfortarquitectes.com\/wp-content\/uploads\/2020\/11\/joseantonio.jpg\" alt=\"Jos\u00e9 Antonio Vell\u00f3, erkend architect in Gand\u00eda\" width=\"120\" height=\"120\" style=\"border-radius: 50%; object-fit: cover; margin-bottom: 15px;\"><!-- [et_pb_line_break_holder] -->  <\/p>\n<h3 style=\"margin: 0 0 10px;\">Over de auteur: Jos\u00e9 Antonio Vell\u00f3<\/h3>\n<p><!-- [et_pb_line_break_holder] -->  <pee style=\"margin: 0 0 10px;\"><!-- [et_pb_line_break_holder] --> Architect, lid van de <strong>COACV <\/strong>en medeoprichter van <strong>Vell\u00f3 Monfort Arquitectes<\/strong>. Hij heeft meer dan 20 jaar ervaring in het ontwerpen, renoveren en technisch leiden van residenti\u00eble en openbare projecten in de <strong>regio Valencia<\/strong>. <!-- [et_pb_line_break_holder] -->  <\/pee><!-- [et_pb_line_break_holder] -->  <pee style=\"margin: 0 0 10px;\"><!-- [et_pb_line_break_holder] --> Specialist in stedenbouwkundige regelgeving, energie-effici\u00ebntie en integraal bouwbeheer voor particulieren, projectontwikkelaars en overheidsinstanties.<!-- [et_pb_line_break_holder] -->  <\/pee><!-- [et_pb_line_break_holder] -->  <pee style=\"margin: 0 0 10px;\"><!-- [et_pb_line_break_holder] -->    <a href=\"https:\/\/vellomonfortarquitectes.com\/nl\/architectuur-studio-gandia\/\" style=\"color: #005599; text-decoration: underline;\">Meer informatie over het onderzoek<\/a> | <!-- [et_pb_line_break_holder] --> <a href=\"https:\/\/www.linkedin.com\/in\/jos%C3%A9-antonio-vell%C3%B3-ribes-aba23027?originalSubdomain=es\" target=\"_blank\" rel=\"noopener\" style=\"color: #005599; text-decoration: underline;\">LinkedIn-profiel<\/a><!-- [et_pb_line_break_holder] -->  <\/pee><!-- [et_pb_line_break_holder] --><\/div>\n<p><!-- [et_pb_line_break_holder] -->[\/et_pb_code][\/et_pb_column][\/et_pb_row][\/et_pb_section]<\/p>\n","protected":false},"excerpt":{"rendered":"<p>Het kasteel van D\u00e9nia onderscheidt zich van de andere architectonische monumenten van D\u00e9nia doordat het meer dan 2000 jaar oud is en overblijfselen van verschillende beschavingen samenbrengt. Binnen bevindt zich de \u201cTorre del Mig\u201d, die een belangrijke architectonische kwaliteit heeft met dubbele hoefijzerbogen, en de meest relevante ingang, de \u201cPortal de la Vila\u201d. Sindsdien zijn [&hellip;]<\/p>\n","protected":false},"author":5,"featured_media":14713,"comment_status":"closed","ping_status":"open","sticky":false,"template":"","format":"standard","meta":{"_et_pb_use_builder":"on","_et_pb_old_content":"","_et_gb_content_width":"","footnotes":""},"categories":[214,218],"tags":[],"class_list":["post-14712","post","type-post","status-publish","format-standard","has-post-thumbnail","hentry","category-blog-nl","category-denia-nl"],"yoast_head":"<!-- This site is optimized with the Yoast SEO plugin v27.5 - https:\/\/yoast.com\/product\/yoast-seo-wordpress\/ -->\n<title>Kasteel van Denia &#8226; Vello Arquitectura<\/title>\n<meta name=\"description\" content=\"Het kasteel van D\u00e9nia onderscheidt zich van de andere monumenten in D\u00e9nia doordat het meer dan 2000 jaar oud is.\" \/>\n<meta name=\"robots\" content=\"index, follow, max-snippet:-1, max-image-preview:large, max-video-preview:-1\" \/>\n<link rel=\"canonical\" href=\"https:\/\/vellomonfortarquitectes.com\/nl\/kasteel-van-denia\/\" \/>\n<meta property=\"og:locale\" content=\"nl_NL\" \/>\n<meta property=\"og:type\" content=\"article\" \/>\n<meta property=\"og:title\" content=\"Kasteel van Denia &#8226; Vello Arquitectura\" \/>\n<meta property=\"og:description\" content=\"Het kasteel van D\u00e9nia onderscheidt zich van de andere monumenten in D\u00e9nia doordat het meer dan 2000 jaar oud is.\" \/>\n<meta property=\"og:url\" content=\"https:\/\/vellomonfortarquitectes.com\/nl\/kasteel-van-denia\/\" \/>\n<meta property=\"og:site_name\" content=\"Vello Arquitectura\" \/>\n<meta property=\"article:published_time\" content=\"2021-09-10T15:27:21+00:00\" \/>\n<meta property=\"article:modified_time\" content=\"2025-10-29T11:26:21+00:00\" \/>\n<meta property=\"og:image\" content=\"https:\/\/vellomonfortarquitectes.com\/wp-content\/uploads\/2021\/09\/castle-2771512_1920-1.jpg\" \/>\n\t<meta property=\"og:image:width\" content=\"1920\" \/>\n\t<meta property=\"og:image:height\" content=\"1440\" \/>\n\t<meta property=\"og:image:type\" content=\"image\/jpeg\" \/>\n<meta name=\"author\" content=\"lafabricadelseo\" \/>\n<meta name=\"twitter:card\" content=\"summary_large_image\" \/>\n<meta name=\"twitter:label1\" content=\"Geschreven door\" \/>\n\t<meta name=\"twitter:data1\" content=\"lafabricadelseo\" \/>\n\t<meta name=\"twitter:label2\" content=\"Geschatte leestijd\" \/>\n\t<meta name=\"twitter:data2\" content=\"3 minuten\" \/>\n<script type=\"application\/ld+json\" class=\"yoast-schema-graph\">{\"@context\":\"https:\\\/\\\/schema.org\",\"@graph\":[{\"@type\":\"Article\",\"@id\":\"https:\\\/\\\/vellomonfortarquitectes.com\\\/nl\\\/kasteel-van-denia\\\/#article\",\"isPartOf\":{\"@id\":\"https:\\\/\\\/vellomonfortarquitectes.com\\\/nl\\\/kasteel-van-denia\\\/\"},\"author\":{\"name\":\"lafabricadelseo\",\"@id\":\"https:\\\/\\\/vellomonfortarquitectes.com\\\/nl\\\/#\\\/schema\\\/person\\\/0cf5fa332e5ca91d37387f50327aca40\"},\"headline\":\"Kasteel van Denia\",\"datePublished\":\"2021-09-10T15:27:21+00:00\",\"dateModified\":\"2025-10-29T11:26:21+00:00\",\"mainEntityOfPage\":{\"@id\":\"https:\\\/\\\/vellomonfortarquitectes.com\\\/nl\\\/kasteel-van-denia\\\/\"},\"wordCount\":639,\"image\":{\"@id\":\"https:\\\/\\\/vellomonfortarquitectes.com\\\/nl\\\/kasteel-van-denia\\\/#primaryimage\"},\"thumbnailUrl\":\"https:\\\/\\\/vellomonfortarquitectes.com\\\/wp-content\\\/uploads\\\/2021\\\/09\\\/castle-2771512_1920-1.jpg\",\"articleSection\":[\"Blog\",\"Denia\"],\"inLanguage\":\"nl-NL\"},{\"@type\":\"WebPage\",\"@id\":\"https:\\\/\\\/vellomonfortarquitectes.com\\\/nl\\\/kasteel-van-denia\\\/\",\"url\":\"https:\\\/\\\/vellomonfortarquitectes.com\\\/nl\\\/kasteel-van-denia\\\/\",\"name\":\"Kasteel van Denia &#8226; Vello Arquitectura\",\"isPartOf\":{\"@id\":\"https:\\\/\\\/vellomonfortarquitectes.com\\\/nl\\\/#website\"},\"primaryImageOfPage\":{\"@id\":\"https:\\\/\\\/vellomonfortarquitectes.com\\\/nl\\\/kasteel-van-denia\\\/#primaryimage\"},\"image\":{\"@id\":\"https:\\\/\\\/vellomonfortarquitectes.com\\\/nl\\\/kasteel-van-denia\\\/#primaryimage\"},\"thumbnailUrl\":\"https:\\\/\\\/vellomonfortarquitectes.com\\\/wp-content\\\/uploads\\\/2021\\\/09\\\/castle-2771512_1920-1.jpg\",\"datePublished\":\"2021-09-10T15:27:21+00:00\",\"dateModified\":\"2025-10-29T11:26:21+00:00\",\"author\":{\"@id\":\"https:\\\/\\\/vellomonfortarquitectes.com\\\/nl\\\/#\\\/schema\\\/person\\\/0cf5fa332e5ca91d37387f50327aca40\"},\"description\":\"Het kasteel van D\u00e9nia onderscheidt zich van de andere monumenten in D\u00e9nia doordat het meer dan 2000 jaar oud is.\",\"breadcrumb\":{\"@id\":\"https:\\\/\\\/vellomonfortarquitectes.com\\\/nl\\\/kasteel-van-denia\\\/#breadcrumb\"},\"inLanguage\":\"nl-NL\",\"potentialAction\":[{\"@type\":\"ReadAction\",\"target\":[\"https:\\\/\\\/vellomonfortarquitectes.com\\\/nl\\\/kasteel-van-denia\\\/\"]}]},{\"@type\":\"ImageObject\",\"inLanguage\":\"nl-NL\",\"@id\":\"https:\\\/\\\/vellomonfortarquitectes.com\\\/nl\\\/kasteel-van-denia\\\/#primaryimage\",\"url\":\"https:\\\/\\\/vellomonfortarquitectes.com\\\/wp-content\\\/uploads\\\/2021\\\/09\\\/castle-2771512_1920-1.jpg\",\"contentUrl\":\"https:\\\/\\\/vellomonfortarquitectes.com\\\/wp-content\\\/uploads\\\/2021\\\/09\\\/castle-2771512_1920-1.jpg\",\"width\":1920,\"height\":1440,\"caption\":\"castillo de denia\"},{\"@type\":\"BreadcrumbList\",\"@id\":\"https:\\\/\\\/vellomonfortarquitectes.com\\\/nl\\\/kasteel-van-denia\\\/#breadcrumb\",\"itemListElement\":[{\"@type\":\"ListItem\",\"position\":1,\"name\":\"Portada\",\"item\":\"https:\\\/\\\/vellomonfortarquitectes.com\\\/nl\\\/\"},{\"@type\":\"ListItem\",\"position\":2,\"name\":\"Kasteel van Denia\"}]},{\"@type\":\"WebSite\",\"@id\":\"https:\\\/\\\/vellomonfortarquitectes.com\\\/nl\\\/#website\",\"url\":\"https:\\\/\\\/vellomonfortarquitectes.com\\\/nl\\\/\",\"name\":\"Vello Arquitectura\",\"description\":\"\",\"potentialAction\":[{\"@type\":\"SearchAction\",\"target\":{\"@type\":\"EntryPoint\",\"urlTemplate\":\"https:\\\/\\\/vellomonfortarquitectes.com\\\/nl\\\/?s={search_term_string}\"},\"query-input\":{\"@type\":\"PropertyValueSpecification\",\"valueRequired\":true,\"valueName\":\"search_term_string\"}}],\"inLanguage\":\"nl-NL\"},{\"@type\":\"Person\",\"@id\":\"https:\\\/\\\/vellomonfortarquitectes.com\\\/nl\\\/#\\\/schema\\\/person\\\/0cf5fa332e5ca91d37387f50327aca40\",\"name\":\"lafabricadelseo\",\"image\":{\"@type\":\"ImageObject\",\"inLanguage\":\"nl-NL\",\"@id\":\"https:\\\/\\\/secure.gravatar.com\\\/avatar\\\/a00b480fd278f47b8d479384a393728bed1433f6a331895d10f67aa59337cbfc?s=96&d=mm&r=g\",\"url\":\"https:\\\/\\\/secure.gravatar.com\\\/avatar\\\/a00b480fd278f47b8d479384a393728bed1433f6a331895d10f67aa59337cbfc?s=96&d=mm&r=g\",\"contentUrl\":\"https:\\\/\\\/secure.gravatar.com\\\/avatar\\\/a00b480fd278f47b8d479384a393728bed1433f6a331895d10f67aa59337cbfc?s=96&d=mm&r=g\",\"caption\":\"lafabricadelseo\"}}]}<\/script>\n<!-- \/ Yoast SEO plugin. -->","yoast_head_json":{"title":"Kasteel van Denia &#8226; Vello Arquitectura","description":"Het kasteel van D\u00e9nia onderscheidt zich van de andere monumenten in D\u00e9nia doordat het meer dan 2000 jaar oud is.","robots":{"index":"index","follow":"follow","max-snippet":"max-snippet:-1","max-image-preview":"max-image-preview:large","max-video-preview":"max-video-preview:-1"},"canonical":"https:\/\/vellomonfortarquitectes.com\/nl\/kasteel-van-denia\/","og_locale":"nl_NL","og_type":"article","og_title":"Kasteel van Denia &#8226; Vello Arquitectura","og_description":"Het kasteel van D\u00e9nia onderscheidt zich van de andere monumenten in D\u00e9nia doordat het meer dan 2000 jaar oud is.","og_url":"https:\/\/vellomonfortarquitectes.com\/nl\/kasteel-van-denia\/","og_site_name":"Vello Arquitectura","article_published_time":"2021-09-10T15:27:21+00:00","article_modified_time":"2025-10-29T11:26:21+00:00","og_image":[{"width":1920,"height":1440,"url":"https:\/\/vellomonfortarquitectes.com\/wp-content\/uploads\/2021\/09\/castle-2771512_1920-1.jpg","type":"image\/jpeg"}],"author":"lafabricadelseo","twitter_card":"summary_large_image","twitter_misc":{"Geschreven door":"lafabricadelseo","Geschatte leestijd":"3 minuten"},"schema":{"@context":"https:\/\/schema.org","@graph":[{"@type":"Article","@id":"https:\/\/vellomonfortarquitectes.com\/nl\/kasteel-van-denia\/#article","isPartOf":{"@id":"https:\/\/vellomonfortarquitectes.com\/nl\/kasteel-van-denia\/"},"author":{"name":"lafabricadelseo","@id":"https:\/\/vellomonfortarquitectes.com\/nl\/#\/schema\/person\/0cf5fa332e5ca91d37387f50327aca40"},"headline":"Kasteel van Denia","datePublished":"2021-09-10T15:27:21+00:00","dateModified":"2025-10-29T11:26:21+00:00","mainEntityOfPage":{"@id":"https:\/\/vellomonfortarquitectes.com\/nl\/kasteel-van-denia\/"},"wordCount":639,"image":{"@id":"https:\/\/vellomonfortarquitectes.com\/nl\/kasteel-van-denia\/#primaryimage"},"thumbnailUrl":"https:\/\/vellomonfortarquitectes.com\/wp-content\/uploads\/2021\/09\/castle-2771512_1920-1.jpg","articleSection":["Blog","Denia"],"inLanguage":"nl-NL"},{"@type":"WebPage","@id":"https:\/\/vellomonfortarquitectes.com\/nl\/kasteel-van-denia\/","url":"https:\/\/vellomonfortarquitectes.com\/nl\/kasteel-van-denia\/","name":"Kasteel van Denia &#8226; Vello Arquitectura","isPartOf":{"@id":"https:\/\/vellomonfortarquitectes.com\/nl\/#website"},"primaryImageOfPage":{"@id":"https:\/\/vellomonfortarquitectes.com\/nl\/kasteel-van-denia\/#primaryimage"},"image":{"@id":"https:\/\/vellomonfortarquitectes.com\/nl\/kasteel-van-denia\/#primaryimage"},"thumbnailUrl":"https:\/\/vellomonfortarquitectes.com\/wp-content\/uploads\/2021\/09\/castle-2771512_1920-1.jpg","datePublished":"2021-09-10T15:27:21+00:00","dateModified":"2025-10-29T11:26:21+00:00","author":{"@id":"https:\/\/vellomonfortarquitectes.com\/nl\/#\/schema\/person\/0cf5fa332e5ca91d37387f50327aca40"},"description":"Het kasteel van D\u00e9nia onderscheidt zich van de andere monumenten in D\u00e9nia doordat het meer dan 2000 jaar oud is.","breadcrumb":{"@id":"https:\/\/vellomonfortarquitectes.com\/nl\/kasteel-van-denia\/#breadcrumb"},"inLanguage":"nl-NL","potentialAction":[{"@type":"ReadAction","target":["https:\/\/vellomonfortarquitectes.com\/nl\/kasteel-van-denia\/"]}]},{"@type":"ImageObject","inLanguage":"nl-NL","@id":"https:\/\/vellomonfortarquitectes.com\/nl\/kasteel-van-denia\/#primaryimage","url":"https:\/\/vellomonfortarquitectes.com\/wp-content\/uploads\/2021\/09\/castle-2771512_1920-1.jpg","contentUrl":"https:\/\/vellomonfortarquitectes.com\/wp-content\/uploads\/2021\/09\/castle-2771512_1920-1.jpg","width":1920,"height":1440,"caption":"castillo de denia"},{"@type":"BreadcrumbList","@id":"https:\/\/vellomonfortarquitectes.com\/nl\/kasteel-van-denia\/#breadcrumb","itemListElement":[{"@type":"ListItem","position":1,"name":"Portada","item":"https:\/\/vellomonfortarquitectes.com\/nl\/"},{"@type":"ListItem","position":2,"name":"Kasteel van Denia"}]},{"@type":"WebSite","@id":"https:\/\/vellomonfortarquitectes.com\/nl\/#website","url":"https:\/\/vellomonfortarquitectes.com\/nl\/","name":"Vello Arquitectura","description":"","potentialAction":[{"@type":"SearchAction","target":{"@type":"EntryPoint","urlTemplate":"https:\/\/vellomonfortarquitectes.com\/nl\/?s={search_term_string}"},"query-input":{"@type":"PropertyValueSpecification","valueRequired":true,"valueName":"search_term_string"}}],"inLanguage":"nl-NL"},{"@type":"Person","@id":"https:\/\/vellomonfortarquitectes.com\/nl\/#\/schema\/person\/0cf5fa332e5ca91d37387f50327aca40","name":"lafabricadelseo","image":{"@type":"ImageObject","inLanguage":"nl-NL","@id":"https:\/\/secure.gravatar.com\/avatar\/a00b480fd278f47b8d479384a393728bed1433f6a331895d10f67aa59337cbfc?s=96&d=mm&r=g","url":"https:\/\/secure.gravatar.com\/avatar\/a00b480fd278f47b8d479384a393728bed1433f6a331895d10f67aa59337cbfc?s=96&d=mm&r=g","contentUrl":"https:\/\/secure.gravatar.com\/avatar\/a00b480fd278f47b8d479384a393728bed1433f6a331895d10f67aa59337cbfc?s=96&d=mm&r=g","caption":"lafabricadelseo"}}]}},"_links":{"self":[{"href":"https:\/\/vellomonfortarquitectes.com\/nl\/wp-json\/wp\/v2\/posts\/14712","targetHints":{"allow":["GET"]}}],"collection":[{"href":"https:\/\/vellomonfortarquitectes.com\/nl\/wp-json\/wp\/v2\/posts"}],"about":[{"href":"https:\/\/vellomonfortarquitectes.com\/nl\/wp-json\/wp\/v2\/types\/post"}],"author":[{"embeddable":true,"href":"https:\/\/vellomonfortarquitectes.com\/nl\/wp-json\/wp\/v2\/users\/5"}],"replies":[{"embeddable":true,"href":"https:\/\/vellomonfortarquitectes.com\/nl\/wp-json\/wp\/v2\/comments?post=14712"}],"version-history":[{"count":3,"href":"https:\/\/vellomonfortarquitectes.com\/nl\/wp-json\/wp\/v2\/posts\/14712\/revisions"}],"predecessor-version":[{"id":15899,"href":"https:\/\/vellomonfortarquitectes.com\/nl\/wp-json\/wp\/v2\/posts\/14712\/revisions\/15899"}],"wp:featuredmedia":[{"embeddable":true,"href":"https:\/\/vellomonfortarquitectes.com\/nl\/wp-json\/wp\/v2\/media\/14713"}],"wp:attachment":[{"href":"https:\/\/vellomonfortarquitectes.com\/nl\/wp-json\/wp\/v2\/media?parent=14712"}],"wp:term":[{"taxonomy":"category","embeddable":true,"href":"https:\/\/vellomonfortarquitectes.com\/nl\/wp-json\/wp\/v2\/categories?post=14712"},{"taxonomy":"post_tag","embeddable":true,"href":"https:\/\/vellomonfortarquitectes.com\/nl\/wp-json\/wp\/v2\/tags?post=14712"}],"curies":[{"name":"wp","href":"https:\/\/api.w.org\/{rel}","templated":true}]}}