{"id":14850,"date":"2023-07-19T10:57:43","date_gmt":"2023-07-19T10:57:43","guid":{"rendered":"https:\/\/vellomonfortarquitectes.com\/duurzaam-en-ecologisch-ontwerp-bij-de-renovatie-van-je-flat\/"},"modified":"2025-10-29T08:03:22","modified_gmt":"2025-10-29T08:03:22","slug":"duurzaam-en-ecologisch-ontwerp-bij-de-renovatie-van-je-flat","status":"publish","type":"post","link":"https:\/\/vellomonfortarquitectes.com\/nl\/duurzaam-en-ecologisch-ontwerp-bij-de-renovatie-van-je-flat\/","title":{"rendered":"Duurzaam en ecologisch ontwerp bij de renovatie van je flat"},"content":{"rendered":"<p>[et_pb_section fb_built=&#8221;1&#8243; _builder_version=&#8221;4.16&#8243; global_colors_info=&#8221;{}&#8221;][et_pb_row _builder_version=&#8221;4.16&#8243; background_size=&#8221;initial&#8221; background_position=&#8221;top_left&#8221; background_repeat=&#8221;repeat&#8221; global_colors_info=&#8221;{}&#8221;][et_pb_column type=&#8221;4_4&#8243; _builder_version=&#8221;4.16&#8243; custom_padding=&#8221;|||&#8221; global_colors_info=&#8221;{}&#8221; custom_padding__hover=&#8221;|||&#8221;][et_pb_text _builder_version=&#8221;4.18.0&#8243; background_size=&#8221;initial&#8221; background_position=&#8221;top_left&#8221; background_repeat=&#8221;repeat&#8221; text_orientation=&#8221;justified&#8221; global_colors_info=&#8221;{}&#8221;]<\/p>\n<blockquote><\/blockquote>\n<p>In de 21e eeuw is het concept van duurzaamheid meer dan een trend: het is een noodzaak geworden. Hier bij <a href=\"https:\/\/vellomonfortarquitectes.com\/nl\/\" title=\"Vello Arquitectos\"><strong>Vello Arquitectos<\/strong><\/a> lopen we voorop op het gebied van duurzame architectuur en delen we graag idee\u00ebn en tips met onze klanten om hun renovatieprojecten zo groen mogelijk te maken. <\/p>\n<h2>Waarom kiezen voor Duurzaam Ontwerp?<\/h2>\n<p>Duurzaam ontwerpen is meer dan een modegril. Het is een verbintenis met de toekomst van onze planeet. Door te kiezen voor een duurzaam ontwerp draag je bij aan de bescherming van het milieu en kun je op de lange termijn profiteren van aanzienlijke besparingen.  <\/p>\n<h3>Toewijding aan de toekomst<\/h3>\n<p>Duurzaam ontwerpen gaat niet alleen over energie-effici\u00ebntie en het gebruik van milieuvriendelijke materialen, maar ook over bouwen met een minimale impact op het milieu. Je huis is je toevluchtsoord en door te kiezen voor een duurzaam ontwerp help je de wereld die we allemaal delen te beschermen. <\/p>\n<h3>Besparingen op lange termijn<\/h3>\n<p>De beslissingen die je neemt tijdens het verbouwingsproces kunnen een blijvende invloed hebben op de energie- en onderhoudskosten van je huis. Groene oplossingen, zoals het installeren van zeer effici\u00ebnte isolatie of het kiezen van energiezuinige apparaten, kunnen je energierekeningen op de lange termijn verlagen. <\/p>\n<p>[\/et_pb_text][et_pb_divider show_divider=&#8221;off&#8221; _builder_version=&#8221;4.18.0&#8243; _module_preset=&#8221;default&#8221; global_colors_info=&#8221;{}&#8221;][\/et_pb_divider][et_pb_cta title=&#8221;Neem contact op met onze architectuurstudio&#8221; button_url=&#8221;https:\/\/vellomonfortarquitectes.com\/nl\/&#8221; button_text=&#8221;Neem contact op met&#8221; _builder_version=&#8221;4.18.0&#8243; _module_preset=&#8221;default&#8221; global_colors_info=&#8221;{}&#8221;][\/et_pb_cta][et_pb_divider show_divider=&#8221;off&#8221; _builder_version=&#8221;4.18.0&#8243; _module_preset=&#8221;default&#8221; global_colors_info=&#8221;{}&#8221;][\/et_pb_divider][et_pb_text _builder_version=&#8221;4.18.0&#8243; _module_preset=&#8221;default&#8221; text_orientation=&#8221;justified&#8221; global_colors_info=&#8221;{}&#8221;]<\/p>\n<h2>Tips voor duurzaam ontwerp<\/h2>\n<p>Duurzaamheid opnemen in je renovatieproject hoeft niet overweldigend te zijn. Hier zijn enkele tips om je op weg te helpen. <\/p>\n<h3>Maximale energie-effici\u00ebntie<\/h3>\n<p>Energie-effici\u00ebntie is fundamenteel voor een duurzaam ontwerp. Het gebruik van energiezuinige apparaten, het installeren van LED-verlichting en het verbeteren van de warmte-isolatie zijn enkele manieren waarop je het energieverbruik van je huis kunt verminderen. Overweeg ook om hernieuwbare energie te gebruiken, zoals zonne-energie, om de afhankelijkheid van fossiele brandstoffen verder te verminderen.  <\/p>\n<h3>Verminderen, hergebruiken, recyclen<\/h3>\n<p>Bouw en renovatie kunnen een aanzienlijke hoeveelheid afval genereren. Maar door een mentaliteit van verminderen, hergebruiken en recyclen aan te nemen, kun je de impact van je project op het milieu minimaliseren. Van het hergebruiken van bestaande materialen tot het kiezen van gerecyclede producten, alle kleine stapjes helpen.  <\/p>\n<h3>Kwaliteit boven kwantiteit<\/h3>\n<p>Ga niet op zoek naar de goedkoopste optie, maar let op de duurzaamheid van de materialen en producten die je kiest. Hoogwaardige materialen gaan niet alleen langer mee, maar vergen na verloop van tijd ook minder onderhoud. De hogere initi\u00eble kosten leiden op de lange termijn tot besparingen.  <\/p>\n<h2>Ecologische materialen voor je renovatie<\/h2>\n<p>Door milieuvriendelijke materialen te kiezen voor je renovatie, draag je niet alleen bij aan de gezondheid van de planeet, maar ook aan de gezondheid van je huis. Hier zijn enkele opties om te overwegen. <\/p>\n<h3>Gecertificeerd hout<\/h3>\n<p>Hout dat gecertificeerd is door de Forest Stewardship Council (FSC) of het Programme for the Endorsement of Forest Certification (PEFC) garandeert dat houtproducten afkomstig zijn uit duurzaam beheerde bossen. Door gecertificeerd hout te gebruiken, kun je genieten van de warmte en schoonheid van natuurlijk hout, terwijl je weet dat je verantwoord bosbeheer steunt. <\/p>\n<h3>VOS-arme verven en afdichtmiddelen<\/h3>\n<p>Vluchtige organische stoffen (VOC&#8217;s) zijn schadelijke chemische stoffen die vrijkomen in de lucht als verf droogt. Deze stoffen kunnen bijdragen aan luchtvervuiling binnenshuis en kunnen schadelijk zijn voor de gezondheid. Door te kiezen voor verven en kitten met weinig of geen vluchtige organische stoffen (VOS) kun je de luchtkwaliteit binnenshuis verbeteren en de impact op het milieu verminderen.  <\/p>\n<h3>Gerecyclede producten<\/h3>\n<p>Van isolatie gemaakt van gerecyclede spijkerbroeken tot aanrechtbladen gemaakt van gerecycled glas, er is een grote verscheidenheid aan gerecyclede bouwproducten beschikbaar. Deze producten zijn een uitstekende manier om de vraag naar natuurlijke hulpbronnen te verminderen en de hoeveelheid afval die gestort wordt te minimaliseren. <\/p>\n<h2>Heb je hulp nodig voor een duurzaam ontwerp?<\/h2>\n<p>Bij Vello Architecten is het onze passie om prachtige duurzame ontwerpen te maken. Ons team heeft uitgebreide ervaring in duurzaam ontwerpen en kan u helpen weloverwogen beslissingen te nemen over de materialen en technieken die passen bij uw duurzaamheidsbehoeften en -doelstellingen. <\/p>\n<p>Kortom, het kiezen van een duurzaam ontwerp voor de <strong><a href=\"https:\/\/vellomonfortarquitectes.com\/nl\/hervormingsprojecten\/\" title=\"Flat renovatie\">renovatie van je appartement<\/a><\/strong> lijkt misschien een ontmoedigende taak, maar dat hoeft het niet te zijn. Met de juiste tips en technieken kun je een ruimte cre\u00ebren die niet alleen mooi en functioneel is, maar ook milieuvriendelijk. Als u klaar bent om uw reis naar een duurzamere renovatie te beginnen, staat het team van <strong>Vello Arquitectos<\/strong> klaar om u bij elke stap te helpen.<\/p>\n<p>[\/et_pb_text][\/et_pb_column][\/et_pb_row][et_pb_row _builder_version=&#8221;4.27.4&#8243; _module_preset=&#8221;default&#8221; module_alignment=&#8221;center&#8221; global_colors_info=&#8221;{}&#8221; locked=&#8221;off&#8221;][et_pb_column type=&#8221;4_4&#8243; _builder_version=&#8221;4.27.4&#8243; _module_preset=&#8221;default&#8221; global_colors_info=&#8221;{}&#8221;][et_pb_code _builder_version=&#8221;4.27.4&#8243; _module_preset=&#8221;default&#8221; text_orientation=&#8221;center&#8221; global_colors_info=&#8221;{}&#8221;]<\/p>\n<div class=\"author-box\" style=\"border: 1px solid #e0e0e0; padding: 20px; margin-top: 40px; border-radius: 12px; max-width: 600px; text-align: center; margin-left: auto; margin-right: auto;\"><!-- [et_pb_line_break_holder] -->  <img loading=\"lazy\" decoding=\"async\" src=\"https:\/\/vellomonfortarquitectes.com\/wp-content\/uploads\/2020\/11\/joseantonio.jpg\" alt=\"Jos\u00e9 Antonio Vell\u00f3, erkend architect in Gand\u00eda\" width=\"120\" height=\"120\" style=\"border-radius: 50%; object-fit: cover; margin-bottom: 15px;\"><!-- [et_pb_line_break_holder] -->  <\/p>\n<h3 style=\"margin: 0 0 10px;\">Over de auteur: Jos\u00e9 Antonio Vell\u00f3<\/h3>\n<p><!-- [et_pb_line_break_holder] -->  <pee style=\"margin: 0 0 10px;\"><!-- [et_pb_line_break_holder] --> Architect, lid van de <strong>COACV <\/strong>en medeoprichter van <strong>Vell\u00f3 Monfort Arquitectes<\/strong>. Hij heeft meer dan 20 jaar ervaring in het ontwerpen, renoveren en technisch leiden van residenti\u00eble en openbare projecten in de <strong>regio Valencia<\/strong>. <!-- [et_pb_line_break_holder] -->  <\/pee><!-- [et_pb_line_break_holder] -->  <pee style=\"margin: 0 0 10px;\"><!-- [et_pb_line_break_holder] --> Specialist in stedenbouwkundige regelgeving, energie-effici\u00ebntie en integraal bouwbeheer voor particulieren, projectontwikkelaars en overheidsinstanties.<!-- [et_pb_line_break_holder] -->  <\/pee><!-- [et_pb_line_break_holder] -->  <pee style=\"margin: 0 0 10px;\"><!-- [et_pb_line_break_holder] -->    <a href=\"https:\/\/vellomonfortarquitectes.com\/nl\/architectuur-studio-gandia\/\" style=\"color: #005599; text-decoration: underline;\">Meer informatie over het onderzoek<\/a> | <!-- [et_pb_line_break_holder] --> <a href=\"https:\/\/www.linkedin.com\/in\/jos%C3%A9-antonio-vell%C3%B3-ribes-aba23027?originalSubdomain=es\" target=\"_blank\" rel=\"noopener\" style=\"color: #005599; text-decoration: underline;\">LinkedIn-profiel<\/a><!-- [et_pb_line_break_holder] -->  <\/pee><!-- [et_pb_line_break_holder] --><\/div>\n<p><!-- [et_pb_line_break_holder] -->[\/et_pb_code][\/et_pb_column][\/et_pb_row][\/et_pb_section]<\/p>\n","protected":false},"excerpt":{"rendered":"<p>In de 21e eeuw is het concept van duurzaamheid meer dan een trend: het is een noodzaak geworden. Hier bij Vello Arquitectos lopen we voorop op het gebied van duurzame architectuur en delen we graag idee\u00ebn en tips met onze klanten om hun renovatieprojecten zo groen mogelijk te maken. Waarom kiezen voor Duurzaam Ontwerp? Duurzaam [&hellip;]<\/p>\n","protected":false},"author":5,"featured_media":14851,"comment_status":"closed","ping_status":"open","sticky":false,"template":"","format":"standard","meta":{"_et_pb_use_builder":"on","_et_pb_old_content":"","_et_gb_content_width":"","footnotes":""},"categories":[214],"tags":[],"class_list":["post-14850","post","type-post","status-publish","format-standard","has-post-thumbnail","hentry","category-blog-nl"],"yoast_head":"<!-- This site is optimized with the Yoast SEO plugin v27.5 - https:\/\/yoast.com\/product\/yoast-seo-wordpress\/ -->\n<title>Duurzaam ontwerp in hervormingen: Tips van Vello Arquitectos<\/title>\n<meta name=\"description\" content=\"Ontdek hoe je je renovatie milieuvriendelijk kunt maken met tips van Vello Architecten. Maak van je flat een duurzaam huis.\" \/>\n<meta name=\"robots\" content=\"index, follow, max-snippet:-1, max-image-preview:large, max-video-preview:-1\" \/>\n<link rel=\"canonical\" href=\"https:\/\/vellomonfortarquitectes.com\/nl\/duurzaam-en-ecologisch-ontwerp-bij-de-renovatie-van-je-flat\/\" \/>\n<meta property=\"og:locale\" content=\"nl_NL\" \/>\n<meta property=\"og:type\" content=\"article\" \/>\n<meta property=\"og:title\" content=\"Duurzaam ontwerp in hervormingen: Tips van Vello Arquitectos\" \/>\n<meta property=\"og:description\" content=\"Ontdek hoe je je renovatie milieuvriendelijk kunt maken met tips van Vello Architecten. Maak van je flat een duurzaam huis.\" \/>\n<meta property=\"og:url\" content=\"https:\/\/vellomonfortarquitectes.com\/nl\/duurzaam-en-ecologisch-ontwerp-bij-de-renovatie-van-je-flat\/\" \/>\n<meta property=\"og:site_name\" content=\"Vello Arquitectura\" \/>\n<meta property=\"article:published_time\" content=\"2023-07-19T10:57:43+00:00\" \/>\n<meta property=\"article:modified_time\" content=\"2025-10-29T08:03:22+00:00\" \/>\n<meta property=\"og:image\" content=\"https:\/\/vellomonfortarquitectes.com\/wp-content\/uploads\/2023\/07\/diseno-sostenible-y-ecologico-en-la-reforma-de-tu-piso.png\" \/>\n\t<meta property=\"og:image:width\" content=\"747\" \/>\n\t<meta property=\"og:image:height\" content=\"497\" \/>\n\t<meta property=\"og:image:type\" content=\"image\/png\" \/>\n<meta name=\"author\" content=\"lafabricadelseo\" \/>\n<meta name=\"twitter:card\" content=\"summary_large_image\" \/>\n<meta name=\"twitter:label1\" content=\"Geschreven door\" \/>\n\t<meta name=\"twitter:data1\" content=\"lafabricadelseo\" \/>\n\t<meta name=\"twitter:label2\" content=\"Geschatte leestijd\" \/>\n\t<meta name=\"twitter:data2\" content=\"5 minuten\" \/>\n<script type=\"application\/ld+json\" class=\"yoast-schema-graph\">{\"@context\":\"https:\\\/\\\/schema.org\",\"@graph\":[{\"@type\":\"Article\",\"@id\":\"https:\\\/\\\/vellomonfortarquitectes.com\\\/nl\\\/duurzaam-en-ecologisch-ontwerp-bij-de-renovatie-van-je-flat\\\/#article\",\"isPartOf\":{\"@id\":\"https:\\\/\\\/vellomonfortarquitectes.com\\\/nl\\\/duurzaam-en-ecologisch-ontwerp-bij-de-renovatie-van-je-flat\\\/\"},\"author\":{\"name\":\"lafabricadelseo\",\"@id\":\"https:\\\/\\\/vellomonfortarquitectes.com\\\/nl\\\/#\\\/schema\\\/person\\\/0cf5fa332e5ca91d37387f50327aca40\"},\"headline\":\"Duurzaam en ecologisch ontwerp bij de renovatie van je flat\",\"datePublished\":\"2023-07-19T10:57:43+00:00\",\"dateModified\":\"2025-10-29T08:03:22+00:00\",\"mainEntityOfPage\":{\"@id\":\"https:\\\/\\\/vellomonfortarquitectes.com\\\/nl\\\/duurzaam-en-ecologisch-ontwerp-bij-de-renovatie-van-je-flat\\\/\"},\"wordCount\":989,\"image\":{\"@id\":\"https:\\\/\\\/vellomonfortarquitectes.com\\\/nl\\\/duurzaam-en-ecologisch-ontwerp-bij-de-renovatie-van-je-flat\\\/#primaryimage\"},\"thumbnailUrl\":\"https:\\\/\\\/vellomonfortarquitectes.com\\\/wp-content\\\/uploads\\\/2023\\\/07\\\/diseno-sostenible-y-ecologico-en-la-reforma-de-tu-piso.png\",\"articleSection\":[\"Blog\"],\"inLanguage\":\"nl-NL\"},{\"@type\":\"WebPage\",\"@id\":\"https:\\\/\\\/vellomonfortarquitectes.com\\\/nl\\\/duurzaam-en-ecologisch-ontwerp-bij-de-renovatie-van-je-flat\\\/\",\"url\":\"https:\\\/\\\/vellomonfortarquitectes.com\\\/nl\\\/duurzaam-en-ecologisch-ontwerp-bij-de-renovatie-van-je-flat\\\/\",\"name\":\"Duurzaam ontwerp in hervormingen: Tips van Vello Arquitectos\",\"isPartOf\":{\"@id\":\"https:\\\/\\\/vellomonfortarquitectes.com\\\/nl\\\/#website\"},\"primaryImageOfPage\":{\"@id\":\"https:\\\/\\\/vellomonfortarquitectes.com\\\/nl\\\/duurzaam-en-ecologisch-ontwerp-bij-de-renovatie-van-je-flat\\\/#primaryimage\"},\"image\":{\"@id\":\"https:\\\/\\\/vellomonfortarquitectes.com\\\/nl\\\/duurzaam-en-ecologisch-ontwerp-bij-de-renovatie-van-je-flat\\\/#primaryimage\"},\"thumbnailUrl\":\"https:\\\/\\\/vellomonfortarquitectes.com\\\/wp-content\\\/uploads\\\/2023\\\/07\\\/diseno-sostenible-y-ecologico-en-la-reforma-de-tu-piso.png\",\"datePublished\":\"2023-07-19T10:57:43+00:00\",\"dateModified\":\"2025-10-29T08:03:22+00:00\",\"author\":{\"@id\":\"https:\\\/\\\/vellomonfortarquitectes.com\\\/nl\\\/#\\\/schema\\\/person\\\/0cf5fa332e5ca91d37387f50327aca40\"},\"description\":\"Ontdek hoe je je renovatie milieuvriendelijk kunt maken met tips van Vello Architecten. Maak van je flat een duurzaam huis.\",\"breadcrumb\":{\"@id\":\"https:\\\/\\\/vellomonfortarquitectes.com\\\/nl\\\/duurzaam-en-ecologisch-ontwerp-bij-de-renovatie-van-je-flat\\\/#breadcrumb\"},\"inLanguage\":\"nl-NL\",\"potentialAction\":[{\"@type\":\"ReadAction\",\"target\":[\"https:\\\/\\\/vellomonfortarquitectes.com\\\/nl\\\/duurzaam-en-ecologisch-ontwerp-bij-de-renovatie-van-je-flat\\\/\"]}]},{\"@type\":\"ImageObject\",\"inLanguage\":\"nl-NL\",\"@id\":\"https:\\\/\\\/vellomonfortarquitectes.com\\\/nl\\\/duurzaam-en-ecologisch-ontwerp-bij-de-renovatie-van-je-flat\\\/#primaryimage\",\"url\":\"https:\\\/\\\/vellomonfortarquitectes.com\\\/wp-content\\\/uploads\\\/2023\\\/07\\\/diseno-sostenible-y-ecologico-en-la-reforma-de-tu-piso.png\",\"contentUrl\":\"https:\\\/\\\/vellomonfortarquitectes.com\\\/wp-content\\\/uploads\\\/2023\\\/07\\\/diseno-sostenible-y-ecologico-en-la-reforma-de-tu-piso.png\",\"width\":747,\"height\":497},{\"@type\":\"BreadcrumbList\",\"@id\":\"https:\\\/\\\/vellomonfortarquitectes.com\\\/nl\\\/duurzaam-en-ecologisch-ontwerp-bij-de-renovatie-van-je-flat\\\/#breadcrumb\",\"itemListElement\":[{\"@type\":\"ListItem\",\"position\":1,\"name\":\"Portada\",\"item\":\"https:\\\/\\\/vellomonfortarquitectes.com\\\/nl\\\/\"},{\"@type\":\"ListItem\",\"position\":2,\"name\":\"Duurzaam en ecologisch ontwerp bij de renovatie van je flat\"}]},{\"@type\":\"WebSite\",\"@id\":\"https:\\\/\\\/vellomonfortarquitectes.com\\\/nl\\\/#website\",\"url\":\"https:\\\/\\\/vellomonfortarquitectes.com\\\/nl\\\/\",\"name\":\"Vello Arquitectura\",\"description\":\"\",\"potentialAction\":[{\"@type\":\"SearchAction\",\"target\":{\"@type\":\"EntryPoint\",\"urlTemplate\":\"https:\\\/\\\/vellomonfortarquitectes.com\\\/nl\\\/?s={search_term_string}\"},\"query-input\":{\"@type\":\"PropertyValueSpecification\",\"valueRequired\":true,\"valueName\":\"search_term_string\"}}],\"inLanguage\":\"nl-NL\"},{\"@type\":\"Person\",\"@id\":\"https:\\\/\\\/vellomonfortarquitectes.com\\\/nl\\\/#\\\/schema\\\/person\\\/0cf5fa332e5ca91d37387f50327aca40\",\"name\":\"lafabricadelseo\",\"image\":{\"@type\":\"ImageObject\",\"inLanguage\":\"nl-NL\",\"@id\":\"https:\\\/\\\/secure.gravatar.com\\\/avatar\\\/a00b480fd278f47b8d479384a393728bed1433f6a331895d10f67aa59337cbfc?s=96&d=mm&r=g\",\"url\":\"https:\\\/\\\/secure.gravatar.com\\\/avatar\\\/a00b480fd278f47b8d479384a393728bed1433f6a331895d10f67aa59337cbfc?s=96&d=mm&r=g\",\"contentUrl\":\"https:\\\/\\\/secure.gravatar.com\\\/avatar\\\/a00b480fd278f47b8d479384a393728bed1433f6a331895d10f67aa59337cbfc?s=96&d=mm&r=g\",\"caption\":\"lafabricadelseo\"}}]}<\/script>\n<!-- \/ Yoast SEO plugin. -->","yoast_head_json":{"title":"Duurzaam ontwerp in hervormingen: Tips van Vello Arquitectos","description":"Ontdek hoe je je renovatie milieuvriendelijk kunt maken met tips van Vello Architecten. Maak van je flat een duurzaam huis.","robots":{"index":"index","follow":"follow","max-snippet":"max-snippet:-1","max-image-preview":"max-image-preview:large","max-video-preview":"max-video-preview:-1"},"canonical":"https:\/\/vellomonfortarquitectes.com\/nl\/duurzaam-en-ecologisch-ontwerp-bij-de-renovatie-van-je-flat\/","og_locale":"nl_NL","og_type":"article","og_title":"Duurzaam ontwerp in hervormingen: Tips van Vello Arquitectos","og_description":"Ontdek hoe je je renovatie milieuvriendelijk kunt maken met tips van Vello Architecten. Maak van je flat een duurzaam huis.","og_url":"https:\/\/vellomonfortarquitectes.com\/nl\/duurzaam-en-ecologisch-ontwerp-bij-de-renovatie-van-je-flat\/","og_site_name":"Vello Arquitectura","article_published_time":"2023-07-19T10:57:43+00:00","article_modified_time":"2025-10-29T08:03:22+00:00","og_image":[{"width":747,"height":497,"url":"https:\/\/vellomonfortarquitectes.com\/wp-content\/uploads\/2023\/07\/diseno-sostenible-y-ecologico-en-la-reforma-de-tu-piso.png","type":"image\/png"}],"author":"lafabricadelseo","twitter_card":"summary_large_image","twitter_misc":{"Geschreven door":"lafabricadelseo","Geschatte leestijd":"5 minuten"},"schema":{"@context":"https:\/\/schema.org","@graph":[{"@type":"Article","@id":"https:\/\/vellomonfortarquitectes.com\/nl\/duurzaam-en-ecologisch-ontwerp-bij-de-renovatie-van-je-flat\/#article","isPartOf":{"@id":"https:\/\/vellomonfortarquitectes.com\/nl\/duurzaam-en-ecologisch-ontwerp-bij-de-renovatie-van-je-flat\/"},"author":{"name":"lafabricadelseo","@id":"https:\/\/vellomonfortarquitectes.com\/nl\/#\/schema\/person\/0cf5fa332e5ca91d37387f50327aca40"},"headline":"Duurzaam en ecologisch ontwerp bij de renovatie van je flat","datePublished":"2023-07-19T10:57:43+00:00","dateModified":"2025-10-29T08:03:22+00:00","mainEntityOfPage":{"@id":"https:\/\/vellomonfortarquitectes.com\/nl\/duurzaam-en-ecologisch-ontwerp-bij-de-renovatie-van-je-flat\/"},"wordCount":989,"image":{"@id":"https:\/\/vellomonfortarquitectes.com\/nl\/duurzaam-en-ecologisch-ontwerp-bij-de-renovatie-van-je-flat\/#primaryimage"},"thumbnailUrl":"https:\/\/vellomonfortarquitectes.com\/wp-content\/uploads\/2023\/07\/diseno-sostenible-y-ecologico-en-la-reforma-de-tu-piso.png","articleSection":["Blog"],"inLanguage":"nl-NL"},{"@type":"WebPage","@id":"https:\/\/vellomonfortarquitectes.com\/nl\/duurzaam-en-ecologisch-ontwerp-bij-de-renovatie-van-je-flat\/","url":"https:\/\/vellomonfortarquitectes.com\/nl\/duurzaam-en-ecologisch-ontwerp-bij-de-renovatie-van-je-flat\/","name":"Duurzaam ontwerp in hervormingen: Tips van Vello Arquitectos","isPartOf":{"@id":"https:\/\/vellomonfortarquitectes.com\/nl\/#website"},"primaryImageOfPage":{"@id":"https:\/\/vellomonfortarquitectes.com\/nl\/duurzaam-en-ecologisch-ontwerp-bij-de-renovatie-van-je-flat\/#primaryimage"},"image":{"@id":"https:\/\/vellomonfortarquitectes.com\/nl\/duurzaam-en-ecologisch-ontwerp-bij-de-renovatie-van-je-flat\/#primaryimage"},"thumbnailUrl":"https:\/\/vellomonfortarquitectes.com\/wp-content\/uploads\/2023\/07\/diseno-sostenible-y-ecologico-en-la-reforma-de-tu-piso.png","datePublished":"2023-07-19T10:57:43+00:00","dateModified":"2025-10-29T08:03:22+00:00","author":{"@id":"https:\/\/vellomonfortarquitectes.com\/nl\/#\/schema\/person\/0cf5fa332e5ca91d37387f50327aca40"},"description":"Ontdek hoe je je renovatie milieuvriendelijk kunt maken met tips van Vello Architecten. Maak van je flat een duurzaam huis.","breadcrumb":{"@id":"https:\/\/vellomonfortarquitectes.com\/nl\/duurzaam-en-ecologisch-ontwerp-bij-de-renovatie-van-je-flat\/#breadcrumb"},"inLanguage":"nl-NL","potentialAction":[{"@type":"ReadAction","target":["https:\/\/vellomonfortarquitectes.com\/nl\/duurzaam-en-ecologisch-ontwerp-bij-de-renovatie-van-je-flat\/"]}]},{"@type":"ImageObject","inLanguage":"nl-NL","@id":"https:\/\/vellomonfortarquitectes.com\/nl\/duurzaam-en-ecologisch-ontwerp-bij-de-renovatie-van-je-flat\/#primaryimage","url":"https:\/\/vellomonfortarquitectes.com\/wp-content\/uploads\/2023\/07\/diseno-sostenible-y-ecologico-en-la-reforma-de-tu-piso.png","contentUrl":"https:\/\/vellomonfortarquitectes.com\/wp-content\/uploads\/2023\/07\/diseno-sostenible-y-ecologico-en-la-reforma-de-tu-piso.png","width":747,"height":497},{"@type":"BreadcrumbList","@id":"https:\/\/vellomonfortarquitectes.com\/nl\/duurzaam-en-ecologisch-ontwerp-bij-de-renovatie-van-je-flat\/#breadcrumb","itemListElement":[{"@type":"ListItem","position":1,"name":"Portada","item":"https:\/\/vellomonfortarquitectes.com\/nl\/"},{"@type":"ListItem","position":2,"name":"Duurzaam en ecologisch ontwerp bij de renovatie van je flat"}]},{"@type":"WebSite","@id":"https:\/\/vellomonfortarquitectes.com\/nl\/#website","url":"https:\/\/vellomonfortarquitectes.com\/nl\/","name":"Vello Arquitectura","description":"","potentialAction":[{"@type":"SearchAction","target":{"@type":"EntryPoint","urlTemplate":"https:\/\/vellomonfortarquitectes.com\/nl\/?s={search_term_string}"},"query-input":{"@type":"PropertyValueSpecification","valueRequired":true,"valueName":"search_term_string"}}],"inLanguage":"nl-NL"},{"@type":"Person","@id":"https:\/\/vellomonfortarquitectes.com\/nl\/#\/schema\/person\/0cf5fa332e5ca91d37387f50327aca40","name":"lafabricadelseo","image":{"@type":"ImageObject","inLanguage":"nl-NL","@id":"https:\/\/secure.gravatar.com\/avatar\/a00b480fd278f47b8d479384a393728bed1433f6a331895d10f67aa59337cbfc?s=96&d=mm&r=g","url":"https:\/\/secure.gravatar.com\/avatar\/a00b480fd278f47b8d479384a393728bed1433f6a331895d10f67aa59337cbfc?s=96&d=mm&r=g","contentUrl":"https:\/\/secure.gravatar.com\/avatar\/a00b480fd278f47b8d479384a393728bed1433f6a331895d10f67aa59337cbfc?s=96&d=mm&r=g","caption":"lafabricadelseo"}}]}},"_links":{"self":[{"href":"https:\/\/vellomonfortarquitectes.com\/nl\/wp-json\/wp\/v2\/posts\/14850","targetHints":{"allow":["GET"]}}],"collection":[{"href":"https:\/\/vellomonfortarquitectes.com\/nl\/wp-json\/wp\/v2\/posts"}],"about":[{"href":"https:\/\/vellomonfortarquitectes.com\/nl\/wp-json\/wp\/v2\/types\/post"}],"author":[{"embeddable":true,"href":"https:\/\/vellomonfortarquitectes.com\/nl\/wp-json\/wp\/v2\/users\/5"}],"replies":[{"embeddable":true,"href":"https:\/\/vellomonfortarquitectes.com\/nl\/wp-json\/wp\/v2\/comments?post=14850"}],"version-history":[{"count":7,"href":"https:\/\/vellomonfortarquitectes.com\/nl\/wp-json\/wp\/v2\/posts\/14850\/revisions"}],"predecessor-version":[{"id":15746,"href":"https:\/\/vellomonfortarquitectes.com\/nl\/wp-json\/wp\/v2\/posts\/14850\/revisions\/15746"}],"wp:featuredmedia":[{"embeddable":true,"href":"https:\/\/vellomonfortarquitectes.com\/nl\/wp-json\/wp\/v2\/media\/14851"}],"wp:attachment":[{"href":"https:\/\/vellomonfortarquitectes.com\/nl\/wp-json\/wp\/v2\/media?parent=14850"}],"wp:term":[{"taxonomy":"category","embeddable":true,"href":"https:\/\/vellomonfortarquitectes.com\/nl\/wp-json\/wp\/v2\/categories?post=14850"},{"taxonomy":"post_tag","embeddable":true,"href":"https:\/\/vellomonfortarquitectes.com\/nl\/wp-json\/wp\/v2\/tags?post=14850"}],"curies":[{"name":"wp","href":"https:\/\/api.w.org\/{rel}","templated":true}]}}