{"id":14918,"date":"2023-10-23T09:52:39","date_gmt":"2023-10-23T09:52:39","guid":{"rendered":"https:\/\/vellomonfortarquitectes.com\/architectuur-van-denia-een-uitgebreide-rondleiding-door-de-geschiedenis-cultuur-en-moderniteit-van-de-stad\/"},"modified":"2025-08-22T12:42:15","modified_gmt":"2025-08-22T12:42:15","slug":"architectuur-van-denia-een-uitgebreide-rondleiding-door-de-geschiedenis-cultuur-en-moderniteit-van-de-stad","status":"publish","type":"post","link":"https:\/\/vellomonfortarquitectes.com\/nl\/architectuur-van-denia-een-uitgebreide-rondleiding-door-de-geschiedenis-cultuur-en-moderniteit-van-de-stad\/","title":{"rendered":"Architectuur van Denia: een uitgebreide rondleiding door de geschiedenis, cultuur en moderniteit van de stad"},"content":{"rendered":"<p>[et_pb_section fb_built=&#8221;1&#8243; _builder_version=&#8221;4.16&#8243; global_colors_info=&#8221;{}&#8221;][et_pb_row _builder_version=&#8221;4.16&#8243; background_size=&#8221;initial&#8221; background_position=&#8221;top_left&#8221; background_repeat=&#8221;repeat&#8221; global_colors_info=&#8221;{}&#8221;][et_pb_column type=&#8221;4_4&#8243; _builder_version=&#8221;4.16&#8243; custom_padding=&#8221;|||&#8221; global_colors_info=&#8221;{}&#8221; custom_padding__hover=&#8221;|||&#8221;][et_pb_text _builder_version=&#8221;4.18.0&#8243; background_size=&#8221;initial&#8221; background_position=&#8221;top_left&#8221; background_repeat=&#8221;repeat&#8221; text_orientation=&#8221;justified&#8221; global_colors_info=&#8221;{}&#8221;]<\/p>\n<p>D\u00e9nia, gelegen tussen de schitterende Middellandse Zee en de imposante berg Montg\u00f3, is een stad waar de geschiedenis fluistert vanuit de oude stenen en de moderne architectuur getuigt van een levendige en evoluerende gemeenschap. Deze kuststad, bekend om zijn culinaire hoogstandjes en feestelijke tradities, heeft ook een rijk architectonisch erfgoed dat verhalen vertelt over vroegere en huidige beschavingen. Ga met ons mee op een uitgebreide reis langs de architectonische wonderen van D\u00e9nia, waar elk bouwwerk, van eeuwenoude forten tot hedendaagse toevluchtsoorden, een stukje van de veelzijdige identiteit van D\u00e9nia weergeeft.  <\/p>\n<h2><strong>Het kasteel van D\u00e9nia: een schatkamer van beschavingen<\/strong><\/h2>\n<p>Het <strong><a href=\"https:\/\/es.wikipedia.org\/wiki\/Castillo_de_Denia\" target=\"_new\" rel=\"noopener\">kasteel van D\u00e9nia<\/a><\/strong> torent hoog boven het stadslandschap uit en staat symbool voor de rijke geschiedenis van de stad. Het kasteel werd gebouwd tijdens de islamitische periode en heeft in de loop der tijd verschillende veranderingen ondergaan die een weerspiegeling zijn van de Romeinse, islamitische en christelijke tijdperken. De robuuste muren, het Palau del Governador met zijn intrigerende archeologisch museum en het adembenemende uitzicht vanaf de torens bieden bezoekers een compleet beeld van het strategische belang van D\u00e9nia door de eeuwen heen. Het kasteel is niet alleen een monument, het is een in steen gebeeldhouwd verhaal, een getuigenis van de veerkracht en de rijke geschiedenis van D\u00e9nia.   <\/p>\n<p>[\/et_pb_text][et_pb_divider show_divider=&#8221;off&#8221; _builder_version=&#8221;4.18.0&#8243; _module_preset=&#8221;default&#8221; global_colors_info=&#8221;{}&#8221;][\/et_pb_divider][et_pb_cta title=&#8221;Neem contact op met onze architectuurstudio&#8221; button_url=&#8221;https:\/\/vellomonfortarquitectes.com\/nl\/&#8221; button_text=&#8221;Neem contact op met&#8221; _builder_version=&#8221;4.18.0&#8243; _module_preset=&#8221;default&#8221; global_colors_info=&#8221;{}&#8221;][\/et_pb_cta][et_pb_divider show_divider=&#8221;off&#8221; _builder_version=&#8221;4.18.0&#8243; _module_preset=&#8221;default&#8221; global_colors_info=&#8221;{}&#8221;][\/et_pb_divider][et_pb_text _builder_version=&#8221;4.18.0&#8243; _module_preset=&#8221;default&#8221; text_orientation=&#8221;justified&#8221; global_colors_info=&#8221;{}&#8221;]<\/p>\n<h2><strong>Gemeente D\u00e9nia: Bestuur ontmoet charme<\/strong><\/h2>\n<p>In het hart van D\u00e9nia staat het <strong>stadhuis (Casa Consistorial)<\/strong>, een toonbeeld van neoklassieke elegantie. Naast zijn administratieve functie dient het gebouw als middelpunt voor maatschappelijke betrokkenheid en sociale bijeenkomsten. De recente voetgangerszone rond de Plaza de la Constituci\u00f3n heeft het gebied nieuw leven ingeblazen en het veranderd in een bruisende plek voor culturele expressie en gemeenschapsinteractie, die de dynamische sfeer van D\u00e9nia weerspiegelt.  <\/p>\n<h2><strong>Spirituele toevluchtsoorden: kerken en kapellen in D\u00e9nia<\/strong><\/h2>\n<p>De <strong>kerken en kapellen van D\u00e9nia <\/strong>zijn monumenten voor de menselijke geest en spirituele devotie. Van de serene kerk Nuestra Se\u00f1ora de la Asunci\u00f3n tot de rustige kapellen die het landschap sieren, deze gebedshuizen getuigen van het geloof en de gemeenschap in D\u00e9nia. Ze zijn niet alleen interessant vanwege hun religieuze betekenis, maar ook vanwege hun architectonische en culturele waarde.  <\/p>\n<h2><strong>Klooster van de Augustijnen: een erfenis van geloof<\/strong><\/h2>\n<p>Het <strong>Augustijnerklooster <\/strong>is een monument van rust en contemplatie. Hoewel het niet toegankelijk is voor het publiek, herinnert het alleen al door zijn aanwezigheid aan de rijke kloostertraditie van de stad en haar voortdurende toewijding aan geloof en spiritualiteit. <\/p>\n<h2><strong>Historische wijken: wandelen door de geschiedenis<\/strong><\/h2>\n<p>De <strong>wijken Baix la Mar en Les Roques<\/strong> zijn tijdcapsules die bezoekers een intieme kijk bieden op het historische leven in D\u00e9nia. Deze pittoreske wijken, met hun smalle straatjes en charmante huizen, zijn perfect voor rustige wandelingen waar heden en verleden samenkomen. <\/p>\n<h2><strong>Musea van D\u00e9nia: het verleden bewaren<\/strong><\/h2>\n<p>De <strong>musea van D\u00e9nia<\/strong>, zoals het Etnologisch Museum en het Speelgoedmuseum, zijn de bewakers van het culturele erfgoed van de stad. Met een verscheidenheid aan historische artefacten en tentoonstellingen verrijken deze musea het culturele en educatieve leven van D\u00e9nia en bieden ze waardevolle context voor de geschiedenis en tradities van de stad. <\/p>\n<p>De architectuur van D\u00e9nia is een weerspiegeling van haar ziel en laat de diversiteit aan invloeden en de rijke geschiedenis van de stad zien. Elk gebouw, van het meest indrukwekkende tot het meest bescheiden, draagt bij aan het moza\u00efek van D\u00e9nia en nodigt zowel inwoners als bezoekers uit om de diepgang van haar erfgoed te ontdekken en te waarderen. Voor wie zich wil onderdompelen in de geschiedenis, cultuur en architectonische schoonheid, staat D\u00e9nia met open deuren klaar. Als u een architectonisch project overweegt in deze stad met een rijk erfgoed, neem dan <a href=\"https:\/\/vellomonfortarquitectes.com\/nl\/architecten-denia\/\" target=\"_new\" rel=\"noopener\"><strong>contact op met een deskundige architect in D\u00e9nia<\/strong><\/a> om uw visie te realiseren.   <\/p>\n<p>[\/et_pb_text][\/et_pb_column][\/et_pb_row][et_pb_row _builder_version=&#8221;4.27.4&#8243; _module_preset=&#8221;default&#8221; module_alignment=&#8221;center&#8221; global_colors_info=&#8221;{}&#8221; locked=&#8221;off&#8221;][et_pb_column type=&#8221;4_4&#8243; _builder_version=&#8221;4.27.4&#8243; _module_preset=&#8221;default&#8221; global_colors_info=&#8221;{}&#8221;][et_pb_code _builder_version=&#8221;4.27.4&#8243; _module_preset=&#8221;default&#8221; text_orientation=&#8221;center&#8221; global_colors_info=&#8221;{}&#8221;]<\/p>\n<div class=\"author-box\" style=\"border: 1px solid #e0e0e0; padding: 20px; margin-top: 40px; border-radius: 12px; max-width: 600px; text-align: center; margin-left: auto; margin-right: auto;\"><!-- [et_pb_line_break_holder] -->  <img loading=\"lazy\" decoding=\"async\" src=\"https:\/\/vellomonfortarquitectes.com\/wp-content\/uploads\/2020\/11\/joseantonio.jpg\" alt=\"Jos\u00e9 Antonio Vell\u00f3, erkend architect in Gand\u00eda\" width=\"120\" height=\"120\" style=\"border-radius: 50%; object-fit: cover; margin-bottom: 15px;\"><!-- [et_pb_line_break_holder] -->  <\/p>\n<h3 style=\"margin: 0 0 10px;\">Over de auteur: Jos\u00e9 Antonio Vell\u00f3<\/h3>\n<p><!-- [et_pb_line_break_holder] -->  <pee style=\"margin: 0 0 10px;\"><!-- [et_pb_line_break_holder] --> Architect, lid van de <strong>COACV <\/strong>en medeoprichter van <strong>Vell\u00f3 Monfort Arquitectes<\/strong>. Hij heeft meer dan 20 jaar ervaring in het ontwerpen, renoveren en technisch leiden van residenti\u00eble en openbare projecten in de <strong>regio Valencia<\/strong>. <!-- [et_pb_line_break_holder] -->  <\/pee><!-- [et_pb_line_break_holder] -->  <pee style=\"margin: 0 0 10px;\"><!-- [et_pb_line_break_holder] --> Specialist in stedenbouwkundige regelgeving, energie-effici\u00ebntie en integraal bouwbeheer voor particulieren, projectontwikkelaars en overheidsinstanties.<!-- [et_pb_line_break_holder] -->  <\/pee><!-- [et_pb_line_break_holder] -->  <pee style=\"margin: 0 0 10px;\"><!-- [et_pb_line_break_holder] -->    <a href=\"https:\/\/vellomonfortarquitectes.com\/nl\/architectuur-studio-gandia\/\" style=\"color: #005599; text-decoration: underline;\">Meer informatie over het onderzoek<\/a> | <!-- [et_pb_line_break_holder] --> <a href=\"https:\/\/www.linkedin.com\/in\/jos%C3%A9-antonio-vell%C3%B3-ribes-aba23027?originalSubdomain=es\" target=\"_blank\" rel=\"noopener\" style=\"color: #005599; text-decoration: underline;\">LinkedIn-profiel<\/a><!-- [et_pb_line_break_holder] -->  <\/pee><!-- [et_pb_line_break_holder] --><\/div>\n<p><!-- [et_pb_line_break_holder] -->[\/et_pb_code][\/et_pb_column][\/et_pb_row][\/et_pb_section]<\/p>\n","protected":false},"excerpt":{"rendered":"<p>D\u00e9nia, gelegen tussen de schitterende Middellandse Zee en de imposante berg Montg\u00f3, is een stad waar de geschiedenis fluistert vanuit de oude stenen en de moderne architectuur getuigt van een levendige en evoluerende gemeenschap. Deze kuststad, bekend om zijn culinaire hoogstandjes en feestelijke tradities, heeft ook een rijk architectonisch erfgoed dat verhalen vertelt over vroegere [&hellip;]<\/p>\n","protected":false},"author":5,"featured_media":14919,"comment_status":"closed","ping_status":"open","sticky":false,"template":"","format":"standard","meta":{"_et_pb_use_builder":"on","_et_pb_old_content":"","_et_gb_content_width":"","footnotes":""},"categories":[214,218],"tags":[],"class_list":["post-14918","post","type-post","status-publish","format-standard","has-post-thumbnail","hentry","category-blog-nl","category-denia-nl"],"yoast_head":"<!-- This site is optimized with the Yoast SEO plugin v27.5 - https:\/\/yoast.com\/product\/yoast-seo-wordpress\/ -->\n<title>Ontdek de architectuur van D\u00e9nia: geschiedenis en moderniteit<\/title>\n<meta name=\"description\" content=\"Duik in de architectuur van D\u00e9nia. Ontdek oude kastelen, serene kerken en moderne musea. Een culturele reis wacht op u!\" \/>\n<meta name=\"robots\" content=\"index, follow, max-snippet:-1, max-image-preview:large, max-video-preview:-1\" \/>\n<link rel=\"canonical\" href=\"https:\/\/vellomonfortarquitectes.com\/nl\/architectuur-van-denia-een-uitgebreide-rondleiding-door-de-geschiedenis-cultuur-en-moderniteit-van-de-stad\/\" \/>\n<meta property=\"og:locale\" content=\"nl_NL\" \/>\n<meta property=\"og:type\" content=\"article\" \/>\n<meta property=\"og:title\" content=\"Ontdek de architectuur van D\u00e9nia: geschiedenis en moderniteit\" \/>\n<meta property=\"og:description\" content=\"Duik in de architectuur van D\u00e9nia. Ontdek oude kastelen, serene kerken en moderne musea. Een culturele reis wacht op u!\" \/>\n<meta property=\"og:url\" content=\"https:\/\/vellomonfortarquitectes.com\/nl\/architectuur-van-denia-een-uitgebreide-rondleiding-door-de-geschiedenis-cultuur-en-moderniteit-van-de-stad\/\" \/>\n<meta property=\"og:site_name\" content=\"Vello Arquitectura\" \/>\n<meta property=\"article:published_time\" content=\"2023-10-23T09:52:39+00:00\" \/>\n<meta property=\"article:modified_time\" content=\"2025-08-22T12:42:15+00:00\" \/>\n<meta property=\"og:image\" content=\"https:\/\/vellomonfortarquitectes.com\/wp-content\/uploads\/2023\/10\/arquitectura-de-denia-un-recorrido-por-su-historia-cultura-y-modernidad.jpg\" \/>\n\t<meta property=\"og:image:width\" content=\"747\" \/>\n\t<meta property=\"og:image:height\" content=\"497\" \/>\n\t<meta property=\"og:image:type\" content=\"image\/jpeg\" \/>\n<meta name=\"author\" content=\"lafabricadelseo\" \/>\n<meta name=\"twitter:card\" content=\"summary_large_image\" \/>\n<meta name=\"twitter:label1\" content=\"Geschreven door\" \/>\n\t<meta name=\"twitter:data1\" content=\"lafabricadelseo\" \/>\n\t<meta name=\"twitter:label2\" content=\"Geschatte leestijd\" \/>\n\t<meta name=\"twitter:data2\" content=\"4 minuten\" \/>\n<script type=\"application\/ld+json\" class=\"yoast-schema-graph\">{\"@context\":\"https:\\\/\\\/schema.org\",\"@graph\":[{\"@type\":\"Article\",\"@id\":\"https:\\\/\\\/vellomonfortarquitectes.com\\\/nl\\\/architectuur-van-denia-een-uitgebreide-rondleiding-door-de-geschiedenis-cultuur-en-moderniteit-van-de-stad\\\/#article\",\"isPartOf\":{\"@id\":\"https:\\\/\\\/vellomonfortarquitectes.com\\\/nl\\\/architectuur-van-denia-een-uitgebreide-rondleiding-door-de-geschiedenis-cultuur-en-moderniteit-van-de-stad\\\/\"},\"author\":{\"name\":\"lafabricadelseo\",\"@id\":\"https:\\\/\\\/vellomonfortarquitectes.com\\\/nl\\\/#\\\/schema\\\/person\\\/0cf5fa332e5ca91d37387f50327aca40\"},\"headline\":\"Architectuur van Denia: een uitgebreide rondleiding door de geschiedenis, cultuur en moderniteit van de stad\",\"datePublished\":\"2023-10-23T09:52:39+00:00\",\"dateModified\":\"2025-08-22T12:42:15+00:00\",\"mainEntityOfPage\":{\"@id\":\"https:\\\/\\\/vellomonfortarquitectes.com\\\/nl\\\/architectuur-van-denia-een-uitgebreide-rondleiding-door-de-geschiedenis-cultuur-en-moderniteit-van-de-stad\\\/\"},\"wordCount\":910,\"image\":{\"@id\":\"https:\\\/\\\/vellomonfortarquitectes.com\\\/nl\\\/architectuur-van-denia-een-uitgebreide-rondleiding-door-de-geschiedenis-cultuur-en-moderniteit-van-de-stad\\\/#primaryimage\"},\"thumbnailUrl\":\"https:\\\/\\\/vellomonfortarquitectes.com\\\/wp-content\\\/uploads\\\/2023\\\/10\\\/arquitectura-de-denia-un-recorrido-por-su-historia-cultura-y-modernidad.jpg\",\"articleSection\":[\"Blog\",\"Denia\"],\"inLanguage\":\"nl-NL\"},{\"@type\":\"WebPage\",\"@id\":\"https:\\\/\\\/vellomonfortarquitectes.com\\\/nl\\\/architectuur-van-denia-een-uitgebreide-rondleiding-door-de-geschiedenis-cultuur-en-moderniteit-van-de-stad\\\/\",\"url\":\"https:\\\/\\\/vellomonfortarquitectes.com\\\/nl\\\/architectuur-van-denia-een-uitgebreide-rondleiding-door-de-geschiedenis-cultuur-en-moderniteit-van-de-stad\\\/\",\"name\":\"Ontdek de architectuur van D\u00e9nia: geschiedenis en moderniteit\",\"isPartOf\":{\"@id\":\"https:\\\/\\\/vellomonfortarquitectes.com\\\/nl\\\/#website\"},\"primaryImageOfPage\":{\"@id\":\"https:\\\/\\\/vellomonfortarquitectes.com\\\/nl\\\/architectuur-van-denia-een-uitgebreide-rondleiding-door-de-geschiedenis-cultuur-en-moderniteit-van-de-stad\\\/#primaryimage\"},\"image\":{\"@id\":\"https:\\\/\\\/vellomonfortarquitectes.com\\\/nl\\\/architectuur-van-denia-een-uitgebreide-rondleiding-door-de-geschiedenis-cultuur-en-moderniteit-van-de-stad\\\/#primaryimage\"},\"thumbnailUrl\":\"https:\\\/\\\/vellomonfortarquitectes.com\\\/wp-content\\\/uploads\\\/2023\\\/10\\\/arquitectura-de-denia-un-recorrido-por-su-historia-cultura-y-modernidad.jpg\",\"datePublished\":\"2023-10-23T09:52:39+00:00\",\"dateModified\":\"2025-08-22T12:42:15+00:00\",\"author\":{\"@id\":\"https:\\\/\\\/vellomonfortarquitectes.com\\\/nl\\\/#\\\/schema\\\/person\\\/0cf5fa332e5ca91d37387f50327aca40\"},\"description\":\"Duik in de architectuur van D\u00e9nia. Ontdek oude kastelen, serene kerken en moderne musea. Een culturele reis wacht op u!\",\"breadcrumb\":{\"@id\":\"https:\\\/\\\/vellomonfortarquitectes.com\\\/nl\\\/architectuur-van-denia-een-uitgebreide-rondleiding-door-de-geschiedenis-cultuur-en-moderniteit-van-de-stad\\\/#breadcrumb\"},\"inLanguage\":\"nl-NL\",\"potentialAction\":[{\"@type\":\"ReadAction\",\"target\":[\"https:\\\/\\\/vellomonfortarquitectes.com\\\/nl\\\/architectuur-van-denia-een-uitgebreide-rondleiding-door-de-geschiedenis-cultuur-en-moderniteit-van-de-stad\\\/\"]}]},{\"@type\":\"ImageObject\",\"inLanguage\":\"nl-NL\",\"@id\":\"https:\\\/\\\/vellomonfortarquitectes.com\\\/nl\\\/architectuur-van-denia-een-uitgebreide-rondleiding-door-de-geschiedenis-cultuur-en-moderniteit-van-de-stad\\\/#primaryimage\",\"url\":\"https:\\\/\\\/vellomonfortarquitectes.com\\\/wp-content\\\/uploads\\\/2023\\\/10\\\/arquitectura-de-denia-un-recorrido-por-su-historia-cultura-y-modernidad.jpg\",\"contentUrl\":\"https:\\\/\\\/vellomonfortarquitectes.com\\\/wp-content\\\/uploads\\\/2023\\\/10\\\/arquitectura-de-denia-un-recorrido-por-su-historia-cultura-y-modernidad.jpg\",\"width\":747,\"height\":497},{\"@type\":\"BreadcrumbList\",\"@id\":\"https:\\\/\\\/vellomonfortarquitectes.com\\\/nl\\\/architectuur-van-denia-een-uitgebreide-rondleiding-door-de-geschiedenis-cultuur-en-moderniteit-van-de-stad\\\/#breadcrumb\",\"itemListElement\":[{\"@type\":\"ListItem\",\"position\":1,\"name\":\"Portada\",\"item\":\"https:\\\/\\\/vellomonfortarquitectes.com\\\/nl\\\/\"},{\"@type\":\"ListItem\",\"position\":2,\"name\":\"Architectuur van Denia: een uitgebreide rondleiding door de geschiedenis, cultuur en moderniteit van de stad\"}]},{\"@type\":\"WebSite\",\"@id\":\"https:\\\/\\\/vellomonfortarquitectes.com\\\/nl\\\/#website\",\"url\":\"https:\\\/\\\/vellomonfortarquitectes.com\\\/nl\\\/\",\"name\":\"Vello Arquitectura\",\"description\":\"\",\"potentialAction\":[{\"@type\":\"SearchAction\",\"target\":{\"@type\":\"EntryPoint\",\"urlTemplate\":\"https:\\\/\\\/vellomonfortarquitectes.com\\\/nl\\\/?s={search_term_string}\"},\"query-input\":{\"@type\":\"PropertyValueSpecification\",\"valueRequired\":true,\"valueName\":\"search_term_string\"}}],\"inLanguage\":\"nl-NL\"},{\"@type\":\"Person\",\"@id\":\"https:\\\/\\\/vellomonfortarquitectes.com\\\/nl\\\/#\\\/schema\\\/person\\\/0cf5fa332e5ca91d37387f50327aca40\",\"name\":\"lafabricadelseo\",\"image\":{\"@type\":\"ImageObject\",\"inLanguage\":\"nl-NL\",\"@id\":\"https:\\\/\\\/secure.gravatar.com\\\/avatar\\\/a00b480fd278f47b8d479384a393728bed1433f6a331895d10f67aa59337cbfc?s=96&d=mm&r=g\",\"url\":\"https:\\\/\\\/secure.gravatar.com\\\/avatar\\\/a00b480fd278f47b8d479384a393728bed1433f6a331895d10f67aa59337cbfc?s=96&d=mm&r=g\",\"contentUrl\":\"https:\\\/\\\/secure.gravatar.com\\\/avatar\\\/a00b480fd278f47b8d479384a393728bed1433f6a331895d10f67aa59337cbfc?s=96&d=mm&r=g\",\"caption\":\"lafabricadelseo\"}}]}<\/script>\n<!-- \/ Yoast SEO plugin. -->","yoast_head_json":{"title":"Ontdek de architectuur van D\u00e9nia: geschiedenis en moderniteit","description":"Duik in de architectuur van D\u00e9nia. Ontdek oude kastelen, serene kerken en moderne musea. Een culturele reis wacht op u!","robots":{"index":"index","follow":"follow","max-snippet":"max-snippet:-1","max-image-preview":"max-image-preview:large","max-video-preview":"max-video-preview:-1"},"canonical":"https:\/\/vellomonfortarquitectes.com\/nl\/architectuur-van-denia-een-uitgebreide-rondleiding-door-de-geschiedenis-cultuur-en-moderniteit-van-de-stad\/","og_locale":"nl_NL","og_type":"article","og_title":"Ontdek de architectuur van D\u00e9nia: geschiedenis en moderniteit","og_description":"Duik in de architectuur van D\u00e9nia. Ontdek oude kastelen, serene kerken en moderne musea. Een culturele reis wacht op u!","og_url":"https:\/\/vellomonfortarquitectes.com\/nl\/architectuur-van-denia-een-uitgebreide-rondleiding-door-de-geschiedenis-cultuur-en-moderniteit-van-de-stad\/","og_site_name":"Vello Arquitectura","article_published_time":"2023-10-23T09:52:39+00:00","article_modified_time":"2025-08-22T12:42:15+00:00","og_image":[{"width":747,"height":497,"url":"https:\/\/vellomonfortarquitectes.com\/wp-content\/uploads\/2023\/10\/arquitectura-de-denia-un-recorrido-por-su-historia-cultura-y-modernidad.jpg","type":"image\/jpeg"}],"author":"lafabricadelseo","twitter_card":"summary_large_image","twitter_misc":{"Geschreven door":"lafabricadelseo","Geschatte leestijd":"4 minuten"},"schema":{"@context":"https:\/\/schema.org","@graph":[{"@type":"Article","@id":"https:\/\/vellomonfortarquitectes.com\/nl\/architectuur-van-denia-een-uitgebreide-rondleiding-door-de-geschiedenis-cultuur-en-moderniteit-van-de-stad\/#article","isPartOf":{"@id":"https:\/\/vellomonfortarquitectes.com\/nl\/architectuur-van-denia-een-uitgebreide-rondleiding-door-de-geschiedenis-cultuur-en-moderniteit-van-de-stad\/"},"author":{"name":"lafabricadelseo","@id":"https:\/\/vellomonfortarquitectes.com\/nl\/#\/schema\/person\/0cf5fa332e5ca91d37387f50327aca40"},"headline":"Architectuur van Denia: een uitgebreide rondleiding door de geschiedenis, cultuur en moderniteit van de stad","datePublished":"2023-10-23T09:52:39+00:00","dateModified":"2025-08-22T12:42:15+00:00","mainEntityOfPage":{"@id":"https:\/\/vellomonfortarquitectes.com\/nl\/architectuur-van-denia-een-uitgebreide-rondleiding-door-de-geschiedenis-cultuur-en-moderniteit-van-de-stad\/"},"wordCount":910,"image":{"@id":"https:\/\/vellomonfortarquitectes.com\/nl\/architectuur-van-denia-een-uitgebreide-rondleiding-door-de-geschiedenis-cultuur-en-moderniteit-van-de-stad\/#primaryimage"},"thumbnailUrl":"https:\/\/vellomonfortarquitectes.com\/wp-content\/uploads\/2023\/10\/arquitectura-de-denia-un-recorrido-por-su-historia-cultura-y-modernidad.jpg","articleSection":["Blog","Denia"],"inLanguage":"nl-NL"},{"@type":"WebPage","@id":"https:\/\/vellomonfortarquitectes.com\/nl\/architectuur-van-denia-een-uitgebreide-rondleiding-door-de-geschiedenis-cultuur-en-moderniteit-van-de-stad\/","url":"https:\/\/vellomonfortarquitectes.com\/nl\/architectuur-van-denia-een-uitgebreide-rondleiding-door-de-geschiedenis-cultuur-en-moderniteit-van-de-stad\/","name":"Ontdek de architectuur van D\u00e9nia: geschiedenis en moderniteit","isPartOf":{"@id":"https:\/\/vellomonfortarquitectes.com\/nl\/#website"},"primaryImageOfPage":{"@id":"https:\/\/vellomonfortarquitectes.com\/nl\/architectuur-van-denia-een-uitgebreide-rondleiding-door-de-geschiedenis-cultuur-en-moderniteit-van-de-stad\/#primaryimage"},"image":{"@id":"https:\/\/vellomonfortarquitectes.com\/nl\/architectuur-van-denia-een-uitgebreide-rondleiding-door-de-geschiedenis-cultuur-en-moderniteit-van-de-stad\/#primaryimage"},"thumbnailUrl":"https:\/\/vellomonfortarquitectes.com\/wp-content\/uploads\/2023\/10\/arquitectura-de-denia-un-recorrido-por-su-historia-cultura-y-modernidad.jpg","datePublished":"2023-10-23T09:52:39+00:00","dateModified":"2025-08-22T12:42:15+00:00","author":{"@id":"https:\/\/vellomonfortarquitectes.com\/nl\/#\/schema\/person\/0cf5fa332e5ca91d37387f50327aca40"},"description":"Duik in de architectuur van D\u00e9nia. Ontdek oude kastelen, serene kerken en moderne musea. Een culturele reis wacht op u!","breadcrumb":{"@id":"https:\/\/vellomonfortarquitectes.com\/nl\/architectuur-van-denia-een-uitgebreide-rondleiding-door-de-geschiedenis-cultuur-en-moderniteit-van-de-stad\/#breadcrumb"},"inLanguage":"nl-NL","potentialAction":[{"@type":"ReadAction","target":["https:\/\/vellomonfortarquitectes.com\/nl\/architectuur-van-denia-een-uitgebreide-rondleiding-door-de-geschiedenis-cultuur-en-moderniteit-van-de-stad\/"]}]},{"@type":"ImageObject","inLanguage":"nl-NL","@id":"https:\/\/vellomonfortarquitectes.com\/nl\/architectuur-van-denia-een-uitgebreide-rondleiding-door-de-geschiedenis-cultuur-en-moderniteit-van-de-stad\/#primaryimage","url":"https:\/\/vellomonfortarquitectes.com\/wp-content\/uploads\/2023\/10\/arquitectura-de-denia-un-recorrido-por-su-historia-cultura-y-modernidad.jpg","contentUrl":"https:\/\/vellomonfortarquitectes.com\/wp-content\/uploads\/2023\/10\/arquitectura-de-denia-un-recorrido-por-su-historia-cultura-y-modernidad.jpg","width":747,"height":497},{"@type":"BreadcrumbList","@id":"https:\/\/vellomonfortarquitectes.com\/nl\/architectuur-van-denia-een-uitgebreide-rondleiding-door-de-geschiedenis-cultuur-en-moderniteit-van-de-stad\/#breadcrumb","itemListElement":[{"@type":"ListItem","position":1,"name":"Portada","item":"https:\/\/vellomonfortarquitectes.com\/nl\/"},{"@type":"ListItem","position":2,"name":"Architectuur van Denia: een uitgebreide rondleiding door de geschiedenis, cultuur en moderniteit van de stad"}]},{"@type":"WebSite","@id":"https:\/\/vellomonfortarquitectes.com\/nl\/#website","url":"https:\/\/vellomonfortarquitectes.com\/nl\/","name":"Vello Arquitectura","description":"","potentialAction":[{"@type":"SearchAction","target":{"@type":"EntryPoint","urlTemplate":"https:\/\/vellomonfortarquitectes.com\/nl\/?s={search_term_string}"},"query-input":{"@type":"PropertyValueSpecification","valueRequired":true,"valueName":"search_term_string"}}],"inLanguage":"nl-NL"},{"@type":"Person","@id":"https:\/\/vellomonfortarquitectes.com\/nl\/#\/schema\/person\/0cf5fa332e5ca91d37387f50327aca40","name":"lafabricadelseo","image":{"@type":"ImageObject","inLanguage":"nl-NL","@id":"https:\/\/secure.gravatar.com\/avatar\/a00b480fd278f47b8d479384a393728bed1433f6a331895d10f67aa59337cbfc?s=96&d=mm&r=g","url":"https:\/\/secure.gravatar.com\/avatar\/a00b480fd278f47b8d479384a393728bed1433f6a331895d10f67aa59337cbfc?s=96&d=mm&r=g","contentUrl":"https:\/\/secure.gravatar.com\/avatar\/a00b480fd278f47b8d479384a393728bed1433f6a331895d10f67aa59337cbfc?s=96&d=mm&r=g","caption":"lafabricadelseo"}}]}},"_links":{"self":[{"href":"https:\/\/vellomonfortarquitectes.com\/nl\/wp-json\/wp\/v2\/posts\/14918","targetHints":{"allow":["GET"]}}],"collection":[{"href":"https:\/\/vellomonfortarquitectes.com\/nl\/wp-json\/wp\/v2\/posts"}],"about":[{"href":"https:\/\/vellomonfortarquitectes.com\/nl\/wp-json\/wp\/v2\/types\/post"}],"author":[{"embeddable":true,"href":"https:\/\/vellomonfortarquitectes.com\/nl\/wp-json\/wp\/v2\/users\/5"}],"replies":[{"embeddable":true,"href":"https:\/\/vellomonfortarquitectes.com\/nl\/wp-json\/wp\/v2\/comments?post=14918"}],"version-history":[{"count":7,"href":"https:\/\/vellomonfortarquitectes.com\/nl\/wp-json\/wp\/v2\/posts\/14918\/revisions"}],"predecessor-version":[{"id":15674,"href":"https:\/\/vellomonfortarquitectes.com\/nl\/wp-json\/wp\/v2\/posts\/14918\/revisions\/15674"}],"wp:featuredmedia":[{"embeddable":true,"href":"https:\/\/vellomonfortarquitectes.com\/nl\/wp-json\/wp\/v2\/media\/14919"}],"wp:attachment":[{"href":"https:\/\/vellomonfortarquitectes.com\/nl\/wp-json\/wp\/v2\/media?parent=14918"}],"wp:term":[{"taxonomy":"category","embeddable":true,"href":"https:\/\/vellomonfortarquitectes.com\/nl\/wp-json\/wp\/v2\/categories?post=14918"},{"taxonomy":"post_tag","embeddable":true,"href":"https:\/\/vellomonfortarquitectes.com\/nl\/wp-json\/wp\/v2\/tags?post=14918"}],"curies":[{"name":"wp","href":"https:\/\/api.w.org\/{rel}","templated":true}]}}