{"id":14945,"date":"2023-11-07T07:58:39","date_gmt":"2023-11-07T07:58:39","guid":{"rendered":"https:\/\/vellomonfortarquitectes.com\/ideeen-om-je-terras-te-renoveren\/"},"modified":"2025-08-22T12:41:03","modified_gmt":"2025-08-22T12:41:03","slug":"ideeen-om-je-terras-te-renoveren","status":"publish","type":"post","link":"https:\/\/vellomonfortarquitectes.com\/nl\/ideeen-om-je-terras-te-renoveren\/","title":{"rendered":"Idee\u00ebn om je terras te renoveren"},"content":{"rendered":"<p>[et_pb_section fb_built=&#8221;1&#8243; _builder_version=&#8221;4.16&#8243; global_colors_info=&#8221;{}&#8221;][et_pb_row _builder_version=&#8221;4.16&#8243; background_size=&#8221;initial&#8221; background_position=&#8221;top_left&#8221; background_repeat=&#8221;repeat&#8221; global_colors_info=&#8221;{}&#8221;][et_pb_column type=&#8221;4_4&#8243; _builder_version=&#8221;4.16&#8243; custom_padding=&#8221;|||&#8221; global_colors_info=&#8221;{}&#8221; custom_padding__hover=&#8221;|||&#8221;][et_pb_text _builder_version=&#8221;4.18.0&#8243; background_size=&#8221;initial&#8221; background_position=&#8221;top_left&#8221; background_repeat=&#8221;repeat&#8221; text_orientation=&#8221;justified&#8221; global_colors_info=&#8221;{}&#8221;]<\/p>\n<p>Het terras is meer dan alleen een toevoeging aan uw huis; het is een leeg canvas dat klaar is om te worden omgetoverd tot uw persoonlijke buitenruimte. Of u nu wilt genieten van een kopje koffie in de ochtend of diners onder de sterren wilt organiseren, een goed ontworpen terras kan uw levensstijl aanzienlijk verbeteren. In dit artikel geven we u inspiratie en tips om van uw terras de oase van uw dromen te maken.  <\/p>\n<h2><strong>Maximaliseer de beschikbare ruimte<\/strong><\/h2>\n<h3><strong>Benut elke centimeter<\/strong><\/h3>\n<p>Bij het ontwerpen van terrassen telt elke centimeter, vooral in stedelijke ruimtes waar buitenruimte een luxe is. Kies voor multifunctionele meubels die kunnen worden ingeklapt, gestapeld of getransformeerd. Uitschuifbare tafels, klapstoelen en banken met ge\u00efntegreerde opbergruimte zijn ideaal om aan verschillende situaties en behoeften aan te passen, zodat u optimaal van uw terras kunt genieten zonder dat u zich overweldigd voelt door het meubilair.  <\/p>\n<p>[\/et_pb_text][et_pb_divider show_divider=&#8221;off&#8221; _builder_version=&#8221;4.18.0&#8243; _module_preset=&#8221;default&#8221; global_colors_info=&#8221;{}&#8221;][\/et_pb_divider][et_pb_cta title=&#8221;Neem contact op met onze architectuurstudio&#8221; button_url=&#8221;https:\/\/vellomonfortarquitectes.com\/nl\/&#8221; button_text=&#8221;Neem contact op met&#8221; _builder_version=&#8221;4.18.0&#8243; _module_preset=&#8221;default&#8221; global_colors_info=&#8221;{}&#8221;][\/et_pb_cta][et_pb_divider show_divider=&#8221;off&#8221; _builder_version=&#8221;4.18.0&#8243; _module_preset=&#8221;default&#8221; global_colors_info=&#8221;{}&#8221;][\/et_pb_divider][et_pb_text _builder_version=&#8221;4.18.0&#8243; _module_preset=&#8221;default&#8221; text_orientation=&#8221;justified&#8221; global_colors_info=&#8221;{}&#8221;]<\/p>\n<h3><strong>Verticaal tuinieren<\/strong><\/h3>\n<p>Verticaal tuinieren is niet alleen een esthetische oplossing voor beperkte ruimtes, maar ook een manier om een vleugje natuur aan je terras toe te voegen. Gebruik structuren zoals hekwerken, plantenwanden of zelfs pottenrekken om kruiden, bloemen en groen te kweken. Een verticale tuin is niet alleen een visueel aantrekkelijk middelpunt, maar fungeert ook als natuurlijke isolatie en zorgt voor privacy en verkoeling.  <\/p>\n<h2><strong>Kies een thema voor je terras<\/strong><\/h2>\n<h3><strong>Mediterrane stijl<\/strong><\/h3>\n<p>De mediterrane stijl roept beelden op van de kust, met zijn natuurlijke licht, warme kleuren en rustieke texturen. Kenmerkend zijn tegels met patronen, smeedijzeren of verweerd houten meubels en een overvloed aan planten zoals olijfbomen, citrusbomen en aromatische struiken. Deze stijl is niet alleen tijdloos, maar cre\u00ebert ook een gezellige en ontspannen sfeer, perfect om even helemaal tot rust te komen.  <\/p>\n<h3><strong>Zen-toevluchtsoord<\/strong><\/h3>\n<p>Als u op zoek bent naar een plek voor rust en bezinning, dan is een zen-toevluchtsoord op uw terras wellicht de oplossing. Elementen zoals natuurlijk hout, zachte stenen, waterbronnen en een neutraal kleurenpalet kunnen een serene sfeer cre\u00ebren. Zorg ook voor comfortabele zitplaatsen, vloerkussens en zachte verlichting om ontspanning en meditatie te bevorderen.  <\/p>\n<h2><strong>Verlichting en accessoires<\/strong><\/h2>\n<h3><strong>Strategische verlichting<\/strong><\/h3>\n<p>De juiste verlichting kan je terras &#8217;s avonds omtoveren tot een magische plek. Overweeg een combinatie van hanglampen, lantaarns en kaarsen om een warme en gezellige sfeer te cre\u00ebren. LED-lampen op zonne-energie zijn een duurzame optie die een praktische oplossing bieden zonder dat er kabels nodig zijn. Bovendien kun je met de juiste verlichting architectonische elementen of blikvangers op je terras accentueren, zoals een karakteristieke muur of je verticale tuin.   <\/p>\n<h3><strong>Accessoires die het verschil maken<\/strong><\/h3>\n<p>Accessoires zijn de kers op de taart bij elk terrasontwerp. Kleurrijke kussens, weerbestendige buitentapijten en decoratieve elementen kunnen uw persoonlijkheid en stijl weerspiegelen. Onderschat de kracht van een goede accessoire niet; een simpele verandering van kussens of een nieuw tapijt kan uw terras een compleet nieuwe look geven.  <\/p>\n<h2><strong>Comfort en functionaliteit<\/strong><\/h2>\n<h3><strong>Comfortabele meubels<\/strong><\/h3>\n<p>Om echt van je terras te kunnen genieten, heb je meubels nodig die niet alleen mooi zijn, maar ook comfortabel. Investeer in kwaliteitsstoelen met water- en zonbestendige kussens. Een grote hoekbank of een hangmat zijn perfecte plekken om te ontspannen en van het buitenleven te genieten.  <\/p>\n<h3><strong>Bescherming tegen de elementen<\/strong><\/h3>\n<p>Om ervoor te zorgen dat u bij elk weertype van uw terras kunt genieten, kunt u overwegen om beschermingssystemen te installeren, zoals intrekbare luifels, grote parasols of zelfs een glazen dak. Deze toevoegingen beschermen u niet alleen tegen de zon en de regen, maar zorgen er ook voor dat u het hele jaar door van uw terras kunt genieten. <\/p>\n<h2><strong>Duurzaamheid en ecologie<\/strong><\/h2>\n<h3><strong>Milieuvriendelijke materialen<\/strong><\/h3>\n<p>Houd bij het kiezen van materialen voor je terras rekening met duurzame opties zoals gecertificeerd hout, bamboe of gerecyclede materialen. Deze opties zijn niet alleen beter voor het milieu, maar bieden ook duurzaamheid en een natuurlijke uitstraling die past bij de buitenomgeving. <\/p>\n<h3><strong>Planten en biodiversiteit<\/strong><\/h3>\n<p>Het toevoegen van verschillende soorten planten is niet alleen esthetisch aantrekkelijk, maar bevordert ook de biodiversiteit en helpt het milieu. Kies inheemse planten die bestuivers aantrekken en minder water en verzorging nodig hebben, zodat u een duurzame en onderhoudsvriendelijke tuin krijgt. <\/p>\n<p>Kortom, het <a href=\"https:\/\/vellomonfortarquitectes.com\/nl\/hervormingsprojecten\/\"><strong>renoveren van je terras<\/strong><\/a> is een kans om een ruimte te cre\u00ebren die je levensstijl weerspiegelt en je in contact brengt met de natuur. Met de idee\u00ebn en tips die we hebben gedeeld, kun je beginnen met het plannen van het terras van je dromen, een plek waar elk moment in de buitenlucht een bijzondere ervaring wordt. Vergeet niet dat elk detail telt, van de keuze van het meubilair tot de verlichting en de planten. En als je hulp nodig hebt om je idee\u00ebn tot leven te brengen, aarzel dan niet om contact op te nemen met professionals die je bij elke stap van het proces zullen begeleiden.   <\/p>\n<p>[\/et_pb_text][\/et_pb_column][\/et_pb_row][et_pb_row _builder_version=&#8221;4.27.4&#8243; _module_preset=&#8221;default&#8221; module_alignment=&#8221;center&#8221; global_colors_info=&#8221;{}&#8221; locked=&#8221;off&#8221;][et_pb_column type=&#8221;4_4&#8243; _builder_version=&#8221;4.27.4&#8243; _module_preset=&#8221;default&#8221; global_colors_info=&#8221;{}&#8221;][et_pb_code _builder_version=&#8221;4.27.4&#8243; _module_preset=&#8221;default&#8221; text_orientation=&#8221;center&#8221; global_colors_info=&#8221;{}&#8221;]<\/p>\n<div class=\"author-box\" style=\"border: 1px solid #e0e0e0; padding: 20px; margin-top: 40px; border-radius: 12px; max-width: 600px; text-align: center; margin-left: auto; margin-right: auto;\"><!-- [et_pb_line_break_holder] -->  <img loading=\"lazy\" decoding=\"async\" src=\"https:\/\/vellomonfortarquitectes.com\/wp-content\/uploads\/2020\/11\/joseantonio.jpg\" alt=\"Jos\u00e9 Antonio Vell\u00f3, erkend architect in Gand\u00eda\" width=\"120\" height=\"120\" style=\"border-radius: 50%; object-fit: cover; margin-bottom: 15px;\"><!-- [et_pb_line_break_holder] -->  <\/p>\n<h3 style=\"margin: 0 0 10px;\">Over de auteur: Jos\u00e9 Antonio Vell\u00f3<\/h3>\n<p><!-- [et_pb_line_break_holder] -->  <pee style=\"margin: 0 0 10px;\"><!-- [et_pb_line_break_holder] --> Architect, lid van de <strong>COACV <\/strong>en medeoprichter van <strong>Vell\u00f3 Monfort Arquitectes<\/strong>. Hij heeft meer dan 20 jaar ervaring in het ontwerpen, renoveren en technisch leiden van residenti\u00eble en openbare projecten in de <strong>regio Valencia<\/strong>. <!-- [et_pb_line_break_holder] -->  <\/pee><!-- [et_pb_line_break_holder] -->  <pee style=\"margin: 0 0 10px;\"><!-- [et_pb_line_break_holder] --> Specialist in stedenbouwkundige regelgeving, energie-effici\u00ebntie en integraal bouwbeheer voor particulieren, projectontwikkelaars en overheidsinstanties.<!-- [et_pb_line_break_holder] -->  <\/pee><!-- [et_pb_line_break_holder] -->  <pee style=\"margin: 0 0 10px;\"><!-- [et_pb_line_break_holder] -->    <a href=\"https:\/\/vellomonfortarquitectes.com\/nl\/architectuur-studio-gandia\/\" style=\"color: #005599; text-decoration: underline;\">Meer informatie over het onderzoek<\/a> | <!-- [et_pb_line_break_holder] --> <a href=\"https:\/\/www.linkedin.com\/in\/jos%C3%A9-antonio-vell%C3%B3-ribes-aba23027?originalSubdomain=es\" target=\"_blank\" rel=\"noopener\" style=\"color: #005599; text-decoration: underline;\">LinkedIn-profiel<\/a><!-- [et_pb_line_break_holder] -->  <\/pee><!-- [et_pb_line_break_holder] --><\/div>\n<p><!-- [et_pb_line_break_holder] -->[\/et_pb_code][\/et_pb_column][\/et_pb_row][\/et_pb_section]<\/p>\n","protected":false},"excerpt":{"rendered":"<p>Het terras is meer dan alleen een toevoeging aan uw huis; het is een leeg canvas dat klaar is om te worden omgetoverd tot uw persoonlijke buitenruimte. Of u nu wilt genieten van een kopje koffie in de ochtend of diners onder de sterren wilt organiseren, een goed ontworpen terras kan uw levensstijl aanzienlijk verbeteren. [&hellip;]<\/p>\n","protected":false},"author":5,"featured_media":14946,"comment_status":"closed","ping_status":"open","sticky":false,"template":"","format":"standard","meta":{"_et_pb_use_builder":"on","_et_pb_old_content":"","_et_gb_content_width":"","footnotes":""},"categories":[214],"tags":[],"class_list":["post-14945","post","type-post","status-publish","format-standard","has-post-thumbnail","hentry","category-blog-nl"],"yoast_head":"<!-- This site is optimized with the Yoast SEO plugin v27.5 - https:\/\/yoast.com\/product\/yoast-seo-wordpress\/ -->\n<title>Idee\u00ebn voor het renoveren van uw terras - Vell\u00f3 Monfort Arquitectes<\/title>\n<meta name=\"description\" content=\"Transformeer je terras met creatieve en duurzame idee\u00ebn. Ontwerp een perfect toevluchtsoord om van het buitenleven te genieten.\" \/>\n<meta name=\"robots\" content=\"index, follow, max-snippet:-1, max-image-preview:large, max-video-preview:-1\" \/>\n<link rel=\"canonical\" href=\"https:\/\/vellomonfortarquitectes.com\/nl\/ideeen-om-je-terras-te-renoveren\/\" \/>\n<meta property=\"og:locale\" content=\"nl_NL\" \/>\n<meta property=\"og:type\" content=\"article\" \/>\n<meta property=\"og:title\" content=\"Idee\u00ebn voor het renoveren van uw terras - Vell\u00f3 Monfort Arquitectes\" \/>\n<meta property=\"og:description\" content=\"Transformeer je terras met creatieve en duurzame idee\u00ebn. Ontwerp een perfect toevluchtsoord om van het buitenleven te genieten.\" \/>\n<meta property=\"og:url\" content=\"https:\/\/vellomonfortarquitectes.com\/nl\/ideeen-om-je-terras-te-renoveren\/\" \/>\n<meta property=\"og:site_name\" content=\"Vello Arquitectura\" \/>\n<meta property=\"article:published_time\" content=\"2023-11-07T07:58:39+00:00\" \/>\n<meta property=\"article:modified_time\" content=\"2025-08-22T12:41:03+00:00\" \/>\n<meta property=\"og:image\" content=\"https:\/\/vellomonfortarquitectes.com\/wp-content\/uploads\/2023\/11\/ideas-para-reformar-tu-terraza.png\" \/>\n\t<meta property=\"og:image:width\" content=\"747\" \/>\n\t<meta property=\"og:image:height\" content=\"497\" \/>\n\t<meta property=\"og:image:type\" content=\"image\/png\" \/>\n<meta name=\"author\" content=\"lafabricadelseo\" \/>\n<meta name=\"twitter:card\" content=\"summary_large_image\" \/>\n<meta name=\"twitter:label1\" content=\"Geschreven door\" \/>\n\t<meta name=\"twitter:data1\" content=\"lafabricadelseo\" \/>\n\t<meta name=\"twitter:label2\" content=\"Geschatte leestijd\" \/>\n\t<meta name=\"twitter:data2\" content=\"5 minuten\" \/>\n<script type=\"application\/ld+json\" class=\"yoast-schema-graph\">{\"@context\":\"https:\\\/\\\/schema.org\",\"@graph\":[{\"@type\":\"Article\",\"@id\":\"https:\\\/\\\/vellomonfortarquitectes.com\\\/nl\\\/ideeen-om-je-terras-te-renoveren\\\/#article\",\"isPartOf\":{\"@id\":\"https:\\\/\\\/vellomonfortarquitectes.com\\\/nl\\\/ideeen-om-je-terras-te-renoveren\\\/\"},\"author\":{\"name\":\"lafabricadelseo\",\"@id\":\"https:\\\/\\\/vellomonfortarquitectes.com\\\/nl\\\/#\\\/schema\\\/person\\\/0cf5fa332e5ca91d37387f50327aca40\"},\"headline\":\"Idee\u00ebn om je terras te renoveren\",\"datePublished\":\"2023-11-07T07:58:39+00:00\",\"dateModified\":\"2025-08-22T12:41:03+00:00\",\"mainEntityOfPage\":{\"@id\":\"https:\\\/\\\/vellomonfortarquitectes.com\\\/nl\\\/ideeen-om-je-terras-te-renoveren\\\/\"},\"wordCount\":1060,\"image\":{\"@id\":\"https:\\\/\\\/vellomonfortarquitectes.com\\\/nl\\\/ideeen-om-je-terras-te-renoveren\\\/#primaryimage\"},\"thumbnailUrl\":\"https:\\\/\\\/vellomonfortarquitectes.com\\\/wp-content\\\/uploads\\\/2023\\\/11\\\/ideas-para-reformar-tu-terraza.png\",\"articleSection\":[\"Blog\"],\"inLanguage\":\"nl-NL\"},{\"@type\":\"WebPage\",\"@id\":\"https:\\\/\\\/vellomonfortarquitectes.com\\\/nl\\\/ideeen-om-je-terras-te-renoveren\\\/\",\"url\":\"https:\\\/\\\/vellomonfortarquitectes.com\\\/nl\\\/ideeen-om-je-terras-te-renoveren\\\/\",\"name\":\"Idee\u00ebn voor het renoveren van uw terras - Vell\u00f3 Monfort Arquitectes\",\"isPartOf\":{\"@id\":\"https:\\\/\\\/vellomonfortarquitectes.com\\\/nl\\\/#website\"},\"primaryImageOfPage\":{\"@id\":\"https:\\\/\\\/vellomonfortarquitectes.com\\\/nl\\\/ideeen-om-je-terras-te-renoveren\\\/#primaryimage\"},\"image\":{\"@id\":\"https:\\\/\\\/vellomonfortarquitectes.com\\\/nl\\\/ideeen-om-je-terras-te-renoveren\\\/#primaryimage\"},\"thumbnailUrl\":\"https:\\\/\\\/vellomonfortarquitectes.com\\\/wp-content\\\/uploads\\\/2023\\\/11\\\/ideas-para-reformar-tu-terraza.png\",\"datePublished\":\"2023-11-07T07:58:39+00:00\",\"dateModified\":\"2025-08-22T12:41:03+00:00\",\"author\":{\"@id\":\"https:\\\/\\\/vellomonfortarquitectes.com\\\/nl\\\/#\\\/schema\\\/person\\\/0cf5fa332e5ca91d37387f50327aca40\"},\"description\":\"Transformeer je terras met creatieve en duurzame idee\u00ebn. Ontwerp een perfect toevluchtsoord om van het buitenleven te genieten.\",\"breadcrumb\":{\"@id\":\"https:\\\/\\\/vellomonfortarquitectes.com\\\/nl\\\/ideeen-om-je-terras-te-renoveren\\\/#breadcrumb\"},\"inLanguage\":\"nl-NL\",\"potentialAction\":[{\"@type\":\"ReadAction\",\"target\":[\"https:\\\/\\\/vellomonfortarquitectes.com\\\/nl\\\/ideeen-om-je-terras-te-renoveren\\\/\"]}]},{\"@type\":\"ImageObject\",\"inLanguage\":\"nl-NL\",\"@id\":\"https:\\\/\\\/vellomonfortarquitectes.com\\\/nl\\\/ideeen-om-je-terras-te-renoveren\\\/#primaryimage\",\"url\":\"https:\\\/\\\/vellomonfortarquitectes.com\\\/wp-content\\\/uploads\\\/2023\\\/11\\\/ideas-para-reformar-tu-terraza.png\",\"contentUrl\":\"https:\\\/\\\/vellomonfortarquitectes.com\\\/wp-content\\\/uploads\\\/2023\\\/11\\\/ideas-para-reformar-tu-terraza.png\",\"width\":747,\"height\":497},{\"@type\":\"BreadcrumbList\",\"@id\":\"https:\\\/\\\/vellomonfortarquitectes.com\\\/nl\\\/ideeen-om-je-terras-te-renoveren\\\/#breadcrumb\",\"itemListElement\":[{\"@type\":\"ListItem\",\"position\":1,\"name\":\"Portada\",\"item\":\"https:\\\/\\\/vellomonfortarquitectes.com\\\/nl\\\/\"},{\"@type\":\"ListItem\",\"position\":2,\"name\":\"Idee\u00ebn om je terras te renoveren\"}]},{\"@type\":\"WebSite\",\"@id\":\"https:\\\/\\\/vellomonfortarquitectes.com\\\/nl\\\/#website\",\"url\":\"https:\\\/\\\/vellomonfortarquitectes.com\\\/nl\\\/\",\"name\":\"Vello Arquitectura\",\"description\":\"\",\"potentialAction\":[{\"@type\":\"SearchAction\",\"target\":{\"@type\":\"EntryPoint\",\"urlTemplate\":\"https:\\\/\\\/vellomonfortarquitectes.com\\\/nl\\\/?s={search_term_string}\"},\"query-input\":{\"@type\":\"PropertyValueSpecification\",\"valueRequired\":true,\"valueName\":\"search_term_string\"}}],\"inLanguage\":\"nl-NL\"},{\"@type\":\"Person\",\"@id\":\"https:\\\/\\\/vellomonfortarquitectes.com\\\/nl\\\/#\\\/schema\\\/person\\\/0cf5fa332e5ca91d37387f50327aca40\",\"name\":\"lafabricadelseo\",\"image\":{\"@type\":\"ImageObject\",\"inLanguage\":\"nl-NL\",\"@id\":\"https:\\\/\\\/secure.gravatar.com\\\/avatar\\\/a00b480fd278f47b8d479384a393728bed1433f6a331895d10f67aa59337cbfc?s=96&d=mm&r=g\",\"url\":\"https:\\\/\\\/secure.gravatar.com\\\/avatar\\\/a00b480fd278f47b8d479384a393728bed1433f6a331895d10f67aa59337cbfc?s=96&d=mm&r=g\",\"contentUrl\":\"https:\\\/\\\/secure.gravatar.com\\\/avatar\\\/a00b480fd278f47b8d479384a393728bed1433f6a331895d10f67aa59337cbfc?s=96&d=mm&r=g\",\"caption\":\"lafabricadelseo\"}}]}<\/script>\n<!-- \/ Yoast SEO plugin. -->","yoast_head_json":{"title":"Idee\u00ebn voor het renoveren van uw terras - Vell\u00f3 Monfort Arquitectes","description":"Transformeer je terras met creatieve en duurzame idee\u00ebn. Ontwerp een perfect toevluchtsoord om van het buitenleven te genieten.","robots":{"index":"index","follow":"follow","max-snippet":"max-snippet:-1","max-image-preview":"max-image-preview:large","max-video-preview":"max-video-preview:-1"},"canonical":"https:\/\/vellomonfortarquitectes.com\/nl\/ideeen-om-je-terras-te-renoveren\/","og_locale":"nl_NL","og_type":"article","og_title":"Idee\u00ebn voor het renoveren van uw terras - Vell\u00f3 Monfort Arquitectes","og_description":"Transformeer je terras met creatieve en duurzame idee\u00ebn. Ontwerp een perfect toevluchtsoord om van het buitenleven te genieten.","og_url":"https:\/\/vellomonfortarquitectes.com\/nl\/ideeen-om-je-terras-te-renoveren\/","og_site_name":"Vello Arquitectura","article_published_time":"2023-11-07T07:58:39+00:00","article_modified_time":"2025-08-22T12:41:03+00:00","og_image":[{"width":747,"height":497,"url":"https:\/\/vellomonfortarquitectes.com\/wp-content\/uploads\/2023\/11\/ideas-para-reformar-tu-terraza.png","type":"image\/png"}],"author":"lafabricadelseo","twitter_card":"summary_large_image","twitter_misc":{"Geschreven door":"lafabricadelseo","Geschatte leestijd":"5 minuten"},"schema":{"@context":"https:\/\/schema.org","@graph":[{"@type":"Article","@id":"https:\/\/vellomonfortarquitectes.com\/nl\/ideeen-om-je-terras-te-renoveren\/#article","isPartOf":{"@id":"https:\/\/vellomonfortarquitectes.com\/nl\/ideeen-om-je-terras-te-renoveren\/"},"author":{"name":"lafabricadelseo","@id":"https:\/\/vellomonfortarquitectes.com\/nl\/#\/schema\/person\/0cf5fa332e5ca91d37387f50327aca40"},"headline":"Idee\u00ebn om je terras te renoveren","datePublished":"2023-11-07T07:58:39+00:00","dateModified":"2025-08-22T12:41:03+00:00","mainEntityOfPage":{"@id":"https:\/\/vellomonfortarquitectes.com\/nl\/ideeen-om-je-terras-te-renoveren\/"},"wordCount":1060,"image":{"@id":"https:\/\/vellomonfortarquitectes.com\/nl\/ideeen-om-je-terras-te-renoveren\/#primaryimage"},"thumbnailUrl":"https:\/\/vellomonfortarquitectes.com\/wp-content\/uploads\/2023\/11\/ideas-para-reformar-tu-terraza.png","articleSection":["Blog"],"inLanguage":"nl-NL"},{"@type":"WebPage","@id":"https:\/\/vellomonfortarquitectes.com\/nl\/ideeen-om-je-terras-te-renoveren\/","url":"https:\/\/vellomonfortarquitectes.com\/nl\/ideeen-om-je-terras-te-renoveren\/","name":"Idee\u00ebn voor het renoveren van uw terras - Vell\u00f3 Monfort Arquitectes","isPartOf":{"@id":"https:\/\/vellomonfortarquitectes.com\/nl\/#website"},"primaryImageOfPage":{"@id":"https:\/\/vellomonfortarquitectes.com\/nl\/ideeen-om-je-terras-te-renoveren\/#primaryimage"},"image":{"@id":"https:\/\/vellomonfortarquitectes.com\/nl\/ideeen-om-je-terras-te-renoveren\/#primaryimage"},"thumbnailUrl":"https:\/\/vellomonfortarquitectes.com\/wp-content\/uploads\/2023\/11\/ideas-para-reformar-tu-terraza.png","datePublished":"2023-11-07T07:58:39+00:00","dateModified":"2025-08-22T12:41:03+00:00","author":{"@id":"https:\/\/vellomonfortarquitectes.com\/nl\/#\/schema\/person\/0cf5fa332e5ca91d37387f50327aca40"},"description":"Transformeer je terras met creatieve en duurzame idee\u00ebn. Ontwerp een perfect toevluchtsoord om van het buitenleven te genieten.","breadcrumb":{"@id":"https:\/\/vellomonfortarquitectes.com\/nl\/ideeen-om-je-terras-te-renoveren\/#breadcrumb"},"inLanguage":"nl-NL","potentialAction":[{"@type":"ReadAction","target":["https:\/\/vellomonfortarquitectes.com\/nl\/ideeen-om-je-terras-te-renoveren\/"]}]},{"@type":"ImageObject","inLanguage":"nl-NL","@id":"https:\/\/vellomonfortarquitectes.com\/nl\/ideeen-om-je-terras-te-renoveren\/#primaryimage","url":"https:\/\/vellomonfortarquitectes.com\/wp-content\/uploads\/2023\/11\/ideas-para-reformar-tu-terraza.png","contentUrl":"https:\/\/vellomonfortarquitectes.com\/wp-content\/uploads\/2023\/11\/ideas-para-reformar-tu-terraza.png","width":747,"height":497},{"@type":"BreadcrumbList","@id":"https:\/\/vellomonfortarquitectes.com\/nl\/ideeen-om-je-terras-te-renoveren\/#breadcrumb","itemListElement":[{"@type":"ListItem","position":1,"name":"Portada","item":"https:\/\/vellomonfortarquitectes.com\/nl\/"},{"@type":"ListItem","position":2,"name":"Idee\u00ebn om je terras te renoveren"}]},{"@type":"WebSite","@id":"https:\/\/vellomonfortarquitectes.com\/nl\/#website","url":"https:\/\/vellomonfortarquitectes.com\/nl\/","name":"Vello Arquitectura","description":"","potentialAction":[{"@type":"SearchAction","target":{"@type":"EntryPoint","urlTemplate":"https:\/\/vellomonfortarquitectes.com\/nl\/?s={search_term_string}"},"query-input":{"@type":"PropertyValueSpecification","valueRequired":true,"valueName":"search_term_string"}}],"inLanguage":"nl-NL"},{"@type":"Person","@id":"https:\/\/vellomonfortarquitectes.com\/nl\/#\/schema\/person\/0cf5fa332e5ca91d37387f50327aca40","name":"lafabricadelseo","image":{"@type":"ImageObject","inLanguage":"nl-NL","@id":"https:\/\/secure.gravatar.com\/avatar\/a00b480fd278f47b8d479384a393728bed1433f6a331895d10f67aa59337cbfc?s=96&d=mm&r=g","url":"https:\/\/secure.gravatar.com\/avatar\/a00b480fd278f47b8d479384a393728bed1433f6a331895d10f67aa59337cbfc?s=96&d=mm&r=g","contentUrl":"https:\/\/secure.gravatar.com\/avatar\/a00b480fd278f47b8d479384a393728bed1433f6a331895d10f67aa59337cbfc?s=96&d=mm&r=g","caption":"lafabricadelseo"}}]}},"_links":{"self":[{"href":"https:\/\/vellomonfortarquitectes.com\/nl\/wp-json\/wp\/v2\/posts\/14945","targetHints":{"allow":["GET"]}}],"collection":[{"href":"https:\/\/vellomonfortarquitectes.com\/nl\/wp-json\/wp\/v2\/posts"}],"about":[{"href":"https:\/\/vellomonfortarquitectes.com\/nl\/wp-json\/wp\/v2\/types\/post"}],"author":[{"embeddable":true,"href":"https:\/\/vellomonfortarquitectes.com\/nl\/wp-json\/wp\/v2\/users\/5"}],"replies":[{"embeddable":true,"href":"https:\/\/vellomonfortarquitectes.com\/nl\/wp-json\/wp\/v2\/comments?post=14945"}],"version-history":[{"count":7,"href":"https:\/\/vellomonfortarquitectes.com\/nl\/wp-json\/wp\/v2\/posts\/14945\/revisions"}],"predecessor-version":[{"id":15656,"href":"https:\/\/vellomonfortarquitectes.com\/nl\/wp-json\/wp\/v2\/posts\/14945\/revisions\/15656"}],"wp:featuredmedia":[{"embeddable":true,"href":"https:\/\/vellomonfortarquitectes.com\/nl\/wp-json\/wp\/v2\/media\/14946"}],"wp:attachment":[{"href":"https:\/\/vellomonfortarquitectes.com\/nl\/wp-json\/wp\/v2\/media?parent=14945"}],"wp:term":[{"taxonomy":"category","embeddable":true,"href":"https:\/\/vellomonfortarquitectes.com\/nl\/wp-json\/wp\/v2\/categories?post=14945"},{"taxonomy":"post_tag","embeddable":true,"href":"https:\/\/vellomonfortarquitectes.com\/nl\/wp-json\/wp\/v2\/tags?post=14945"}],"curies":[{"name":"wp","href":"https:\/\/api.w.org\/{rel}","templated":true}]}}