{"id":14973,"date":"2023-11-07T09:42:56","date_gmt":"2023-11-07T09:42:56","guid":{"rendered":"https:\/\/vellomonfortarquitectes.com\/verandering-van-gebruik-van-bedrijfsruimte-naar-woning-gids-voor-de-verbouwing\/"},"modified":"2025-08-22T12:40:08","modified_gmt":"2025-08-22T12:40:08","slug":"verandering-van-gebruik-van-bedrijfsruimte-naar-woning-gids-voor-de-verbouwing","status":"publish","type":"post","link":"https:\/\/vellomonfortarquitectes.com\/nl\/verandering-van-gebruik-van-bedrijfsruimte-naar-woning-gids-voor-de-verbouwing\/","title":{"rendered":"Verandering van gebruik van bedrijfsruimte naar woning: gids voor de verbouwing"},"content":{"rendered":"<p>[et_pb_section fb_built=&#8221;1&#8243; _builder_version=&#8221;4.16&#8243; global_colors_info=&#8221;{}&#8221;][et_pb_row _builder_version=&#8221;4.16&#8243; background_size=&#8221;initial&#8221; background_position=&#8221;top_left&#8221; background_repeat=&#8221;repeat&#8221; global_colors_info=&#8221;{}&#8221;][et_pb_column type=&#8221;4_4&#8243; _builder_version=&#8221;4.16&#8243; custom_padding=&#8221;|||&#8221; global_colors_info=&#8221;{}&#8221; custom_padding__hover=&#8221;|||&#8221;][et_pb_text _builder_version=&#8221;4.18.0&#8243; background_size=&#8221;initial&#8221; background_position=&#8221;top_left&#8221; background_repeat=&#8221;repeat&#8221; text_orientation=&#8221;justified&#8221; global_colors_info=&#8221;{}&#8221;]<\/p>\n<p>De verbouwing van bedrijfsruimten tot woonruimten is een groeiende trend in het stedelijk landschap. Deze praktijk biedt niet alleen een tweede leven aan onderbenutte gebouwen, maar speelt ook in op de groeiende vraag naar woningen in steden. Bij <strong>Vell\u00f3 Monfort Arquitectes<\/strong> zijn we gespecialiseerd in dit soort transformaties en zorgen we ervoor dat elke ruimte niet alleen voldoet aan de huidige regelgeving, maar ook het comfort en de functionaliteit biedt die moderne stadsbewoners eisen.  <\/p>\n<h2><strong>Het potentieel van commerci\u00eble panden ontdekken<\/strong><\/h2>\n<p>Verlaten of ongebruikte bedrijfsruimten bieden tal van mogelijkheden. Door ze om te bouwen tot woningen kunnen vergeten gebieden nieuw leven worden ingeblazen en kunnen unieke woonmogelijkheden in centrale locaties worden gecre\u00eberd. Deze ruimten hebben vaak unieke kenmerken die niet te vinden zijn in traditionele woongebouwen, zoals hoge plafonds en grote ramen.  <\/p>\n<h3><strong>Haalbaarheidsevaluatie<\/strong><\/h3>\n<p>De eerste stap bij het <a href=\"https:\/\/vellomonfortarquitectes.com\/nl\/hervormingsprojecten\/\"><strong>verbouwen van een pand tot een woning<\/strong><\/a> is een haalbaarheidsonderzoek. Dit proces omvat een gedetailleerde analyse van de bestaande structuur, de bestemmingsplannen en de bouwvoorschriften. Ons team van experts bij <strong>Vell\u00f3 Monfort Arquitectes<\/strong> voert een grondig onderzoek uit om te bepalen of het pand legaal kan worden verbouwd tot een woning en welke structurele veranderingen daarvoor nodig zijn.  <\/p>\n<p>[\/et_pb_text][et_pb_divider show_divider=&#8221;off&#8221; _builder_version=&#8221;4.18.0&#8243; _module_preset=&#8221;default&#8221; global_colors_info=&#8221;{}&#8221;][\/et_pb_divider][et_pb_cta title=&#8221;Neem contact op met onze architectuurstudio&#8221; button_url=&#8221;https:\/\/vellomonfortarquitectes.com\/nl\/&#8221; button_text=&#8221;Neem contact op met&#8221; _builder_version=&#8221;4.18.0&#8243; _module_preset=&#8221;default&#8221; global_colors_info=&#8221;{}&#8221;][\/et_pb_cta][et_pb_divider show_divider=&#8221;off&#8221; _builder_version=&#8221;4.18.0&#8243; _module_preset=&#8221;default&#8221; global_colors_info=&#8221;{}&#8221;][\/et_pb_divider][et_pb_text _builder_version=&#8221;4.18.0&#8243; _module_preset=&#8221;default&#8221; text_orientation=&#8221;justified&#8221; global_colors_info=&#8221;{}&#8221;]<\/p>\n<h3><strong>Planning en ontwerp<\/strong><\/h3>\n<p>Zodra de haalbaarheid is bevestigd, is de volgende stap de planning en het ontwerp. Deze fase is cruciaal om ervoor te zorgen dat de ruimte niet alleen bewoonbaar is, maar ook voldoet aan alle verwachtingen van een moderne woning. Onze architecten zijn gespecialiseerd in het maximaliseren van ruimte en natuurlijk licht, en cre\u00ebren ontwerpen die de essentie van het oorspronkelijke pand respecteren en het tegelijkertijd transformeren tot een comfortabele en functionele woning.  <\/p>\n<h2><strong>Navigeren door het juridische en administratieve proces<\/strong><\/h2>\n<p>De omzetting van een bedrijfsruimte naar een woonruimte brengt een aantal juridische en administratieve formaliteiten met zich mee. Elke gemeente heeft haar eigen voorschriften en vereisten die zorgvuldig moeten worden nageleefd om de benodigde vergunningen te verkrijgen. <\/p>\n<h3><strong>Verkrijgen van vergunningen<\/strong><\/h3>\n<p>Het verkrijgen van vergunningen kan een complex proces zijn en vereist een grondige kennis van de lokale regelgeving. Bij Vell\u00f3 Monfort Arquitectes zorgen wij voor alle benodigde documentatie, van de aanvraag voor een wijziging van het gebruik tot het verkrijgen van de bouwvergunningen, waarbij wij ervoor zorgen dat het project voldoet aan alle voorschriften en kwaliteitsnormen. <\/p>\n<h3><strong>De bouwvoorschriften naleven<\/strong><\/h3>\n<p>Het is van essentieel belang dat de verbouwing voldoet aan de geldende bouwvoorschriften. Dit omvat normen op het gebied van veiligheid, toegankelijkheid, isolatie, energie-effici\u00ebntie en nog veel meer. Ons team is op de hoogte van de meest recente bouwvoorschriften om ervoor te zorgen dat uw nieuwe woning niet alleen veilig en comfortabel is, maar ook duurzaam en effici\u00ebnt.  <\/p>\n<h2><strong>De fysieke transformatie: van pand naar thuis<\/strong><\/h2>\n<p>De bouwfase is het moment waarop de visie werkelijkheid wordt. De transformatie van een pand tot een woning vereist een reeks aanpassingen, vari\u00ebrend van de herindeling van ruimtes tot de installatie van essenti\u00eble residenti\u00eble systemen. <\/p>\n<h3><strong>Structurele aanpassingen<\/strong><\/h3>\n<p>Veel bedrijfsruimten moeten structureel worden aangepast om ze geschikt te maken voor bewoning. Dit kan onder meer het plaatsen van binnenmuren, het maken van extra raamopeningen of het installeren van nieuwe loodgieters- en elektriciteitsinstallaties omvatten. Ons team van ingenieurs en architecten ontwerpt deze aanpassingen met precisie, zodat de ruimte niet alleen esthetisch aantrekkelijk is, maar ook volledig functioneel als woning.  <\/p>\n<h3><strong>Interieurontwerp en afwerking<\/strong><\/h3>\n<p>Het interieurontwerp speelt een cruciale rol bij de transformatie van een bedrijfsruimte tot een leefbare ruimte. De afwerking, de materiaalkeuze, de verlichting en de indeling van het meubilair zijn elementen waaraan we nauwgezet werken om uw persoonlijke stijl te weerspiegelen en functionaliteit te garanderen. Bij <strong>Vell\u00f3 Monfort Arquitectes<\/strong> zijn we trots op het cre\u00ebren van ruimtes die onze klanten met trots hun thuis noemen.  <\/p>\n<p>Kortom, de verandering van bedrijfsruimte naar woonruimte is een spannende kans om opnieuw na te denken over hoe we in onze steden leven. Met de juiste aanpak kunnen deze projecten innovatieve en duurzame woonoplossingen bieden die zowel individuen als stedelijke gemeenschappen ten goede komen. Bij <a href=\"https:\/\/vellomonfortarquitectes.com\/nl\/\"><strong>Vell\u00f3 Monfort Arquitectes<\/strong><\/a> zetten we ons in om deze verandering te leiden door ontwerpoplossingen te bieden die commerci\u00eble ruimtes transformeren tot moderne, effici\u00ebnte en levendige woningen.  <\/p>\n<p>[\/et_pb_text][\/et_pb_column][\/et_pb_row][et_pb_row _builder_version=&#8221;4.27.4&#8243; _module_preset=&#8221;default&#8221; module_alignment=&#8221;center&#8221; global_colors_info=&#8221;{}&#8221; locked=&#8221;off&#8221;][et_pb_column type=&#8221;4_4&#8243; _builder_version=&#8221;4.27.4&#8243; _module_preset=&#8221;default&#8221; global_colors_info=&#8221;{}&#8221;][et_pb_code _builder_version=&#8221;4.27.4&#8243; _module_preset=&#8221;default&#8221; text_orientation=&#8221;center&#8221; global_colors_info=&#8221;{}&#8221;]<\/p>\n<div class=\"author-box\" style=\"border: 1px solid #e0e0e0; padding: 20px; margin-top: 40px; border-radius: 12px; max-width: 600px; text-align: center; margin-left: auto; margin-right: auto;\"><!-- [et_pb_line_break_holder] -->  <img loading=\"lazy\" decoding=\"async\" src=\"https:\/\/vellomonfortarquitectes.com\/wp-content\/uploads\/2020\/11\/joseantonio.jpg\" alt=\"Jos\u00e9 Antonio Vell\u00f3, erkend architect in Gand\u00eda\" width=\"120\" height=\"120\" style=\"border-radius: 50%; object-fit: cover; margin-bottom: 15px;\"><!-- [et_pb_line_break_holder] -->  <\/p>\n<h3 style=\"margin: 0 0 10px;\">Over de auteur: Jos\u00e9 Antonio Vell\u00f3<\/h3>\n<p><!-- [et_pb_line_break_holder] -->  <pee style=\"margin: 0 0 10px;\"><!-- [et_pb_line_break_holder] --> Architect, lid van de <strong>COACV <\/strong>en medeoprichter van <strong>Vell\u00f3 Monfort Arquitectes<\/strong>. Hij heeft meer dan 20 jaar ervaring in het ontwerpen, renoveren en technisch leiden van residenti\u00eble en openbare projecten in de <strong>regio Valencia<\/strong>. <!-- [et_pb_line_break_holder] -->  <\/pee><!-- [et_pb_line_break_holder] -->  <pee style=\"margin: 0 0 10px;\"><!-- [et_pb_line_break_holder] --> Specialist in stedenbouwkundige regelgeving, energie-effici\u00ebntie en integraal bouwbeheer voor particulieren, projectontwikkelaars en overheidsinstanties.<!-- [et_pb_line_break_holder] -->  <\/pee><!-- [et_pb_line_break_holder] -->  <pee style=\"margin: 0 0 10px;\"><!-- [et_pb_line_break_holder] -->    <a href=\"https:\/\/vellomonfortarquitectes.com\/nl\/architectuur-studio-gandia\/\" style=\"color: #005599; text-decoration: underline;\">Meer informatie over het onderzoek<\/a> | <!-- [et_pb_line_break_holder] --> <a href=\"https:\/\/www.linkedin.com\/in\/jos%C3%A9-antonio-vell%C3%B3-ribes-aba23027?originalSubdomain=es\" target=\"_blank\" rel=\"noopener\" style=\"color: #005599; text-decoration: underline;\">LinkedIn-profiel<\/a><!-- [et_pb_line_break_holder] -->  <\/pee><!-- [et_pb_line_break_holder] --><\/div>\n<p><!-- [et_pb_line_break_holder] -->[\/et_pb_code][\/et_pb_column][\/et_pb_row][\/et_pb_section]<\/p>\n","protected":false},"excerpt":{"rendered":"<p>De verbouwing van bedrijfsruimten tot woonruimten is een groeiende trend in het stedelijk landschap. Deze praktijk biedt niet alleen een tweede leven aan onderbenutte gebouwen, maar speelt ook in op de groeiende vraag naar woningen in steden. Bij Vell\u00f3 Monfort Arquitectes zijn we gespecialiseerd in dit soort transformaties en zorgen we ervoor dat elke ruimte [&hellip;]<\/p>\n","protected":false},"author":5,"featured_media":14974,"comment_status":"closed","ping_status":"open","sticky":false,"template":"","format":"standard","meta":{"_et_pb_use_builder":"on","_et_pb_old_content":"","_et_gb_content_width":"","footnotes":""},"categories":[214],"tags":[],"class_list":["post-14973","post","type-post","status-publish","format-standard","has-post-thumbnail","hentry","category-blog-nl"],"yoast_head":"<!-- This site is optimized with the Yoast SEO plugin v27.5 - https:\/\/yoast.com\/product\/yoast-seo-wordpress\/ -->\n<title>Verandering van bestemming van bedrijfsruimte naar woning - Vell\u00f3 Monfort Arquitectes<\/title>\n<meta name=\"description\" content=\"De verbouwing van bedrijfsruimten tot woonruimten is een groeiende trend in het stedelijk landschap. Neem contact met ons op voor meer informatie.\" \/>\n<meta name=\"robots\" content=\"index, follow, max-snippet:-1, max-image-preview:large, max-video-preview:-1\" \/>\n<link rel=\"canonical\" href=\"https:\/\/vellomonfortarquitectes.com\/nl\/verandering-van-gebruik-van-bedrijfsruimte-naar-woning-gids-voor-de-verbouwing\/\" \/>\n<meta property=\"og:locale\" content=\"nl_NL\" \/>\n<meta property=\"og:type\" content=\"article\" \/>\n<meta property=\"og:title\" content=\"Verandering van bestemming van bedrijfsruimte naar woning - Vell\u00f3 Monfort Arquitectes\" \/>\n<meta property=\"og:description\" content=\"De verbouwing van bedrijfsruimten tot woonruimten is een groeiende trend in het stedelijk landschap. Neem contact met ons op voor meer informatie.\" \/>\n<meta property=\"og:url\" content=\"https:\/\/vellomonfortarquitectes.com\/nl\/verandering-van-gebruik-van-bedrijfsruimte-naar-woning-gids-voor-de-verbouwing\/\" \/>\n<meta property=\"og:site_name\" content=\"Vello Arquitectura\" \/>\n<meta property=\"article:published_time\" content=\"2023-11-07T09:42:56+00:00\" \/>\n<meta property=\"article:modified_time\" content=\"2025-08-22T12:40:08+00:00\" \/>\n<meta property=\"og:image\" content=\"https:\/\/vellomonfortarquitectes.com\/wp-content\/uploads\/2023\/11\/cambio-de-uso-de-local-a-vivienda.png\" \/>\n\t<meta property=\"og:image:width\" content=\"747\" \/>\n\t<meta property=\"og:image:height\" content=\"497\" \/>\n\t<meta property=\"og:image:type\" content=\"image\/png\" \/>\n<meta name=\"author\" content=\"lafabricadelseo\" \/>\n<meta name=\"twitter:card\" content=\"summary_large_image\" \/>\n<meta name=\"twitter:label1\" content=\"Geschreven door\" \/>\n\t<meta name=\"twitter:data1\" content=\"lafabricadelseo\" \/>\n\t<meta name=\"twitter:label2\" content=\"Geschatte leestijd\" \/>\n\t<meta name=\"twitter:data2\" content=\"5 minuten\" \/>\n<script type=\"application\/ld+json\" class=\"yoast-schema-graph\">{\"@context\":\"https:\\\/\\\/schema.org\",\"@graph\":[{\"@type\":\"Article\",\"@id\":\"https:\\\/\\\/vellomonfortarquitectes.com\\\/nl\\\/verandering-van-gebruik-van-bedrijfsruimte-naar-woning-gids-voor-de-verbouwing\\\/#article\",\"isPartOf\":{\"@id\":\"https:\\\/\\\/vellomonfortarquitectes.com\\\/nl\\\/verandering-van-gebruik-van-bedrijfsruimte-naar-woning-gids-voor-de-verbouwing\\\/\"},\"author\":{\"name\":\"lafabricadelseo\",\"@id\":\"https:\\\/\\\/vellomonfortarquitectes.com\\\/nl\\\/#\\\/schema\\\/person\\\/0cf5fa332e5ca91d37387f50327aca40\"},\"headline\":\"Verandering van gebruik van bedrijfsruimte naar woning: gids voor de verbouwing\",\"datePublished\":\"2023-11-07T09:42:56+00:00\",\"dateModified\":\"2025-08-22T12:40:08+00:00\",\"mainEntityOfPage\":{\"@id\":\"https:\\\/\\\/vellomonfortarquitectes.com\\\/nl\\\/verandering-van-gebruik-van-bedrijfsruimte-naar-woning-gids-voor-de-verbouwing\\\/\"},\"wordCount\":968,\"image\":{\"@id\":\"https:\\\/\\\/vellomonfortarquitectes.com\\\/nl\\\/verandering-van-gebruik-van-bedrijfsruimte-naar-woning-gids-voor-de-verbouwing\\\/#primaryimage\"},\"thumbnailUrl\":\"https:\\\/\\\/vellomonfortarquitectes.com\\\/wp-content\\\/uploads\\\/2023\\\/11\\\/cambio-de-uso-de-local-a-vivienda.png\",\"articleSection\":[\"Blog\"],\"inLanguage\":\"nl-NL\"},{\"@type\":\"WebPage\",\"@id\":\"https:\\\/\\\/vellomonfortarquitectes.com\\\/nl\\\/verandering-van-gebruik-van-bedrijfsruimte-naar-woning-gids-voor-de-verbouwing\\\/\",\"url\":\"https:\\\/\\\/vellomonfortarquitectes.com\\\/nl\\\/verandering-van-gebruik-van-bedrijfsruimte-naar-woning-gids-voor-de-verbouwing\\\/\",\"name\":\"Verandering van bestemming van bedrijfsruimte naar woning - Vell\u00f3 Monfort Arquitectes\",\"isPartOf\":{\"@id\":\"https:\\\/\\\/vellomonfortarquitectes.com\\\/nl\\\/#website\"},\"primaryImageOfPage\":{\"@id\":\"https:\\\/\\\/vellomonfortarquitectes.com\\\/nl\\\/verandering-van-gebruik-van-bedrijfsruimte-naar-woning-gids-voor-de-verbouwing\\\/#primaryimage\"},\"image\":{\"@id\":\"https:\\\/\\\/vellomonfortarquitectes.com\\\/nl\\\/verandering-van-gebruik-van-bedrijfsruimte-naar-woning-gids-voor-de-verbouwing\\\/#primaryimage\"},\"thumbnailUrl\":\"https:\\\/\\\/vellomonfortarquitectes.com\\\/wp-content\\\/uploads\\\/2023\\\/11\\\/cambio-de-uso-de-local-a-vivienda.png\",\"datePublished\":\"2023-11-07T09:42:56+00:00\",\"dateModified\":\"2025-08-22T12:40:08+00:00\",\"author\":{\"@id\":\"https:\\\/\\\/vellomonfortarquitectes.com\\\/nl\\\/#\\\/schema\\\/person\\\/0cf5fa332e5ca91d37387f50327aca40\"},\"description\":\"De verbouwing van bedrijfsruimten tot woonruimten is een groeiende trend in het stedelijk landschap. Neem contact met ons op voor meer informatie.\",\"breadcrumb\":{\"@id\":\"https:\\\/\\\/vellomonfortarquitectes.com\\\/nl\\\/verandering-van-gebruik-van-bedrijfsruimte-naar-woning-gids-voor-de-verbouwing\\\/#breadcrumb\"},\"inLanguage\":\"nl-NL\",\"potentialAction\":[{\"@type\":\"ReadAction\",\"target\":[\"https:\\\/\\\/vellomonfortarquitectes.com\\\/nl\\\/verandering-van-gebruik-van-bedrijfsruimte-naar-woning-gids-voor-de-verbouwing\\\/\"]}]},{\"@type\":\"ImageObject\",\"inLanguage\":\"nl-NL\",\"@id\":\"https:\\\/\\\/vellomonfortarquitectes.com\\\/nl\\\/verandering-van-gebruik-van-bedrijfsruimte-naar-woning-gids-voor-de-verbouwing\\\/#primaryimage\",\"url\":\"https:\\\/\\\/vellomonfortarquitectes.com\\\/wp-content\\\/uploads\\\/2023\\\/11\\\/cambio-de-uso-de-local-a-vivienda.png\",\"contentUrl\":\"https:\\\/\\\/vellomonfortarquitectes.com\\\/wp-content\\\/uploads\\\/2023\\\/11\\\/cambio-de-uso-de-local-a-vivienda.png\",\"width\":747,\"height\":497},{\"@type\":\"BreadcrumbList\",\"@id\":\"https:\\\/\\\/vellomonfortarquitectes.com\\\/nl\\\/verandering-van-gebruik-van-bedrijfsruimte-naar-woning-gids-voor-de-verbouwing\\\/#breadcrumb\",\"itemListElement\":[{\"@type\":\"ListItem\",\"position\":1,\"name\":\"Portada\",\"item\":\"https:\\\/\\\/vellomonfortarquitectes.com\\\/nl\\\/\"},{\"@type\":\"ListItem\",\"position\":2,\"name\":\"Verandering van gebruik van bedrijfsruimte naar woning: gids voor de verbouwing\"}]},{\"@type\":\"WebSite\",\"@id\":\"https:\\\/\\\/vellomonfortarquitectes.com\\\/nl\\\/#website\",\"url\":\"https:\\\/\\\/vellomonfortarquitectes.com\\\/nl\\\/\",\"name\":\"Vello Arquitectura\",\"description\":\"\",\"potentialAction\":[{\"@type\":\"SearchAction\",\"target\":{\"@type\":\"EntryPoint\",\"urlTemplate\":\"https:\\\/\\\/vellomonfortarquitectes.com\\\/nl\\\/?s={search_term_string}\"},\"query-input\":{\"@type\":\"PropertyValueSpecification\",\"valueRequired\":true,\"valueName\":\"search_term_string\"}}],\"inLanguage\":\"nl-NL\"},{\"@type\":\"Person\",\"@id\":\"https:\\\/\\\/vellomonfortarquitectes.com\\\/nl\\\/#\\\/schema\\\/person\\\/0cf5fa332e5ca91d37387f50327aca40\",\"name\":\"lafabricadelseo\",\"image\":{\"@type\":\"ImageObject\",\"inLanguage\":\"nl-NL\",\"@id\":\"https:\\\/\\\/secure.gravatar.com\\\/avatar\\\/a00b480fd278f47b8d479384a393728bed1433f6a331895d10f67aa59337cbfc?s=96&d=mm&r=g\",\"url\":\"https:\\\/\\\/secure.gravatar.com\\\/avatar\\\/a00b480fd278f47b8d479384a393728bed1433f6a331895d10f67aa59337cbfc?s=96&d=mm&r=g\",\"contentUrl\":\"https:\\\/\\\/secure.gravatar.com\\\/avatar\\\/a00b480fd278f47b8d479384a393728bed1433f6a331895d10f67aa59337cbfc?s=96&d=mm&r=g\",\"caption\":\"lafabricadelseo\"}}]}<\/script>\n<!-- \/ Yoast SEO plugin. -->","yoast_head_json":{"title":"Verandering van bestemming van bedrijfsruimte naar woning - Vell\u00f3 Monfort Arquitectes","description":"De verbouwing van bedrijfsruimten tot woonruimten is een groeiende trend in het stedelijk landschap. Neem contact met ons op voor meer informatie.","robots":{"index":"index","follow":"follow","max-snippet":"max-snippet:-1","max-image-preview":"max-image-preview:large","max-video-preview":"max-video-preview:-1"},"canonical":"https:\/\/vellomonfortarquitectes.com\/nl\/verandering-van-gebruik-van-bedrijfsruimte-naar-woning-gids-voor-de-verbouwing\/","og_locale":"nl_NL","og_type":"article","og_title":"Verandering van bestemming van bedrijfsruimte naar woning - Vell\u00f3 Monfort Arquitectes","og_description":"De verbouwing van bedrijfsruimten tot woonruimten is een groeiende trend in het stedelijk landschap. Neem contact met ons op voor meer informatie.","og_url":"https:\/\/vellomonfortarquitectes.com\/nl\/verandering-van-gebruik-van-bedrijfsruimte-naar-woning-gids-voor-de-verbouwing\/","og_site_name":"Vello Arquitectura","article_published_time":"2023-11-07T09:42:56+00:00","article_modified_time":"2025-08-22T12:40:08+00:00","og_image":[{"width":747,"height":497,"url":"https:\/\/vellomonfortarquitectes.com\/wp-content\/uploads\/2023\/11\/cambio-de-uso-de-local-a-vivienda.png","type":"image\/png"}],"author":"lafabricadelseo","twitter_card":"summary_large_image","twitter_misc":{"Geschreven door":"lafabricadelseo","Geschatte leestijd":"5 minuten"},"schema":{"@context":"https:\/\/schema.org","@graph":[{"@type":"Article","@id":"https:\/\/vellomonfortarquitectes.com\/nl\/verandering-van-gebruik-van-bedrijfsruimte-naar-woning-gids-voor-de-verbouwing\/#article","isPartOf":{"@id":"https:\/\/vellomonfortarquitectes.com\/nl\/verandering-van-gebruik-van-bedrijfsruimte-naar-woning-gids-voor-de-verbouwing\/"},"author":{"name":"lafabricadelseo","@id":"https:\/\/vellomonfortarquitectes.com\/nl\/#\/schema\/person\/0cf5fa332e5ca91d37387f50327aca40"},"headline":"Verandering van gebruik van bedrijfsruimte naar woning: gids voor de verbouwing","datePublished":"2023-11-07T09:42:56+00:00","dateModified":"2025-08-22T12:40:08+00:00","mainEntityOfPage":{"@id":"https:\/\/vellomonfortarquitectes.com\/nl\/verandering-van-gebruik-van-bedrijfsruimte-naar-woning-gids-voor-de-verbouwing\/"},"wordCount":968,"image":{"@id":"https:\/\/vellomonfortarquitectes.com\/nl\/verandering-van-gebruik-van-bedrijfsruimte-naar-woning-gids-voor-de-verbouwing\/#primaryimage"},"thumbnailUrl":"https:\/\/vellomonfortarquitectes.com\/wp-content\/uploads\/2023\/11\/cambio-de-uso-de-local-a-vivienda.png","articleSection":["Blog"],"inLanguage":"nl-NL"},{"@type":"WebPage","@id":"https:\/\/vellomonfortarquitectes.com\/nl\/verandering-van-gebruik-van-bedrijfsruimte-naar-woning-gids-voor-de-verbouwing\/","url":"https:\/\/vellomonfortarquitectes.com\/nl\/verandering-van-gebruik-van-bedrijfsruimte-naar-woning-gids-voor-de-verbouwing\/","name":"Verandering van bestemming van bedrijfsruimte naar woning - Vell\u00f3 Monfort Arquitectes","isPartOf":{"@id":"https:\/\/vellomonfortarquitectes.com\/nl\/#website"},"primaryImageOfPage":{"@id":"https:\/\/vellomonfortarquitectes.com\/nl\/verandering-van-gebruik-van-bedrijfsruimte-naar-woning-gids-voor-de-verbouwing\/#primaryimage"},"image":{"@id":"https:\/\/vellomonfortarquitectes.com\/nl\/verandering-van-gebruik-van-bedrijfsruimte-naar-woning-gids-voor-de-verbouwing\/#primaryimage"},"thumbnailUrl":"https:\/\/vellomonfortarquitectes.com\/wp-content\/uploads\/2023\/11\/cambio-de-uso-de-local-a-vivienda.png","datePublished":"2023-11-07T09:42:56+00:00","dateModified":"2025-08-22T12:40:08+00:00","author":{"@id":"https:\/\/vellomonfortarquitectes.com\/nl\/#\/schema\/person\/0cf5fa332e5ca91d37387f50327aca40"},"description":"De verbouwing van bedrijfsruimten tot woonruimten is een groeiende trend in het stedelijk landschap. Neem contact met ons op voor meer informatie.","breadcrumb":{"@id":"https:\/\/vellomonfortarquitectes.com\/nl\/verandering-van-gebruik-van-bedrijfsruimte-naar-woning-gids-voor-de-verbouwing\/#breadcrumb"},"inLanguage":"nl-NL","potentialAction":[{"@type":"ReadAction","target":["https:\/\/vellomonfortarquitectes.com\/nl\/verandering-van-gebruik-van-bedrijfsruimte-naar-woning-gids-voor-de-verbouwing\/"]}]},{"@type":"ImageObject","inLanguage":"nl-NL","@id":"https:\/\/vellomonfortarquitectes.com\/nl\/verandering-van-gebruik-van-bedrijfsruimte-naar-woning-gids-voor-de-verbouwing\/#primaryimage","url":"https:\/\/vellomonfortarquitectes.com\/wp-content\/uploads\/2023\/11\/cambio-de-uso-de-local-a-vivienda.png","contentUrl":"https:\/\/vellomonfortarquitectes.com\/wp-content\/uploads\/2023\/11\/cambio-de-uso-de-local-a-vivienda.png","width":747,"height":497},{"@type":"BreadcrumbList","@id":"https:\/\/vellomonfortarquitectes.com\/nl\/verandering-van-gebruik-van-bedrijfsruimte-naar-woning-gids-voor-de-verbouwing\/#breadcrumb","itemListElement":[{"@type":"ListItem","position":1,"name":"Portada","item":"https:\/\/vellomonfortarquitectes.com\/nl\/"},{"@type":"ListItem","position":2,"name":"Verandering van gebruik van bedrijfsruimte naar woning: gids voor de verbouwing"}]},{"@type":"WebSite","@id":"https:\/\/vellomonfortarquitectes.com\/nl\/#website","url":"https:\/\/vellomonfortarquitectes.com\/nl\/","name":"Vello Arquitectura","description":"","potentialAction":[{"@type":"SearchAction","target":{"@type":"EntryPoint","urlTemplate":"https:\/\/vellomonfortarquitectes.com\/nl\/?s={search_term_string}"},"query-input":{"@type":"PropertyValueSpecification","valueRequired":true,"valueName":"search_term_string"}}],"inLanguage":"nl-NL"},{"@type":"Person","@id":"https:\/\/vellomonfortarquitectes.com\/nl\/#\/schema\/person\/0cf5fa332e5ca91d37387f50327aca40","name":"lafabricadelseo","image":{"@type":"ImageObject","inLanguage":"nl-NL","@id":"https:\/\/secure.gravatar.com\/avatar\/a00b480fd278f47b8d479384a393728bed1433f6a331895d10f67aa59337cbfc?s=96&d=mm&r=g","url":"https:\/\/secure.gravatar.com\/avatar\/a00b480fd278f47b8d479384a393728bed1433f6a331895d10f67aa59337cbfc?s=96&d=mm&r=g","contentUrl":"https:\/\/secure.gravatar.com\/avatar\/a00b480fd278f47b8d479384a393728bed1433f6a331895d10f67aa59337cbfc?s=96&d=mm&r=g","caption":"lafabricadelseo"}}]}},"_links":{"self":[{"href":"https:\/\/vellomonfortarquitectes.com\/nl\/wp-json\/wp\/v2\/posts\/14973","targetHints":{"allow":["GET"]}}],"collection":[{"href":"https:\/\/vellomonfortarquitectes.com\/nl\/wp-json\/wp\/v2\/posts"}],"about":[{"href":"https:\/\/vellomonfortarquitectes.com\/nl\/wp-json\/wp\/v2\/types\/post"}],"author":[{"embeddable":true,"href":"https:\/\/vellomonfortarquitectes.com\/nl\/wp-json\/wp\/v2\/users\/5"}],"replies":[{"embeddable":true,"href":"https:\/\/vellomonfortarquitectes.com\/nl\/wp-json\/wp\/v2\/comments?post=14973"}],"version-history":[{"count":7,"href":"https:\/\/vellomonfortarquitectes.com\/nl\/wp-json\/wp\/v2\/posts\/14973\/revisions"}],"predecessor-version":[{"id":15642,"href":"https:\/\/vellomonfortarquitectes.com\/nl\/wp-json\/wp\/v2\/posts\/14973\/revisions\/15642"}],"wp:featuredmedia":[{"embeddable":true,"href":"https:\/\/vellomonfortarquitectes.com\/nl\/wp-json\/wp\/v2\/media\/14974"}],"wp:attachment":[{"href":"https:\/\/vellomonfortarquitectes.com\/nl\/wp-json\/wp\/v2\/media?parent=14973"}],"wp:term":[{"taxonomy":"category","embeddable":true,"href":"https:\/\/vellomonfortarquitectes.com\/nl\/wp-json\/wp\/v2\/categories?post=14973"},{"taxonomy":"post_tag","embeddable":true,"href":"https:\/\/vellomonfortarquitectes.com\/nl\/wp-json\/wp\/v2\/tags?post=14973"}],"curies":[{"name":"wp","href":"https:\/\/api.w.org\/{rel}","templated":true}]}}