{"id":15002,"date":"2024-01-12T08:16:12","date_gmt":"2024-01-12T08:16:12","guid":{"rendered":"https:\/\/vellomonfortarquitectes.com\/wat-is-een-uitgebreide-hervorming\/"},"modified":"2025-08-22T12:39:35","modified_gmt":"2025-08-22T12:39:35","slug":"wat-is-een-uitgebreide-hervorming","status":"publish","type":"post","link":"https:\/\/vellomonfortarquitectes.com\/nl\/wat-is-een-uitgebreide-hervorming\/","title":{"rendered":"Wat is een uitgebreide hervorming?"},"content":{"rendered":"<p>[et_pb_section fb_built=&#8221;1&#8243; _builder_version=&#8221;4.16&#8243; global_colors_info=&#8221;{}&#8221;][et_pb_row _builder_version=&#8221;4.16&#8243; background_size=&#8221;initial&#8221; background_position=&#8221;top_left&#8221; background_repeat=&#8221;repeat&#8221; global_colors_info=&#8221;{}&#8221;][et_pb_column type=&#8221;4_4&#8243; _builder_version=&#8221;4.16&#8243; custom_padding=&#8221;|||&#8221; global_colors_info=&#8221;{}&#8221; custom_padding__hover=&#8221;|||&#8221;][et_pb_text _builder_version=&#8221;4.18.0&#8243; background_size=&#8221;initial&#8221; background_position=&#8221;top_left&#8221; background_repeat=&#8221;repeat&#8221; text_orientation=&#8221;justified&#8221; global_colors_info=&#8221;{}&#8221;]<\/p>\n<p>Wanneer we het hebben over een <a href=\"https:\/\/vellomonfortarquitectes.com\/nl\/hervormingsprojecten\/volledige-renovatie\/\" title=\"volledige renovatie\"><strong>integrale renovatie<\/strong><\/a>, bedoelen we een volledig transformatieproces van een woning of bedrijfspand. Dit is geen oppervlakkige renovatie, maar een ingrijpende herstructurering die aanzienlijke veranderingen in de indeling, het ontwerp en de functionaliteit van de ruimte met zich meebrengt. Totale renovaties kunnen vari\u00ebren van het moderniseren van oude installaties tot het volledig herinrichten van ruimtes om ze aan te passen aan nieuwe behoeften of esthetische voorkeuren. Dit soort projecten biedt een unieke kans om een ruimte opnieuw uit te vinden, waardoor deze niet alleen een nieuw uiterlijk krijgt, maar ook effici\u00ebnter en functioneler wordt.   <\/p>\n<h2>Waarom kiezen voor een integrale renovatie?<\/h2>\n<h3>Verbetering van functionaliteit en esthetiek<\/h3>\n<p>Kiezen voor een integrale renovatie is een beslissing die tal van voordelen met zich meebrengt. Het zorgt vooral voor een aanzienlijke verbetering van zowel de functionaliteit als de esthetiek van het pand. Het kan gaan om een herindeling van de ruimte, het wegwerken van architectonische barri\u00e8res, het integreren van moderne technologie en een complete herinrichting van het interieur en, in sommige gevallen, ook van het exterieur. Deze transformatie maakt de ruimtes niet alleen aangenamer en bruikbaarder voor de bewoners, maar weerspiegelt ook een evolutie in hun smaak en behoeften door de jaren heen.   <\/p>\n<p>[\/et_pb_text][et_pb_divider show_divider=&#8221;off&#8221; _builder_version=&#8221;4.18.0&#8243; _module_preset=&#8221;default&#8221; global_colors_info=&#8221;{}&#8221;][\/et_pb_divider][et_pb_cta title=&#8221;Neem contact op met onze architectuurstudio&#8221; button_url=&#8221;https:\/\/vellomonfortarquitectes.com\/nl\/&#8221; button_text=&#8221;Neem contact op met&#8221; _builder_version=&#8221;4.18.0&#8243; _module_preset=&#8221;default&#8221; global_colors_info=&#8221;{}&#8221;][\/et_pb_cta][et_pb_divider show_divider=&#8221;off&#8221; _builder_version=&#8221;4.18.0&#8243; _module_preset=&#8221;default&#8221; global_colors_info=&#8221;{}&#8221;][\/et_pb_divider][et_pb_text _builder_version=&#8221;4.18.0&#8243; _module_preset=&#8221;default&#8221; text_orientation=&#8221;justified&#8221; global_colors_info=&#8221;{}&#8221;]<\/p>\n<h3>De waarde van het onroerend goed verhogen<\/h3>\n<p>Een van de meest overtuigende redenen om een grondige renovatie uit te voeren, is de potenti\u00eble waardestijging van het onroerend goed. Volgens een studie van het Joint Center for Housing Studies van Harvard University wordt verwacht dat verbeteringen en reparaties aan woningen van eigenaren in 2021 een iets hogere jaarlijkse groei zullen kennen dan vorig jaar. Deze stijging weerspiegelt niet alleen een groeiende vraag op de markt, maar ook een erkenning van de toegevoegde waarde die dergelijke verbeteringen kunnen bieden.  <\/p>\n<p>Door ruimtes te renoveren en moderniseren, wordt de aantrekkelijkheid van het pand op de markt vergroot. Dit is met name relevant op de vastgoedmarkt, waar goed onderhouden en gemoderniseerde panden doorgaans meer in trek zijn en hogere prijzen kunnen opleveren. Bovendien kan een goed <strong>uitgevoerde renovatie<\/strong> ervoor zorgen dat het pand zich onderscheidt van andere panden in dezelfde omgeving, wat een aanzienlijk concurrentievoordeel oplevert bij verkoop of verhuur. Meer details over dit onderzoek en de bevindingen ervan zijn te vinden op de website van het <strong><a target=\"_new\" href=\"https:\/\/www.jchs.harvard.edu\/press-releases\/home-remodeling-set-stronger-growth-2021\" rel=\"noopener\">Joint Center for Housing Studies van Harvard University<\/a><\/strong>.   <\/p>\n<h3>Verbetering van de energie-effici\u00ebntie<\/h3>\n<p>Energie-effici\u00ebntie wordt een steeds belangrijker aspect in de moderne architectuur. Een grondige renovatie biedt de perfecte gelegenheid om energiebesparende oplossingen toe te passen, zoals thermische isolatie, dubbele beglazing, effici\u00ebntere verwarmings- en koelsystemen en het gebruik van hernieuwbare energie. Deze verbeteringen zijn niet alleen goed voor het milieu, maar verlagen ook de exploitatiekosten op lange termijn, wat een aanzienlijke besparing voor de eigenaars oplevert.  <\/p>\n<h2>Belangrijke aspecten bij een integrale renovatie<\/h2>\n<h3>Planning en ontwerp<\/h3>\n<p>Planning en ontwerp zijn cruciale fasen in het proces van een integrale renovatie. Deze stappen bepalen niet alleen het uiteindelijke uiterlijk van het pand, maar ook de functionaliteit en effici\u00ebntie ervan. Tijdens de planningsfase is het van cruciaal belang om duidelijke en realistische doelstellingen vast te stellen. Dit omvat het bepalen van de omvang van het project, het selecteren van materialen en afwerkingen, en het overwegen van aspecten zoals natuurlijke verlichting, ventilatie en ruimteverdeling. Een goed doordacht ontwerp kan het potentieel van de ruimte maximaliseren, de levenskwaliteit van de bewoners verbeteren en ervoor zorgen dat de renovatie voldoet aan alle bouwvoorschriften en -normen.    <\/p>\n<h3>Keuze van het professionele team<\/h3>\n<p>De selectie van een gekwalificeerd professioneel team is een ander cruciaal aspect van een integrale renovatie. Dit team moet bestaan uit architecten, ingenieurs, interieurontwerpers en ervaren bouwvakkers. De kwaliteit van het werk van deze professionals kan een aanzienlijke invloed hebben op het eindresultaat van het project. Het is essentieel om mensen te kiezen die niet alleen over de nodige vaardigheden en ervaring beschikken, maar ook de visie van het project begrijpen en delen. Goede communicatie en samenwerking tussen alle betrokkenen is essentieel om ervoor te zorgen dat de renovatie effici\u00ebnt en succesvol verloopt.    <\/p>\n<h3>Budget en tijd<\/h3>\n<p>Effectief budget- en tijdbeheer is essentieel bij elke ingrijpende renovatie. Het opstellen en naleven van een realistisch budget helpt onverwachte kosten te voorkomen en zorgt ervoor dat aan alle behoeften van het project kan worden voldaan zonder dat dit ten koste gaat van de kwaliteit. Ook het opstellen van een gedetailleerd en realistisch tijdschema voor de uitvoering van de werkzaamheden is van cruciaal belang. Dit helpt niet alleen om de verstoring van het dagelijks leven van de bewoners van het pand tot een minimum te beperken, maar zorgt er ook voor dat het project binnen een redelijke termijn wordt voltooid.   <\/p>\n<p>[\/et_pb_text][\/et_pb_column][\/et_pb_row][et_pb_row _builder_version=&#8221;4.27.4&#8243; _module_preset=&#8221;default&#8221; module_alignment=&#8221;center&#8221; global_colors_info=&#8221;{}&#8221; locked=&#8221;off&#8221;][et_pb_column type=&#8221;4_4&#8243; _builder_version=&#8221;4.27.4&#8243; _module_preset=&#8221;default&#8221; global_colors_info=&#8221;{}&#8221;][et_pb_code _builder_version=&#8221;4.27.4&#8243; _module_preset=&#8221;default&#8221; text_orientation=&#8221;center&#8221; global_colors_info=&#8221;{}&#8221;]<\/p>\n<div class=\"author-box\" style=\"border: 1px solid #e0e0e0; padding: 20px; margin-top: 40px; border-radius: 12px; max-width: 600px; text-align: center; margin-left: auto; margin-right: auto;\"><!-- [et_pb_line_break_holder] -->  <img loading=\"lazy\" decoding=\"async\" src=\"https:\/\/vellomonfortarquitectes.com\/wp-content\/uploads\/2020\/11\/joseantonio.jpg\" alt=\"Jos\u00e9 Antonio Vell\u00f3, erkend architect in Gand\u00eda\" width=\"120\" height=\"120\" style=\"border-radius: 50%; object-fit: cover; margin-bottom: 15px;\"><!-- [et_pb_line_break_holder] -->  <\/p>\n<h3 style=\"margin: 0 0 10px;\">Over de auteur: Jos\u00e9 Antonio Vell\u00f3<\/h3>\n<p><!-- [et_pb_line_break_holder] -->  <pee style=\"margin: 0 0 10px;\"><!-- [et_pb_line_break_holder] --> Architect, lid van de <strong>COACV <\/strong>en medeoprichter van <strong>Vell\u00f3 Monfort Arquitectes<\/strong>. Hij heeft meer dan 20 jaar ervaring in het ontwerpen, renoveren en technisch leiden van residenti\u00eble en openbare projecten in de <strong>regio Valencia<\/strong>. <!-- [et_pb_line_break_holder] -->  <\/pee><!-- [et_pb_line_break_holder] -->  <pee style=\"margin: 0 0 10px;\"><!-- [et_pb_line_break_holder] --> Specialist in stedenbouwkundige regelgeving, energie-effici\u00ebntie en integraal bouwbeheer voor particulieren, projectontwikkelaars en overheidsinstanties.<!-- [et_pb_line_break_holder] -->  <\/pee><!-- [et_pb_line_break_holder] -->  <pee style=\"margin: 0 0 10px;\"><!-- [et_pb_line_break_holder] -->    <a href=\"https:\/\/vellomonfortarquitectes.com\/nl\/architectuur-studio-gandia\/\" style=\"color: #005599; text-decoration: underline;\">Meer informatie over het onderzoek<\/a> | <!-- [et_pb_line_break_holder] --> <a href=\"https:\/\/www.linkedin.com\/in\/jos%C3%A9-antonio-vell%C3%B3-ribes-aba23027?originalSubdomain=es\" target=\"_blank\" rel=\"noopener\" style=\"color: #005599; text-decoration: underline;\">LinkedIn-profiel<\/a><!-- [et_pb_line_break_holder] -->  <\/pee><!-- [et_pb_line_break_holder] --><\/div>\n<p><!-- [et_pb_line_break_holder] -->[\/et_pb_code][\/et_pb_column][\/et_pb_row][\/et_pb_section]<\/p>\n","protected":false},"excerpt":{"rendered":"<p>Wanneer we het hebben over een integrale renovatie, bedoelen we een volledig transformatieproces van een woning of bedrijfspand. Dit is geen oppervlakkige renovatie, maar een ingrijpende herstructurering die aanzienlijke veranderingen in de indeling, het ontwerp en de functionaliteit van de ruimte met zich meebrengt. Totale renovaties kunnen vari\u00ebren van het moderniseren van oude installaties tot [&hellip;]<\/p>\n","protected":false},"author":5,"featured_media":15004,"comment_status":"closed","ping_status":"open","sticky":false,"template":"","format":"standard","meta":{"_et_pb_use_builder":"on","_et_pb_old_content":"","_et_gb_content_width":"","footnotes":""},"categories":[214],"tags":[],"class_list":["post-15002","post","type-post","status-publish","format-standard","has-post-thumbnail","hentry","category-blog-nl"],"yoast_head":"<!-- This site is optimized with the Yoast SEO plugin v27.5 - https:\/\/yoast.com\/product\/yoast-seo-wordpress\/ -->\n<title>Wat is een uitgebreide hervorming? - Vell\u00f3 Monfort Arquitectes<\/title>\n<meta name=\"description\" content=\"Ontdek hoe een grondige renovatie de functionaliteit, esthetiek en waarde van uw woning verbetert, met deskundige inzichten en relevante studies.\" \/>\n<meta name=\"robots\" content=\"index, follow, max-snippet:-1, max-image-preview:large, max-video-preview:-1\" \/>\n<link rel=\"canonical\" href=\"https:\/\/vellomonfortarquitectes.com\/nl\/wat-is-een-uitgebreide-hervorming\/\" \/>\n<meta property=\"og:locale\" content=\"nl_NL\" \/>\n<meta property=\"og:type\" content=\"article\" \/>\n<meta property=\"og:title\" content=\"Wat is een uitgebreide hervorming? - Vell\u00f3 Monfort Arquitectes\" \/>\n<meta property=\"og:description\" content=\"Ontdek hoe een grondige renovatie de functionaliteit, esthetiek en waarde van uw woning verbetert, met deskundige inzichten en relevante studies.\" \/>\n<meta property=\"og:url\" content=\"https:\/\/vellomonfortarquitectes.com\/nl\/wat-is-een-uitgebreide-hervorming\/\" \/>\n<meta property=\"og:site_name\" content=\"Vello Arquitectura\" \/>\n<meta property=\"article:published_time\" content=\"2024-01-12T08:16:12+00:00\" \/>\n<meta property=\"article:modified_time\" content=\"2025-08-22T12:39:35+00:00\" \/>\n<meta property=\"og:image\" content=\"https:\/\/vellomonfortarquitectes.com\/wp-content\/uploads\/2024\/01\/que-es-una-reforma-integral-1.png\" \/>\n\t<meta property=\"og:image:width\" content=\"747\" \/>\n\t<meta property=\"og:image:height\" content=\"497\" \/>\n\t<meta property=\"og:image:type\" content=\"image\/png\" \/>\n<meta name=\"author\" content=\"lafabricadelseo\" \/>\n<meta name=\"twitter:card\" content=\"summary_large_image\" \/>\n<meta name=\"twitter:label1\" content=\"Geschreven door\" \/>\n\t<meta name=\"twitter:data1\" content=\"lafabricadelseo\" \/>\n\t<meta name=\"twitter:label2\" content=\"Geschatte leestijd\" \/>\n\t<meta name=\"twitter:data2\" content=\"5 minuten\" \/>\n<script type=\"application\/ld+json\" class=\"yoast-schema-graph\">{\"@context\":\"https:\\\/\\\/schema.org\",\"@graph\":[{\"@type\":\"Article\",\"@id\":\"https:\\\/\\\/vellomonfortarquitectes.com\\\/nl\\\/wat-is-een-uitgebreide-hervorming\\\/#article\",\"isPartOf\":{\"@id\":\"https:\\\/\\\/vellomonfortarquitectes.com\\\/nl\\\/wat-is-een-uitgebreide-hervorming\\\/\"},\"author\":{\"name\":\"lafabricadelseo\",\"@id\":\"https:\\\/\\\/vellomonfortarquitectes.com\\\/nl\\\/#\\\/schema\\\/person\\\/0cf5fa332e5ca91d37387f50327aca40\"},\"headline\":\"Wat is een uitgebreide hervorming?\",\"datePublished\":\"2024-01-12T08:16:12+00:00\",\"dateModified\":\"2025-08-22T12:39:35+00:00\",\"mainEntityOfPage\":{\"@id\":\"https:\\\/\\\/vellomonfortarquitectes.com\\\/nl\\\/wat-is-een-uitgebreide-hervorming\\\/\"},\"wordCount\":1046,\"image\":{\"@id\":\"https:\\\/\\\/vellomonfortarquitectes.com\\\/nl\\\/wat-is-een-uitgebreide-hervorming\\\/#primaryimage\"},\"thumbnailUrl\":\"https:\\\/\\\/vellomonfortarquitectes.com\\\/wp-content\\\/uploads\\\/2024\\\/01\\\/que-es-una-reforma-integral-1.png\",\"articleSection\":[\"Blog\"],\"inLanguage\":\"nl-NL\"},{\"@type\":\"WebPage\",\"@id\":\"https:\\\/\\\/vellomonfortarquitectes.com\\\/nl\\\/wat-is-een-uitgebreide-hervorming\\\/\",\"url\":\"https:\\\/\\\/vellomonfortarquitectes.com\\\/nl\\\/wat-is-een-uitgebreide-hervorming\\\/\",\"name\":\"Wat is een uitgebreide hervorming? - Vell\u00f3 Monfort Arquitectes\",\"isPartOf\":{\"@id\":\"https:\\\/\\\/vellomonfortarquitectes.com\\\/nl\\\/#website\"},\"primaryImageOfPage\":{\"@id\":\"https:\\\/\\\/vellomonfortarquitectes.com\\\/nl\\\/wat-is-een-uitgebreide-hervorming\\\/#primaryimage\"},\"image\":{\"@id\":\"https:\\\/\\\/vellomonfortarquitectes.com\\\/nl\\\/wat-is-een-uitgebreide-hervorming\\\/#primaryimage\"},\"thumbnailUrl\":\"https:\\\/\\\/vellomonfortarquitectes.com\\\/wp-content\\\/uploads\\\/2024\\\/01\\\/que-es-una-reforma-integral-1.png\",\"datePublished\":\"2024-01-12T08:16:12+00:00\",\"dateModified\":\"2025-08-22T12:39:35+00:00\",\"author\":{\"@id\":\"https:\\\/\\\/vellomonfortarquitectes.com\\\/nl\\\/#\\\/schema\\\/person\\\/0cf5fa332e5ca91d37387f50327aca40\"},\"description\":\"Ontdek hoe een grondige renovatie de functionaliteit, esthetiek en waarde van uw woning verbetert, met deskundige inzichten en relevante studies.\",\"breadcrumb\":{\"@id\":\"https:\\\/\\\/vellomonfortarquitectes.com\\\/nl\\\/wat-is-een-uitgebreide-hervorming\\\/#breadcrumb\"},\"inLanguage\":\"nl-NL\",\"potentialAction\":[{\"@type\":\"ReadAction\",\"target\":[\"https:\\\/\\\/vellomonfortarquitectes.com\\\/nl\\\/wat-is-een-uitgebreide-hervorming\\\/\"]}]},{\"@type\":\"ImageObject\",\"inLanguage\":\"nl-NL\",\"@id\":\"https:\\\/\\\/vellomonfortarquitectes.com\\\/nl\\\/wat-is-een-uitgebreide-hervorming\\\/#primaryimage\",\"url\":\"https:\\\/\\\/vellomonfortarquitectes.com\\\/wp-content\\\/uploads\\\/2024\\\/01\\\/que-es-una-reforma-integral-1.png\",\"contentUrl\":\"https:\\\/\\\/vellomonfortarquitectes.com\\\/wp-content\\\/uploads\\\/2024\\\/01\\\/que-es-una-reforma-integral-1.png\",\"width\":747,\"height\":497},{\"@type\":\"BreadcrumbList\",\"@id\":\"https:\\\/\\\/vellomonfortarquitectes.com\\\/nl\\\/wat-is-een-uitgebreide-hervorming\\\/#breadcrumb\",\"itemListElement\":[{\"@type\":\"ListItem\",\"position\":1,\"name\":\"Portada\",\"item\":\"https:\\\/\\\/vellomonfortarquitectes.com\\\/nl\\\/\"},{\"@type\":\"ListItem\",\"position\":2,\"name\":\"Wat is een uitgebreide hervorming?\"}]},{\"@type\":\"WebSite\",\"@id\":\"https:\\\/\\\/vellomonfortarquitectes.com\\\/nl\\\/#website\",\"url\":\"https:\\\/\\\/vellomonfortarquitectes.com\\\/nl\\\/\",\"name\":\"Vello Arquitectura\",\"description\":\"\",\"potentialAction\":[{\"@type\":\"SearchAction\",\"target\":{\"@type\":\"EntryPoint\",\"urlTemplate\":\"https:\\\/\\\/vellomonfortarquitectes.com\\\/nl\\\/?s={search_term_string}\"},\"query-input\":{\"@type\":\"PropertyValueSpecification\",\"valueRequired\":true,\"valueName\":\"search_term_string\"}}],\"inLanguage\":\"nl-NL\"},{\"@type\":\"Person\",\"@id\":\"https:\\\/\\\/vellomonfortarquitectes.com\\\/nl\\\/#\\\/schema\\\/person\\\/0cf5fa332e5ca91d37387f50327aca40\",\"name\":\"lafabricadelseo\",\"image\":{\"@type\":\"ImageObject\",\"inLanguage\":\"nl-NL\",\"@id\":\"https:\\\/\\\/secure.gravatar.com\\\/avatar\\\/a00b480fd278f47b8d479384a393728bed1433f6a331895d10f67aa59337cbfc?s=96&d=mm&r=g\",\"url\":\"https:\\\/\\\/secure.gravatar.com\\\/avatar\\\/a00b480fd278f47b8d479384a393728bed1433f6a331895d10f67aa59337cbfc?s=96&d=mm&r=g\",\"contentUrl\":\"https:\\\/\\\/secure.gravatar.com\\\/avatar\\\/a00b480fd278f47b8d479384a393728bed1433f6a331895d10f67aa59337cbfc?s=96&d=mm&r=g\",\"caption\":\"lafabricadelseo\"}}]}<\/script>\n<!-- \/ Yoast SEO plugin. -->","yoast_head_json":{"title":"Wat is een uitgebreide hervorming? - Vell\u00f3 Monfort Arquitectes","description":"Ontdek hoe een grondige renovatie de functionaliteit, esthetiek en waarde van uw woning verbetert, met deskundige inzichten en relevante studies.","robots":{"index":"index","follow":"follow","max-snippet":"max-snippet:-1","max-image-preview":"max-image-preview:large","max-video-preview":"max-video-preview:-1"},"canonical":"https:\/\/vellomonfortarquitectes.com\/nl\/wat-is-een-uitgebreide-hervorming\/","og_locale":"nl_NL","og_type":"article","og_title":"Wat is een uitgebreide hervorming? - Vell\u00f3 Monfort Arquitectes","og_description":"Ontdek hoe een grondige renovatie de functionaliteit, esthetiek en waarde van uw woning verbetert, met deskundige inzichten en relevante studies.","og_url":"https:\/\/vellomonfortarquitectes.com\/nl\/wat-is-een-uitgebreide-hervorming\/","og_site_name":"Vello Arquitectura","article_published_time":"2024-01-12T08:16:12+00:00","article_modified_time":"2025-08-22T12:39:35+00:00","og_image":[{"width":747,"height":497,"url":"https:\/\/vellomonfortarquitectes.com\/wp-content\/uploads\/2024\/01\/que-es-una-reforma-integral-1.png","type":"image\/png"}],"author":"lafabricadelseo","twitter_card":"summary_large_image","twitter_misc":{"Geschreven door":"lafabricadelseo","Geschatte leestijd":"5 minuten"},"schema":{"@context":"https:\/\/schema.org","@graph":[{"@type":"Article","@id":"https:\/\/vellomonfortarquitectes.com\/nl\/wat-is-een-uitgebreide-hervorming\/#article","isPartOf":{"@id":"https:\/\/vellomonfortarquitectes.com\/nl\/wat-is-een-uitgebreide-hervorming\/"},"author":{"name":"lafabricadelseo","@id":"https:\/\/vellomonfortarquitectes.com\/nl\/#\/schema\/person\/0cf5fa332e5ca91d37387f50327aca40"},"headline":"Wat is een uitgebreide hervorming?","datePublished":"2024-01-12T08:16:12+00:00","dateModified":"2025-08-22T12:39:35+00:00","mainEntityOfPage":{"@id":"https:\/\/vellomonfortarquitectes.com\/nl\/wat-is-een-uitgebreide-hervorming\/"},"wordCount":1046,"image":{"@id":"https:\/\/vellomonfortarquitectes.com\/nl\/wat-is-een-uitgebreide-hervorming\/#primaryimage"},"thumbnailUrl":"https:\/\/vellomonfortarquitectes.com\/wp-content\/uploads\/2024\/01\/que-es-una-reforma-integral-1.png","articleSection":["Blog"],"inLanguage":"nl-NL"},{"@type":"WebPage","@id":"https:\/\/vellomonfortarquitectes.com\/nl\/wat-is-een-uitgebreide-hervorming\/","url":"https:\/\/vellomonfortarquitectes.com\/nl\/wat-is-een-uitgebreide-hervorming\/","name":"Wat is een uitgebreide hervorming? - Vell\u00f3 Monfort Arquitectes","isPartOf":{"@id":"https:\/\/vellomonfortarquitectes.com\/nl\/#website"},"primaryImageOfPage":{"@id":"https:\/\/vellomonfortarquitectes.com\/nl\/wat-is-een-uitgebreide-hervorming\/#primaryimage"},"image":{"@id":"https:\/\/vellomonfortarquitectes.com\/nl\/wat-is-een-uitgebreide-hervorming\/#primaryimage"},"thumbnailUrl":"https:\/\/vellomonfortarquitectes.com\/wp-content\/uploads\/2024\/01\/que-es-una-reforma-integral-1.png","datePublished":"2024-01-12T08:16:12+00:00","dateModified":"2025-08-22T12:39:35+00:00","author":{"@id":"https:\/\/vellomonfortarquitectes.com\/nl\/#\/schema\/person\/0cf5fa332e5ca91d37387f50327aca40"},"description":"Ontdek hoe een grondige renovatie de functionaliteit, esthetiek en waarde van uw woning verbetert, met deskundige inzichten en relevante studies.","breadcrumb":{"@id":"https:\/\/vellomonfortarquitectes.com\/nl\/wat-is-een-uitgebreide-hervorming\/#breadcrumb"},"inLanguage":"nl-NL","potentialAction":[{"@type":"ReadAction","target":["https:\/\/vellomonfortarquitectes.com\/nl\/wat-is-een-uitgebreide-hervorming\/"]}]},{"@type":"ImageObject","inLanguage":"nl-NL","@id":"https:\/\/vellomonfortarquitectes.com\/nl\/wat-is-een-uitgebreide-hervorming\/#primaryimage","url":"https:\/\/vellomonfortarquitectes.com\/wp-content\/uploads\/2024\/01\/que-es-una-reforma-integral-1.png","contentUrl":"https:\/\/vellomonfortarquitectes.com\/wp-content\/uploads\/2024\/01\/que-es-una-reforma-integral-1.png","width":747,"height":497},{"@type":"BreadcrumbList","@id":"https:\/\/vellomonfortarquitectes.com\/nl\/wat-is-een-uitgebreide-hervorming\/#breadcrumb","itemListElement":[{"@type":"ListItem","position":1,"name":"Portada","item":"https:\/\/vellomonfortarquitectes.com\/nl\/"},{"@type":"ListItem","position":2,"name":"Wat is een uitgebreide hervorming?"}]},{"@type":"WebSite","@id":"https:\/\/vellomonfortarquitectes.com\/nl\/#website","url":"https:\/\/vellomonfortarquitectes.com\/nl\/","name":"Vello Arquitectura","description":"","potentialAction":[{"@type":"SearchAction","target":{"@type":"EntryPoint","urlTemplate":"https:\/\/vellomonfortarquitectes.com\/nl\/?s={search_term_string}"},"query-input":{"@type":"PropertyValueSpecification","valueRequired":true,"valueName":"search_term_string"}}],"inLanguage":"nl-NL"},{"@type":"Person","@id":"https:\/\/vellomonfortarquitectes.com\/nl\/#\/schema\/person\/0cf5fa332e5ca91d37387f50327aca40","name":"lafabricadelseo","image":{"@type":"ImageObject","inLanguage":"nl-NL","@id":"https:\/\/secure.gravatar.com\/avatar\/a00b480fd278f47b8d479384a393728bed1433f6a331895d10f67aa59337cbfc?s=96&d=mm&r=g","url":"https:\/\/secure.gravatar.com\/avatar\/a00b480fd278f47b8d479384a393728bed1433f6a331895d10f67aa59337cbfc?s=96&d=mm&r=g","contentUrl":"https:\/\/secure.gravatar.com\/avatar\/a00b480fd278f47b8d479384a393728bed1433f6a331895d10f67aa59337cbfc?s=96&d=mm&r=g","caption":"lafabricadelseo"}}]}},"_links":{"self":[{"href":"https:\/\/vellomonfortarquitectes.com\/nl\/wp-json\/wp\/v2\/posts\/15002","targetHints":{"allow":["GET"]}}],"collection":[{"href":"https:\/\/vellomonfortarquitectes.com\/nl\/wp-json\/wp\/v2\/posts"}],"about":[{"href":"https:\/\/vellomonfortarquitectes.com\/nl\/wp-json\/wp\/v2\/types\/post"}],"author":[{"embeddable":true,"href":"https:\/\/vellomonfortarquitectes.com\/nl\/wp-json\/wp\/v2\/users\/5"}],"replies":[{"embeddable":true,"href":"https:\/\/vellomonfortarquitectes.com\/nl\/wp-json\/wp\/v2\/comments?post=15002"}],"version-history":[{"count":7,"href":"https:\/\/vellomonfortarquitectes.com\/nl\/wp-json\/wp\/v2\/posts\/15002\/revisions"}],"predecessor-version":[{"id":15626,"href":"https:\/\/vellomonfortarquitectes.com\/nl\/wp-json\/wp\/v2\/posts\/15002\/revisions\/15626"}],"wp:featuredmedia":[{"embeddable":true,"href":"https:\/\/vellomonfortarquitectes.com\/nl\/wp-json\/wp\/v2\/media\/15004"}],"wp:attachment":[{"href":"https:\/\/vellomonfortarquitectes.com\/nl\/wp-json\/wp\/v2\/media?parent=15002"}],"wp:term":[{"taxonomy":"category","embeddable":true,"href":"https:\/\/vellomonfortarquitectes.com\/nl\/wp-json\/wp\/v2\/categories?post=15002"},{"taxonomy":"post_tag","embeddable":true,"href":"https:\/\/vellomonfortarquitectes.com\/nl\/wp-json\/wp\/v2\/tags?post=15002"}],"curies":[{"name":"wp","href":"https:\/\/api.w.org\/{rel}","templated":true}]}}