{"id":15028,"date":"2024-02-13T15:28:12","date_gmt":"2024-02-13T15:28:12","guid":{"rendered":"https:\/\/vellomonfortarquitectes.com\/emblematische-gebouwen-van-denia\/"},"modified":"2025-08-22T12:38:14","modified_gmt":"2025-08-22T12:38:14","slug":"emblematische-gebouwen-van-denia","status":"publish","type":"post","link":"https:\/\/vellomonfortarquitectes.com\/nl\/emblematische-gebouwen-van-denia\/","title":{"rendered":"Emblematische gebouwen van Denia"},"content":{"rendered":"<p>[et_pb_section fb_built=&#8221;1&#8243; _builder_version=&#8221;4.16&#8243; global_colors_info=&#8221;{}&#8221;][et_pb_row _builder_version=&#8221;4.16&#8243; background_size=&#8221;initial&#8221; background_position=&#8221;top_left&#8221; background_repeat=&#8221;repeat&#8221; global_colors_info=&#8221;{}&#8221;][et_pb_column type=&#8221;4_4&#8243; _builder_version=&#8221;4.16&#8243; custom_padding=&#8221;|||&#8221; global_colors_info=&#8221;{}&#8221; custom_padding__hover=&#8221;|||&#8221;][et_pb_text _builder_version=&#8221;4.18.0&#8243; background_size=&#8221;initial&#8221; background_position=&#8221;top_left&#8221; background_repeat=&#8221;repeat&#8221; text_orientation=&#8221;justified&#8221; global_colors_info=&#8221;{}&#8221;]<\/p>\n<p>Denia, een juweel aan de Costa Blanca in Spanje, staat niet alleen bekend om zijn stranden en gastronomie, maar ook om zijn rijke architectonische erfgoed. Deze historische stad is een canvas van verschillende architectonische stijlen, die elk een ander verhaal vertellen over de culturen die hier hun sporen hebben achtergelaten. Van Romeinse overblijfselen tot islamitische en christelijke invloeden, de architectuur van Denia biedt een fascinerende reis door de tijd en nodigt zowel architecten als liefhebbers uit om de meest emblematische plekjes te verkennen.  <\/p>\n<h2>Kasteel van D\u00e9nia<\/h2>\n<h3>Een historische vesting<\/h3>\n<p>Het kasteel van D\u00e9nia, dat majestueus boven de stad uittorent, is een getuigenis van het islamitische verleden van de regio. Dit kasteel, gebouwd in de 10e eeuw, heeft door de eeuwen heen talrijke veranderingen ondergaan. Oorspronkelijk ontworpen als militaire vesting, heeft het kasteel elementen uit verschillende tijdperken opgenomen, van islamitische muren en torens tot Napoleontische aanpassingen in de 19e eeuw. Het kasteel is niet alleen belangrijk vanwege zijn historische waarde, maar ook vanwege zijn architectuur, die stijlen en functies combineert en een uniek perspectief biedt op de ontwikkeling van de militaire architectuur in de regio.   <\/p>\n<p>[\/et_pb_text][et_pb_divider show_divider=&#8221;off&#8221; _builder_version=&#8221;4.18.0&#8243; _module_preset=&#8221;default&#8221; global_colors_info=&#8221;{}&#8221;][\/et_pb_divider][et_pb_cta title=&#8221;Neem contact op met onze architectuurstudio&#8221; button_url=&#8221;https:\/\/vellomonfortarquitectes.com\/nl\/&#8221; button_text=&#8221;Neem contact op met&#8221; _builder_version=&#8221;4.18.0&#8243; _module_preset=&#8221;default&#8221; global_colors_info=&#8221;{}&#8221;][\/et_pb_cta][et_pb_divider show_divider=&#8221;off&#8221; _builder_version=&#8221;4.18.0&#8243; _module_preset=&#8221;default&#8221; global_colors_info=&#8221;{}&#8221;][\/et_pb_divider][et_pb_text _builder_version=&#8221;4.18.0&#8243; _module_preset=&#8221;default&#8221; text_orientation=&#8221;justified&#8221; global_colors_info=&#8221;{}&#8221;]<\/p>\n<h3>Het kasteel vandaag de dag<\/h3>\n<p>Tegenwoordig is het kasteel van D\u00e9nia uitgegroeid tot een cultureel centrum van de stad. Het kasteel is zorgvuldig gerestaureerd en onderhouden en trekt niet alleen bezoekers vanwege zijn historische belang, maar ook vanwege zijn rol in het hedendaagse culturele leven. Met een panoramisch uitzicht over de Middellandse Zee en de stad is het kasteel een geliefde locatie voor culturele evenementen, tentoonstellingen en concerten, wat aantoont hoe historische bouwwerken kunnen worden aangepast aan moderne behoeften zonder hun essentie te verliezen.  <\/p>\n<h2>Wijk Baix la Mar<\/h2>\n<h3>Charme en traditie<\/h3>\n<p>De wijk Baix la Mar, gelegen vlakbij de haven, is een charmante herinnering aan het vissersdorp Denia. Deze wijk, met zijn felgekleurde huizen en geplaveide straatjes, weerspiegelt een architectonische esthetiek die de tand des tijds heeft doorstaan. De gevels van de huizen, geschilderd in levendige tinten blauw, geel en rood en versierd met smeedijzeren balkons, zijn voorbeelden van de populaire architectuur van Valencia. Deze wijk is niet alleen een pittoreske plek om te wandelen, maar ook een studie van het dagelijks leven van de vissers en zeelieden die ooit deze straten bevolkten, en biedt een intieme kijk op de sociale en culturele geschiedenis van Denia.   <\/p>\n<h2>Toren van Gerro<\/h2>\n<h3>Verdediging en bewaking<\/h3>\n<p>De Torre del Gerro is een belangrijk architectonisch en historisch monument in Denia. Deze toren werd gebouwd in de 16e eeuw en maakte deel uit van een kustverdedigingssysteem tegen Berberse piraten. Het cilindrische en robuuste ontwerp is kenmerkend voor de wachttorens uit die tijd. De Torre del Gerro, gelegen op een strategische locatie, diende niet alleen als uitkijkpost, maar ook als symbool van de macht en invloed van Karel I. Tegenwoordig is de toren een populaire toeristische bestemming, met een spectaculair uitzicht op de Middellandse Zee en de kustlijn, en een uitstekend voorbeeld van hoe de militaire architectuur uit het verleden is ge\u00efntegreerd in het moderne landschap.   <\/p>\n<h2>Etnologisch museum<\/h2>\n<h3>Een gebouw met geschiedenis<\/h3>\n<p>Het Etnologisch Museum van Denia, gevestigd in een gebouw uit de 18e eeuw, is een uitstekend voorbeeld van de burgerlijke architectuur uit die tijd. Dit museum, oorspronkelijk een burgerhuis, is gerestaureerd met behoud van de oorspronkelijke architectonische kenmerken, zoals de Valenciaanse tegels en de houten balken. Het gebouw zelf is een getuigenis van de bloei van de rozijnenindustrie in Denia en weerspiegelt de economische opkomst en levensstijl van de bourgeoisie van de stad in de 19e eeuw. Het museum biedt een kijkje in het verleden, met tentoonstellingen die het dagelijks leven, de mode en de gewoonten van die tijd laten zien en zo een historische en culturele context geven aan de architectuur van het gebouw.   <\/p>\n<h3>De architectuur van het museum<\/h3>\n<p>Het ontwerp van het Etnologisch Museum is een duidelijk voorbeeld van de welgestelde woonarchitectuur van Denia aan het einde van de 18e en het begin van de 19e eeuw. Met zijn elegante gevel en goed bewaarde interieurs bewaart het museum niet alleen de materi\u00eble geschiedenis van de stad, maar dient het ook als een educatieve en culturele ruimte. De restauratie van het gebouw is zorgvuldig uitgevoerd om de historische elementen te behouden en tegelijkertijd aan te passen aan het nieuwe gebruik als museum.  <\/p>\n<h2>Andere opmerkelijke gebouwen<\/h2>\n<h3>Architectonische diversiteit in Denia<\/h3>\n<p>Naast de hierboven genoemde gebouwen herbergt Denia een verscheidenheid aan opmerkelijke architectonische bouwwerken die de rijke geschiedenis van de stad weerspiegelen. Van de oude stadsmuren en poorten tot de moderne openbare en woongebouwen: de architectuur van Denia is een moza\u00efek van stijlen en tijdperken. Elk gebouw vertelt een deel van de geschiedenis van de stad, vanaf het ontstaan als Romeinse nederzetting tot de ontwikkeling tot belangrijke haven en toeristisch centrum aan de Costa Blanca.   <span>Elk van deze gebouwen vertelt een uniek verhaal en weerspiegelt niet alleen het verleden van Denia, maar ook de evolutie en aanpassing aan de moderne tijd. Voor wie meer wil weten over de hedendaagse architectuur en innovatieve projecten in de stad, zijn er de  <\/span><strong><a href=\"https:\/\/vellomonfortarquitectes.com\/nl\/architecten-denia\/\">Architecten in Denia<\/a><\/strong> <span>bieden een deskundig en creatief perspectief en tillen design en functionaliteit naar een hoger niveau.<\/span><\/p>\n<h3>De moderniteit verkennen<\/h3>\n<p>Hoewel een groot deel van de architectonische charme van Denia voortkomt uit het verleden, omarmt de stad ook moderne architectuur. Nieuwe ontwikkelingen en renovaties maken gebruik van eigentijdse en duurzame ontwerpen, waarmee de stad laat zien hoe ze haar historisch erfgoed in balans brengt met de behoeften van de 21e eeuw. Deze gebouwen geven niet alleen een nieuwe dimensie aan het stadsbeeld, maar weerspiegelen ook de voortdurende ontwikkeling van Denia als een levendige en moderne stad.  <\/p>\n<p>[\/et_pb_text][\/et_pb_column][\/et_pb_row][et_pb_row _builder_version=&#8221;4.27.4&#8243; _module_preset=&#8221;default&#8221; module_alignment=&#8221;center&#8221; global_colors_info=&#8221;{}&#8221; locked=&#8221;off&#8221;][et_pb_column type=&#8221;4_4&#8243; _builder_version=&#8221;4.27.4&#8243; _module_preset=&#8221;default&#8221; global_colors_info=&#8221;{}&#8221;][et_pb_code _builder_version=&#8221;4.27.4&#8243; _module_preset=&#8221;default&#8221; text_orientation=&#8221;center&#8221; global_colors_info=&#8221;{}&#8221;]<\/p>\n<div class=\"author-box\" style=\"border: 1px solid #e0e0e0; padding: 20px; margin-top: 40px; border-radius: 12px; max-width: 600px; text-align: center; margin-left: auto; margin-right: auto;\"><!-- [et_pb_line_break_holder] -->  <img loading=\"lazy\" decoding=\"async\" src=\"https:\/\/vellomonfortarquitectes.com\/wp-content\/uploads\/2020\/11\/joseantonio.jpg\" alt=\"Jos\u00e9 Antonio Vell\u00f3, erkend architect in Gand\u00eda\" width=\"120\" height=\"120\" style=\"border-radius: 50%; object-fit: cover; margin-bottom: 15px;\"><!-- [et_pb_line_break_holder] -->  <\/p>\n<h3 style=\"margin: 0 0 10px;\">Over de auteur: Jos\u00e9 Antonio Vell\u00f3<\/h3>\n<p><!-- [et_pb_line_break_holder] -->  <pee style=\"margin: 0 0 10px;\"><!-- [et_pb_line_break_holder] --> Architect, lid van de <strong>COACV <\/strong>en medeoprichter van <strong>Vell\u00f3 Monfort Arquitectes<\/strong>. Hij heeft meer dan 20 jaar ervaring in het ontwerpen, renoveren en technisch leiden van residenti\u00eble en openbare projecten in de <strong>regio Valencia<\/strong>. <!-- [et_pb_line_break_holder] -->  <\/pee><!-- [et_pb_line_break_holder] -->  <pee style=\"margin: 0 0 10px;\"><!-- [et_pb_line_break_holder] --> Specialist in stedenbouwkundige regelgeving, energie-effici\u00ebntie en integraal bouwbeheer voor particulieren, projectontwikkelaars en overheidsinstanties.<!-- [et_pb_line_break_holder] -->  <\/pee><!-- [et_pb_line_break_holder] -->  <pee style=\"margin: 0 0 10px;\"><!-- [et_pb_line_break_holder] -->    <a href=\"https:\/\/vellomonfortarquitectes.com\/nl\/architectuur-studio-gandia\/\" style=\"color: #005599; text-decoration: underline;\">Meer informatie over het onderzoek<\/a> | <!-- [et_pb_line_break_holder] --> <a href=\"https:\/\/www.linkedin.com\/in\/jos%C3%A9-antonio-vell%C3%B3-ribes-aba23027?originalSubdomain=es\" target=\"_blank\" rel=\"noopener\" style=\"color: #005599; text-decoration: underline;\">LinkedIn-profiel<\/a><!-- [et_pb_line_break_holder] -->  <\/pee><!-- [et_pb_line_break_holder] --><\/div>\n<p><!-- [et_pb_line_break_holder] -->[\/et_pb_code][\/et_pb_column][\/et_pb_row][\/et_pb_section]<\/p>\n","protected":false},"excerpt":{"rendered":"<p>Denia, een juweel aan de Costa Blanca in Spanje, staat niet alleen bekend om zijn stranden en gastronomie, maar ook om zijn rijke architectonische erfgoed. Deze historische stad is een canvas van verschillende architectonische stijlen, die elk een ander verhaal vertellen over de culturen die hier hun sporen hebben achtergelaten. Van Romeinse overblijfselen tot islamitische [&hellip;]<\/p>\n","protected":false},"author":5,"featured_media":15029,"comment_status":"closed","ping_status":"open","sticky":false,"template":"","format":"standard","meta":{"_et_pb_use_builder":"on","_et_pb_old_content":"","_et_gb_content_width":"","footnotes":""},"categories":[214,218],"tags":[],"class_list":["post-15028","post","type-post","status-publish","format-standard","has-post-thumbnail","hentry","category-blog-nl","category-denia-nl"],"yoast_head":"<!-- This site is optimized with the Yoast SEO plugin v27.5 - https:\/\/yoast.com\/product\/yoast-seo-wordpress\/ -->\n<title>Ontdek de architectuur van Denia: karakteristieke gebouwen<\/title>\n<meta name=\"description\" content=\"Verken de historische en moderne gebouwen van Denia met Vello Monfort Arquitectes. Een reis door het rijke architecturale erfgoed van de stad.\" \/>\n<meta name=\"robots\" content=\"index, follow, max-snippet:-1, max-image-preview:large, max-video-preview:-1\" \/>\n<link rel=\"canonical\" href=\"https:\/\/vellomonfortarquitectes.com\/nl\/emblematische-gebouwen-van-denia\/\" \/>\n<meta property=\"og:locale\" content=\"nl_NL\" \/>\n<meta property=\"og:type\" content=\"article\" \/>\n<meta property=\"og:title\" content=\"Ontdek de architectuur van Denia: karakteristieke gebouwen\" \/>\n<meta property=\"og:description\" content=\"Verken de historische en moderne gebouwen van Denia met Vello Monfort Arquitectes. Een reis door het rijke architecturale erfgoed van de stad.\" \/>\n<meta property=\"og:url\" content=\"https:\/\/vellomonfortarquitectes.com\/nl\/emblematische-gebouwen-van-denia\/\" \/>\n<meta property=\"og:site_name\" content=\"Vello Arquitectura\" \/>\n<meta property=\"article:published_time\" content=\"2024-02-13T15:28:12+00:00\" \/>\n<meta property=\"article:modified_time\" content=\"2025-08-22T12:38:14+00:00\" \/>\n<meta property=\"og:image\" content=\"https:\/\/vellomonfortarquitectes.com\/wp-content\/uploads\/2024\/02\/edificios-emblematicos-de-denia.jpg\" \/>\n\t<meta property=\"og:image:width\" content=\"747\" \/>\n\t<meta property=\"og:image:height\" content=\"497\" \/>\n\t<meta property=\"og:image:type\" content=\"image\/jpeg\" \/>\n<meta name=\"author\" content=\"lafabricadelseo\" \/>\n<meta name=\"twitter:card\" content=\"summary_large_image\" \/>\n<meta name=\"twitter:label1\" content=\"Geschreven door\" \/>\n\t<meta name=\"twitter:data1\" content=\"lafabricadelseo\" \/>\n\t<meta name=\"twitter:label2\" content=\"Geschatte leestijd\" \/>\n\t<meta name=\"twitter:data2\" content=\"6 minuten\" \/>\n<script type=\"application\/ld+json\" class=\"yoast-schema-graph\">{\"@context\":\"https:\\\/\\\/schema.org\",\"@graph\":[{\"@type\":\"Article\",\"@id\":\"https:\\\/\\\/vellomonfortarquitectes.com\\\/nl\\\/emblematische-gebouwen-van-denia\\\/#article\",\"isPartOf\":{\"@id\":\"https:\\\/\\\/vellomonfortarquitectes.com\\\/nl\\\/emblematische-gebouwen-van-denia\\\/\"},\"author\":{\"name\":\"lafabricadelseo\",\"@id\":\"https:\\\/\\\/vellomonfortarquitectes.com\\\/nl\\\/#\\\/schema\\\/person\\\/0cf5fa332e5ca91d37387f50327aca40\"},\"headline\":\"Emblematische gebouwen van Denia\",\"datePublished\":\"2024-02-13T15:28:12+00:00\",\"dateModified\":\"2025-08-22T12:38:14+00:00\",\"mainEntityOfPage\":{\"@id\":\"https:\\\/\\\/vellomonfortarquitectes.com\\\/nl\\\/emblematische-gebouwen-van-denia\\\/\"},\"wordCount\":1204,\"image\":{\"@id\":\"https:\\\/\\\/vellomonfortarquitectes.com\\\/nl\\\/emblematische-gebouwen-van-denia\\\/#primaryimage\"},\"thumbnailUrl\":\"https:\\\/\\\/vellomonfortarquitectes.com\\\/wp-content\\\/uploads\\\/2024\\\/02\\\/edificios-emblematicos-de-denia.jpg\",\"articleSection\":[\"Blog\",\"Denia\"],\"inLanguage\":\"nl-NL\"},{\"@type\":\"WebPage\",\"@id\":\"https:\\\/\\\/vellomonfortarquitectes.com\\\/nl\\\/emblematische-gebouwen-van-denia\\\/\",\"url\":\"https:\\\/\\\/vellomonfortarquitectes.com\\\/nl\\\/emblematische-gebouwen-van-denia\\\/\",\"name\":\"Ontdek de architectuur van Denia: karakteristieke gebouwen\",\"isPartOf\":{\"@id\":\"https:\\\/\\\/vellomonfortarquitectes.com\\\/nl\\\/#website\"},\"primaryImageOfPage\":{\"@id\":\"https:\\\/\\\/vellomonfortarquitectes.com\\\/nl\\\/emblematische-gebouwen-van-denia\\\/#primaryimage\"},\"image\":{\"@id\":\"https:\\\/\\\/vellomonfortarquitectes.com\\\/nl\\\/emblematische-gebouwen-van-denia\\\/#primaryimage\"},\"thumbnailUrl\":\"https:\\\/\\\/vellomonfortarquitectes.com\\\/wp-content\\\/uploads\\\/2024\\\/02\\\/edificios-emblematicos-de-denia.jpg\",\"datePublished\":\"2024-02-13T15:28:12+00:00\",\"dateModified\":\"2025-08-22T12:38:14+00:00\",\"author\":{\"@id\":\"https:\\\/\\\/vellomonfortarquitectes.com\\\/nl\\\/#\\\/schema\\\/person\\\/0cf5fa332e5ca91d37387f50327aca40\"},\"description\":\"Verken de historische en moderne gebouwen van Denia met Vello Monfort Arquitectes. Een reis door het rijke architecturale erfgoed van de stad.\",\"breadcrumb\":{\"@id\":\"https:\\\/\\\/vellomonfortarquitectes.com\\\/nl\\\/emblematische-gebouwen-van-denia\\\/#breadcrumb\"},\"inLanguage\":\"nl-NL\",\"potentialAction\":[{\"@type\":\"ReadAction\",\"target\":[\"https:\\\/\\\/vellomonfortarquitectes.com\\\/nl\\\/emblematische-gebouwen-van-denia\\\/\"]}]},{\"@type\":\"ImageObject\",\"inLanguage\":\"nl-NL\",\"@id\":\"https:\\\/\\\/vellomonfortarquitectes.com\\\/nl\\\/emblematische-gebouwen-van-denia\\\/#primaryimage\",\"url\":\"https:\\\/\\\/vellomonfortarquitectes.com\\\/wp-content\\\/uploads\\\/2024\\\/02\\\/edificios-emblematicos-de-denia.jpg\",\"contentUrl\":\"https:\\\/\\\/vellomonfortarquitectes.com\\\/wp-content\\\/uploads\\\/2024\\\/02\\\/edificios-emblematicos-de-denia.jpg\",\"width\":747,\"height\":497},{\"@type\":\"BreadcrumbList\",\"@id\":\"https:\\\/\\\/vellomonfortarquitectes.com\\\/nl\\\/emblematische-gebouwen-van-denia\\\/#breadcrumb\",\"itemListElement\":[{\"@type\":\"ListItem\",\"position\":1,\"name\":\"Portada\",\"item\":\"https:\\\/\\\/vellomonfortarquitectes.com\\\/nl\\\/\"},{\"@type\":\"ListItem\",\"position\":2,\"name\":\"Emblematische gebouwen van Denia\"}]},{\"@type\":\"WebSite\",\"@id\":\"https:\\\/\\\/vellomonfortarquitectes.com\\\/nl\\\/#website\",\"url\":\"https:\\\/\\\/vellomonfortarquitectes.com\\\/nl\\\/\",\"name\":\"Vello Arquitectura\",\"description\":\"\",\"potentialAction\":[{\"@type\":\"SearchAction\",\"target\":{\"@type\":\"EntryPoint\",\"urlTemplate\":\"https:\\\/\\\/vellomonfortarquitectes.com\\\/nl\\\/?s={search_term_string}\"},\"query-input\":{\"@type\":\"PropertyValueSpecification\",\"valueRequired\":true,\"valueName\":\"search_term_string\"}}],\"inLanguage\":\"nl-NL\"},{\"@type\":\"Person\",\"@id\":\"https:\\\/\\\/vellomonfortarquitectes.com\\\/nl\\\/#\\\/schema\\\/person\\\/0cf5fa332e5ca91d37387f50327aca40\",\"name\":\"lafabricadelseo\",\"image\":{\"@type\":\"ImageObject\",\"inLanguage\":\"nl-NL\",\"@id\":\"https:\\\/\\\/secure.gravatar.com\\\/avatar\\\/a00b480fd278f47b8d479384a393728bed1433f6a331895d10f67aa59337cbfc?s=96&d=mm&r=g\",\"url\":\"https:\\\/\\\/secure.gravatar.com\\\/avatar\\\/a00b480fd278f47b8d479384a393728bed1433f6a331895d10f67aa59337cbfc?s=96&d=mm&r=g\",\"contentUrl\":\"https:\\\/\\\/secure.gravatar.com\\\/avatar\\\/a00b480fd278f47b8d479384a393728bed1433f6a331895d10f67aa59337cbfc?s=96&d=mm&r=g\",\"caption\":\"lafabricadelseo\"}}]}<\/script>\n<!-- \/ Yoast SEO plugin. -->","yoast_head_json":{"title":"Ontdek de architectuur van Denia: karakteristieke gebouwen","description":"Verken de historische en moderne gebouwen van Denia met Vello Monfort Arquitectes. Een reis door het rijke architecturale erfgoed van de stad.","robots":{"index":"index","follow":"follow","max-snippet":"max-snippet:-1","max-image-preview":"max-image-preview:large","max-video-preview":"max-video-preview:-1"},"canonical":"https:\/\/vellomonfortarquitectes.com\/nl\/emblematische-gebouwen-van-denia\/","og_locale":"nl_NL","og_type":"article","og_title":"Ontdek de architectuur van Denia: karakteristieke gebouwen","og_description":"Verken de historische en moderne gebouwen van Denia met Vello Monfort Arquitectes. Een reis door het rijke architecturale erfgoed van de stad.","og_url":"https:\/\/vellomonfortarquitectes.com\/nl\/emblematische-gebouwen-van-denia\/","og_site_name":"Vello Arquitectura","article_published_time":"2024-02-13T15:28:12+00:00","article_modified_time":"2025-08-22T12:38:14+00:00","og_image":[{"width":747,"height":497,"url":"https:\/\/vellomonfortarquitectes.com\/wp-content\/uploads\/2024\/02\/edificios-emblematicos-de-denia.jpg","type":"image\/jpeg"}],"author":"lafabricadelseo","twitter_card":"summary_large_image","twitter_misc":{"Geschreven door":"lafabricadelseo","Geschatte leestijd":"6 minuten"},"schema":{"@context":"https:\/\/schema.org","@graph":[{"@type":"Article","@id":"https:\/\/vellomonfortarquitectes.com\/nl\/emblematische-gebouwen-van-denia\/#article","isPartOf":{"@id":"https:\/\/vellomonfortarquitectes.com\/nl\/emblematische-gebouwen-van-denia\/"},"author":{"name":"lafabricadelseo","@id":"https:\/\/vellomonfortarquitectes.com\/nl\/#\/schema\/person\/0cf5fa332e5ca91d37387f50327aca40"},"headline":"Emblematische gebouwen van Denia","datePublished":"2024-02-13T15:28:12+00:00","dateModified":"2025-08-22T12:38:14+00:00","mainEntityOfPage":{"@id":"https:\/\/vellomonfortarquitectes.com\/nl\/emblematische-gebouwen-van-denia\/"},"wordCount":1204,"image":{"@id":"https:\/\/vellomonfortarquitectes.com\/nl\/emblematische-gebouwen-van-denia\/#primaryimage"},"thumbnailUrl":"https:\/\/vellomonfortarquitectes.com\/wp-content\/uploads\/2024\/02\/edificios-emblematicos-de-denia.jpg","articleSection":["Blog","Denia"],"inLanguage":"nl-NL"},{"@type":"WebPage","@id":"https:\/\/vellomonfortarquitectes.com\/nl\/emblematische-gebouwen-van-denia\/","url":"https:\/\/vellomonfortarquitectes.com\/nl\/emblematische-gebouwen-van-denia\/","name":"Ontdek de architectuur van Denia: karakteristieke gebouwen","isPartOf":{"@id":"https:\/\/vellomonfortarquitectes.com\/nl\/#website"},"primaryImageOfPage":{"@id":"https:\/\/vellomonfortarquitectes.com\/nl\/emblematische-gebouwen-van-denia\/#primaryimage"},"image":{"@id":"https:\/\/vellomonfortarquitectes.com\/nl\/emblematische-gebouwen-van-denia\/#primaryimage"},"thumbnailUrl":"https:\/\/vellomonfortarquitectes.com\/wp-content\/uploads\/2024\/02\/edificios-emblematicos-de-denia.jpg","datePublished":"2024-02-13T15:28:12+00:00","dateModified":"2025-08-22T12:38:14+00:00","author":{"@id":"https:\/\/vellomonfortarquitectes.com\/nl\/#\/schema\/person\/0cf5fa332e5ca91d37387f50327aca40"},"description":"Verken de historische en moderne gebouwen van Denia met Vello Monfort Arquitectes. Een reis door het rijke architecturale erfgoed van de stad.","breadcrumb":{"@id":"https:\/\/vellomonfortarquitectes.com\/nl\/emblematische-gebouwen-van-denia\/#breadcrumb"},"inLanguage":"nl-NL","potentialAction":[{"@type":"ReadAction","target":["https:\/\/vellomonfortarquitectes.com\/nl\/emblematische-gebouwen-van-denia\/"]}]},{"@type":"ImageObject","inLanguage":"nl-NL","@id":"https:\/\/vellomonfortarquitectes.com\/nl\/emblematische-gebouwen-van-denia\/#primaryimage","url":"https:\/\/vellomonfortarquitectes.com\/wp-content\/uploads\/2024\/02\/edificios-emblematicos-de-denia.jpg","contentUrl":"https:\/\/vellomonfortarquitectes.com\/wp-content\/uploads\/2024\/02\/edificios-emblematicos-de-denia.jpg","width":747,"height":497},{"@type":"BreadcrumbList","@id":"https:\/\/vellomonfortarquitectes.com\/nl\/emblematische-gebouwen-van-denia\/#breadcrumb","itemListElement":[{"@type":"ListItem","position":1,"name":"Portada","item":"https:\/\/vellomonfortarquitectes.com\/nl\/"},{"@type":"ListItem","position":2,"name":"Emblematische gebouwen van Denia"}]},{"@type":"WebSite","@id":"https:\/\/vellomonfortarquitectes.com\/nl\/#website","url":"https:\/\/vellomonfortarquitectes.com\/nl\/","name":"Vello Arquitectura","description":"","potentialAction":[{"@type":"SearchAction","target":{"@type":"EntryPoint","urlTemplate":"https:\/\/vellomonfortarquitectes.com\/nl\/?s={search_term_string}"},"query-input":{"@type":"PropertyValueSpecification","valueRequired":true,"valueName":"search_term_string"}}],"inLanguage":"nl-NL"},{"@type":"Person","@id":"https:\/\/vellomonfortarquitectes.com\/nl\/#\/schema\/person\/0cf5fa332e5ca91d37387f50327aca40","name":"lafabricadelseo","image":{"@type":"ImageObject","inLanguage":"nl-NL","@id":"https:\/\/secure.gravatar.com\/avatar\/a00b480fd278f47b8d479384a393728bed1433f6a331895d10f67aa59337cbfc?s=96&d=mm&r=g","url":"https:\/\/secure.gravatar.com\/avatar\/a00b480fd278f47b8d479384a393728bed1433f6a331895d10f67aa59337cbfc?s=96&d=mm&r=g","contentUrl":"https:\/\/secure.gravatar.com\/avatar\/a00b480fd278f47b8d479384a393728bed1433f6a331895d10f67aa59337cbfc?s=96&d=mm&r=g","caption":"lafabricadelseo"}}]}},"_links":{"self":[{"href":"https:\/\/vellomonfortarquitectes.com\/nl\/wp-json\/wp\/v2\/posts\/15028","targetHints":{"allow":["GET"]}}],"collection":[{"href":"https:\/\/vellomonfortarquitectes.com\/nl\/wp-json\/wp\/v2\/posts"}],"about":[{"href":"https:\/\/vellomonfortarquitectes.com\/nl\/wp-json\/wp\/v2\/types\/post"}],"author":[{"embeddable":true,"href":"https:\/\/vellomonfortarquitectes.com\/nl\/wp-json\/wp\/v2\/users\/5"}],"replies":[{"embeddable":true,"href":"https:\/\/vellomonfortarquitectes.com\/nl\/wp-json\/wp\/v2\/comments?post=15028"}],"version-history":[{"count":4,"href":"https:\/\/vellomonfortarquitectes.com\/nl\/wp-json\/wp\/v2\/posts\/15028\/revisions"}],"predecessor-version":[{"id":15607,"href":"https:\/\/vellomonfortarquitectes.com\/nl\/wp-json\/wp\/v2\/posts\/15028\/revisions\/15607"}],"wp:featuredmedia":[{"embeddable":true,"href":"https:\/\/vellomonfortarquitectes.com\/nl\/wp-json\/wp\/v2\/media\/15029"}],"wp:attachment":[{"href":"https:\/\/vellomonfortarquitectes.com\/nl\/wp-json\/wp\/v2\/media?parent=15028"}],"wp:term":[{"taxonomy":"category","embeddable":true,"href":"https:\/\/vellomonfortarquitectes.com\/nl\/wp-json\/wp\/v2\/categories?post=15028"},{"taxonomy":"post_tag","embeddable":true,"href":"https:\/\/vellomonfortarquitectes.com\/nl\/wp-json\/wp\/v2\/tags?post=15028"}],"curies":[{"name":"wp","href":"https:\/\/api.w.org\/{rel}","templated":true}]}}