{"id":15036,"date":"2024-03-07T10:04:08","date_gmt":"2024-03-07T10:04:08","guid":{"rendered":"https:\/\/vellomonfortarquitectes.com\/wat-is-interieurarchitectuur\/"},"modified":"2025-08-22T12:37:09","modified_gmt":"2025-08-22T12:37:09","slug":"wat-is-interieurarchitectuur","status":"publish","type":"post","link":"https:\/\/vellomonfortarquitectes.com\/nl\/wat-is-interieurarchitectuur\/","title":{"rendered":"Wat is interieurarchitectuur?"},"content":{"rendered":"<p>[et_pb_section fb_built=&#8221;1&#8243; _builder_version=&#8221;4.16&#8243; global_colors_info=&#8221;{}&#8221;][et_pb_row _builder_version=&#8221;4.16&#8243; background_size=&#8221;initial&#8221; background_position=&#8221;top_left&#8221; background_repeat=&#8221;repeat&#8221; global_colors_info=&#8221;{}&#8221;][et_pb_column type=&#8221;4_4&#8243; _builder_version=&#8221;4.16&#8243; custom_padding=&#8221;|||&#8221; global_colors_info=&#8221;{}&#8221; custom_padding__hover=&#8221;|||&#8221;][et_pb_text _builder_version=&#8221;4.18.0&#8243; background_size=&#8221;initial&#8221; background_position=&#8221;top_left&#8221; background_repeat=&#8221;repeat&#8221; text_orientation=&#8221;justified&#8221; global_colors_info=&#8221;{}&#8221;]<\/p>\n<p><a href=\"https:\/\/vellomonfortarquitectes.com\/nl\/interieur-ontwerp\/\" title=\"interieurarchitectuur\"><strong>Interieurarchitectuur<\/strong><\/a> is een discipline die creativiteit, functionaliteit en esthetiek combineert om gemeenschappelijke ruimtes om te vormen tot inspirerende plekken. Het is meer dan alleen decoratie; het is een kunstvorm die de persoonlijkheid en behoeften weerspiegelt van degenen die deze ruimtes bewonen of gebruiken. Dit artikel gaat in op de essenti\u00eble aspecten van interieurarchitectuur, van de definitie en rol van de architect tot decoratiestijlen en huidige trends.  <\/p>\n<h2><strong>Wat is interieurarchitectuur?<\/strong><\/h2>\n<p>In tegenstelling tot interieurontwerp richt interieurarchitectuur zich op vorm en functie. Het combineert technische kennis met esthetisch inzicht om omgevingen te cre\u00ebren die niet alleen visueel aantrekkelijk zijn, maar ook functioneel en veilig. Het omvat overwegingen met betrekking tot de structuur van het gebouw, de ruimtelijke indeling en de materiaalkeuze. Interieurarchitectuur heeft de kracht om invloed uit te oefenen op hoe we ons voelen en hoe we omgaan met onze omgeving, waardoor het een integraal onderdeel van ons dagelijks leven wordt.   <\/p>\n<p>[\/et_pb_text][et_pb_divider show_divider=&#8221;off&#8221; _builder_version=&#8221;4.18.0&#8243; _module_preset=&#8221;default&#8221; global_colors_info=&#8221;{}&#8221;][\/et_pb_divider][et_pb_cta title=&#8221;Neem contact op met onze architectuurstudio&#8221; button_url=&#8221;https:\/\/vellomonfortarquitectes.com\/nl\/&#8221; button_text=&#8221;Neem contact op met&#8221; _builder_version=&#8221;4.18.0&#8243; _module_preset=&#8221;default&#8221; global_colors_info=&#8221;{}&#8221;][\/et_pb_cta][et_pb_divider show_divider=&#8221;off&#8221; _builder_version=&#8221;4.18.0&#8243; _module_preset=&#8221;default&#8221; global_colors_info=&#8221;{}&#8221;][\/et_pb_divider][et_pb_text _builder_version=&#8221;4.18.0&#8243; _module_preset=&#8221;default&#8221; text_orientation=&#8221;justified&#8221; global_colors_info=&#8221;{}&#8221;]<\/p>\n<h2><strong>De rol van de interieurarchitect<\/strong><\/h2>\n<p>Interieurarchitecten zijn professionals die gespecialiseerd zijn in het plannen en ontwerpen van binnenruimtes. Hun werk gaat verder dan het kiezen van kleuren en meubels; het gaat om het begrijpen en manipuleren van ruimtes om aan de specifieke behoeften van hun klanten te voldoen. Dit vereist een grondige kennis van ergonomie, verlichting, akoestiek en bouwvoorschriften. Interieurarchitecten werken nauw samen met klanten en andere professionals om ruimtes te cre\u00ebren die niet alleen functioneel zijn, maar ook esthetisch aantrekkelijk en duurzaam.   <\/p>\n<h3><strong>Sleutelvaardigheden voor succes in interieurarchitectuur<\/strong><\/h3>\n<p>Een succesvolle interieurarchitect moet over verschillende vaardigheden beschikken. Creativiteit is essentieel om unieke en gepersonaliseerde ruimtes te ontwerpen. Technische vaardigheden, zoals kennis van materialen en constructie, zijn van cruciaal belang om ervoor te zorgen dat ontwerpen zowel praktisch als haalbaar zijn. Communicatieve vaardigheden zijn ook cruciaal, aangezien architecten effectief moeten kunnen samenwerken met klanten, aannemers en andere ontwerpers. Bovendien is het vermogen om problemen op te lossen en zich aan te passen aan onvoorziene veranderingen van vitaal belang in dit voortdurend evoluerende vakgebied.    <\/p>\n<h2><strong>Interieurstijlen in de architectuur<\/strong><\/h2>\n<p>De interieurarchitectuur omvat een breed scala aan stijlen, elk met hun eigen kenmerken.<\/p>\n<ul>\n<li>\n<h3><strong>Plantaardige stijl<\/strong><\/h3>\n<\/li>\n<\/ul>\n<p>Deze stijl richt zich op het integreren van elementen uit de natuur in het interieurontwerp. Het gebruik van planten, water en natuurlijke materialen cre\u00ebert een rustige sfeer die verbonden is met de natuurlijke wereld. Deze stijl verbetert niet alleen de esthetiek van een ruimte, maar kan ook bijdragen aan de gezondheid en het welzijn van de bewoners.  <\/p>\n<ul>\n<li>\n<h3><strong>Industri\u00eble stijl<\/strong><\/h3>\n<\/li>\n<\/ul>\n<p>De industri\u00eble stijl is ge\u00efnspireerd op het stedelijke en het ruwe, gekenmerkt door onafgewerkte oppervlakken, metalen elementen en een gevoel van ruimtelijkheid. Deze stijl maakt vaak gebruik van de bestaande structuur van het gebouw, zoals zichtbare bakstenen of stalen balken, om een vleugje authenticiteit en karakter toe te voegen. <\/p>\n<ul>\n<li>\n<h3><strong>Traditionele stijl<\/strong><\/h3>\n<\/li>\n<\/ul>\n<p>Deze stijl wordt gekenmerkt door elegantie en oog voor detail. Klassieke meubels, luxe stoffen en een zacht kleurenpalet zijn typerend voor de traditionele stijl. Hoewel deze stijl is gebaseerd op ontwerpen uit het verleden, kan hij worden aangepast om een meer eigentijdse uitstraling te krijgen.  <\/p>\n<h2><strong>Onderwijs en opleiding in interieurarchitectuur<\/strong><\/h2>\n<p>Een opleiding in interieurarchitectuur is cruciaal om de nodige vaardigheden op dit gebied te ontwikkelen. De academische programma&#8217;s vari\u00ebren van universitaire opleidingen tot online cursussen. Deze programma&#8217;s omvatten doorgaans zowel de basisprincipes van het ontwerpen als meer geavanceerde aspecten zoals duurzaamheid en technologie in interieurontwerp. Daarnaast is praktijkervaring, zoals stages of ontwerpprojecten, van onschatbare waarde voor aspirant-interieurarchitecten.   <\/p>\n<h2><strong>Toekomstige trends in interieurarchitectuur<\/strong><\/h2>\n<p>De trends in interieurarchitectuur blijven zich ontwikkelen. Duurzaamheid wordt steeds belangrijker, met een focus op milieuvriendelijke materialen en energie-effici\u00ebntie. Ook technologie speelt een belangrijke rol, met het gebruik van geavanceerde software voor het visualiseren en ontwerpen van ruimtes en de integratie van slimme technologie\u00ebn in huis.  <\/p>\n<p>Kortom, interieurarchitectuur is een dynamisch en voortdurend veranderend vakgebied, vol mogelijkheden om ruimtes te cre\u00ebren die niet alleen esthetisch aantrekkelijk zijn, maar ook de levenskwaliteit van mensen verbeteren. Met een combinatie van creativiteit, technische kennis en passie voor design hebben interieurarchitecten de kracht om elke ruimte om te toveren tot een unieke en functionele plek. <\/p>\n<p>[\/et_pb_text][\/et_pb_column][\/et_pb_row][et_pb_row _builder_version=&#8221;4.27.4&#8243; _module_preset=&#8221;default&#8221; module_alignment=&#8221;center&#8221; global_colors_info=&#8221;{}&#8221; locked=&#8221;off&#8221;][et_pb_column type=&#8221;4_4&#8243; _builder_version=&#8221;4.27.4&#8243; _module_preset=&#8221;default&#8221; global_colors_info=&#8221;{}&#8221;][et_pb_code _builder_version=&#8221;4.27.4&#8243; _module_preset=&#8221;default&#8221; text_orientation=&#8221;center&#8221; global_colors_info=&#8221;{}&#8221;]<\/p>\n<div class=\"author-box\" style=\"border: 1px solid #e0e0e0; padding: 20px; margin-top: 40px; border-radius: 12px; max-width: 600px; text-align: center; margin-left: auto; margin-right: auto;\"><!-- [et_pb_line_break_holder] -->  <img loading=\"lazy\" decoding=\"async\" src=\"https:\/\/vellomonfortarquitectes.com\/wp-content\/uploads\/2020\/11\/joseantonio.jpg\" alt=\"Jos\u00e9 Antonio Vell\u00f3, erkend architect in Gand\u00eda\" width=\"120\" height=\"120\" style=\"border-radius: 50%; object-fit: cover; margin-bottom: 15px;\"><!-- [et_pb_line_break_holder] -->  <\/p>\n<h3 style=\"margin: 0 0 10px;\">Over de auteur: Jos\u00e9 Antonio Vell\u00f3<\/h3>\n<p><!-- [et_pb_line_break_holder] -->  <pee style=\"margin: 0 0 10px;\"><!-- [et_pb_line_break_holder] --> Architect, lid van de <strong>COACV <\/strong>en medeoprichter van <strong>Vell\u00f3 Monfort Arquitectes<\/strong>. Hij heeft meer dan 20 jaar ervaring in het ontwerpen, renoveren en technisch leiden van residenti\u00eble en openbare projecten in de <strong>regio Valencia<\/strong>. <!-- [et_pb_line_break_holder] -->  <\/pee><!-- [et_pb_line_break_holder] -->  <pee style=\"margin: 0 0 10px;\"><!-- [et_pb_line_break_holder] --> Specialist in stedenbouwkundige regelgeving, energie-effici\u00ebntie en integraal bouwbeheer voor particulieren, projectontwikkelaars en overheidsinstanties.<!-- [et_pb_line_break_holder] -->  <\/pee><!-- [et_pb_line_break_holder] -->  <pee style=\"margin: 0 0 10px;\"><!-- [et_pb_line_break_holder] -->    <a href=\"https:\/\/vellomonfortarquitectes.com\/nl\/architectuur-studio-gandia\/\" style=\"color: #005599; text-decoration: underline;\">Meer informatie over het onderzoek<\/a> | <!-- [et_pb_line_break_holder] --> <a href=\"https:\/\/www.linkedin.com\/in\/jos%C3%A9-antonio-vell%C3%B3-ribes-aba23027?originalSubdomain=es\" target=\"_blank\" rel=\"noopener\" style=\"color: #005599; text-decoration: underline;\">LinkedIn-profiel<\/a><!-- [et_pb_line_break_holder] -->  <\/pee><!-- [et_pb_line_break_holder] --><\/div>\n<p><!-- [et_pb_line_break_holder] -->[\/et_pb_code][\/et_pb_column][\/et_pb_row][\/et_pb_section]<\/p>\n","protected":false},"excerpt":{"rendered":"<p>Interieurarchitectuur is een discipline die creativiteit, functionaliteit en esthetiek combineert om gemeenschappelijke ruimtes om te vormen tot inspirerende plekken. Het is meer dan alleen decoratie; het is een kunstvorm die de persoonlijkheid en behoeften weerspiegelt van degenen die deze ruimtes bewonen of gebruiken. Dit artikel gaat in op de essenti\u00eble aspecten van interieurarchitectuur, van de [&hellip;]<\/p>\n","protected":false},"author":5,"featured_media":15037,"comment_status":"closed","ping_status":"open","sticky":false,"template":"","format":"standard","meta":{"_et_pb_use_builder":"on","_et_pb_old_content":"","_et_gb_content_width":"","footnotes":""},"categories":[214],"tags":[],"class_list":["post-15036","post","type-post","status-publish","format-standard","has-post-thumbnail","hentry","category-blog-nl"],"yoast_head":"<!-- This site is optimized with the Yoast SEO plugin v27.5 - https:\/\/yoast.com\/product\/yoast-seo-wordpress\/ -->\n<title>Wat is interieurarchitectuur? - Vell\u00f3 Arquitectos<\/title>\n<meta name=\"description\" content=\"Ontdek de wereld van interieurarchitectuur: stijlen, technieken en trends die ruimtes omtoveren tot functionele kunstwerken.\" \/>\n<meta name=\"robots\" content=\"index, follow, max-snippet:-1, max-image-preview:large, max-video-preview:-1\" \/>\n<link rel=\"canonical\" href=\"https:\/\/vellomonfortarquitectes.com\/nl\/wat-is-interieurarchitectuur\/\" \/>\n<meta property=\"og:locale\" content=\"nl_NL\" \/>\n<meta property=\"og:type\" content=\"article\" \/>\n<meta property=\"og:title\" content=\"Wat is interieurarchitectuur? - Vell\u00f3 Arquitectos\" \/>\n<meta property=\"og:description\" content=\"Ontdek de wereld van interieurarchitectuur: stijlen, technieken en trends die ruimtes omtoveren tot functionele kunstwerken.\" \/>\n<meta property=\"og:url\" content=\"https:\/\/vellomonfortarquitectes.com\/nl\/wat-is-interieurarchitectuur\/\" \/>\n<meta property=\"og:site_name\" content=\"Vello Arquitectura\" \/>\n<meta property=\"article:published_time\" content=\"2024-03-07T10:04:08+00:00\" \/>\n<meta property=\"article:modified_time\" content=\"2025-08-22T12:37:09+00:00\" \/>\n<meta property=\"og:image\" content=\"https:\/\/vellomonfortarquitectes.com\/wp-content\/uploads\/2024\/03\/que-es-la-arquitectura-interior.jpg\" \/>\n\t<meta property=\"og:image:width\" content=\"747\" \/>\n\t<meta property=\"og:image:height\" content=\"497\" \/>\n\t<meta property=\"og:image:type\" content=\"image\/jpeg\" \/>\n<meta name=\"author\" content=\"lafabricadelseo\" \/>\n<meta name=\"twitter:card\" content=\"summary_large_image\" \/>\n<meta name=\"twitter:label1\" content=\"Geschreven door\" \/>\n\t<meta name=\"twitter:data1\" content=\"lafabricadelseo\" \/>\n\t<meta name=\"twitter:label2\" content=\"Geschatte leestijd\" \/>\n\t<meta name=\"twitter:data2\" content=\"5 minuten\" \/>\n<script type=\"application\/ld+json\" class=\"yoast-schema-graph\">{\"@context\":\"https:\\\/\\\/schema.org\",\"@graph\":[{\"@type\":\"Article\",\"@id\":\"https:\\\/\\\/vellomonfortarquitectes.com\\\/nl\\\/wat-is-interieurarchitectuur\\\/#article\",\"isPartOf\":{\"@id\":\"https:\\\/\\\/vellomonfortarquitectes.com\\\/nl\\\/wat-is-interieurarchitectuur\\\/\"},\"author\":{\"name\":\"lafabricadelseo\",\"@id\":\"https:\\\/\\\/vellomonfortarquitectes.com\\\/nl\\\/#\\\/schema\\\/person\\\/0cf5fa332e5ca91d37387f50327aca40\"},\"headline\":\"Wat is interieurarchitectuur?\",\"datePublished\":\"2024-03-07T10:04:08+00:00\",\"dateModified\":\"2025-08-22T12:37:09+00:00\",\"mainEntityOfPage\":{\"@id\":\"https:\\\/\\\/vellomonfortarquitectes.com\\\/nl\\\/wat-is-interieurarchitectuur\\\/\"},\"wordCount\":948,\"image\":{\"@id\":\"https:\\\/\\\/vellomonfortarquitectes.com\\\/nl\\\/wat-is-interieurarchitectuur\\\/#primaryimage\"},\"thumbnailUrl\":\"https:\\\/\\\/vellomonfortarquitectes.com\\\/wp-content\\\/uploads\\\/2024\\\/03\\\/que-es-la-arquitectura-interior.jpg\",\"articleSection\":[\"Blog\"],\"inLanguage\":\"nl-NL\"},{\"@type\":\"WebPage\",\"@id\":\"https:\\\/\\\/vellomonfortarquitectes.com\\\/nl\\\/wat-is-interieurarchitectuur\\\/\",\"url\":\"https:\\\/\\\/vellomonfortarquitectes.com\\\/nl\\\/wat-is-interieurarchitectuur\\\/\",\"name\":\"Wat is interieurarchitectuur? - Vell\u00f3 Arquitectos\",\"isPartOf\":{\"@id\":\"https:\\\/\\\/vellomonfortarquitectes.com\\\/nl\\\/#website\"},\"primaryImageOfPage\":{\"@id\":\"https:\\\/\\\/vellomonfortarquitectes.com\\\/nl\\\/wat-is-interieurarchitectuur\\\/#primaryimage\"},\"image\":{\"@id\":\"https:\\\/\\\/vellomonfortarquitectes.com\\\/nl\\\/wat-is-interieurarchitectuur\\\/#primaryimage\"},\"thumbnailUrl\":\"https:\\\/\\\/vellomonfortarquitectes.com\\\/wp-content\\\/uploads\\\/2024\\\/03\\\/que-es-la-arquitectura-interior.jpg\",\"datePublished\":\"2024-03-07T10:04:08+00:00\",\"dateModified\":\"2025-08-22T12:37:09+00:00\",\"author\":{\"@id\":\"https:\\\/\\\/vellomonfortarquitectes.com\\\/nl\\\/#\\\/schema\\\/person\\\/0cf5fa332e5ca91d37387f50327aca40\"},\"description\":\"Ontdek de wereld van interieurarchitectuur: stijlen, technieken en trends die ruimtes omtoveren tot functionele kunstwerken.\",\"breadcrumb\":{\"@id\":\"https:\\\/\\\/vellomonfortarquitectes.com\\\/nl\\\/wat-is-interieurarchitectuur\\\/#breadcrumb\"},\"inLanguage\":\"nl-NL\",\"potentialAction\":[{\"@type\":\"ReadAction\",\"target\":[\"https:\\\/\\\/vellomonfortarquitectes.com\\\/nl\\\/wat-is-interieurarchitectuur\\\/\"]}]},{\"@type\":\"ImageObject\",\"inLanguage\":\"nl-NL\",\"@id\":\"https:\\\/\\\/vellomonfortarquitectes.com\\\/nl\\\/wat-is-interieurarchitectuur\\\/#primaryimage\",\"url\":\"https:\\\/\\\/vellomonfortarquitectes.com\\\/wp-content\\\/uploads\\\/2024\\\/03\\\/que-es-la-arquitectura-interior.jpg\",\"contentUrl\":\"https:\\\/\\\/vellomonfortarquitectes.com\\\/wp-content\\\/uploads\\\/2024\\\/03\\\/que-es-la-arquitectura-interior.jpg\",\"width\":747,\"height\":497},{\"@type\":\"BreadcrumbList\",\"@id\":\"https:\\\/\\\/vellomonfortarquitectes.com\\\/nl\\\/wat-is-interieurarchitectuur\\\/#breadcrumb\",\"itemListElement\":[{\"@type\":\"ListItem\",\"position\":1,\"name\":\"Portada\",\"item\":\"https:\\\/\\\/vellomonfortarquitectes.com\\\/nl\\\/\"},{\"@type\":\"ListItem\",\"position\":2,\"name\":\"Wat is interieurarchitectuur?\"}]},{\"@type\":\"WebSite\",\"@id\":\"https:\\\/\\\/vellomonfortarquitectes.com\\\/nl\\\/#website\",\"url\":\"https:\\\/\\\/vellomonfortarquitectes.com\\\/nl\\\/\",\"name\":\"Vello Arquitectura\",\"description\":\"\",\"potentialAction\":[{\"@type\":\"SearchAction\",\"target\":{\"@type\":\"EntryPoint\",\"urlTemplate\":\"https:\\\/\\\/vellomonfortarquitectes.com\\\/nl\\\/?s={search_term_string}\"},\"query-input\":{\"@type\":\"PropertyValueSpecification\",\"valueRequired\":true,\"valueName\":\"search_term_string\"}}],\"inLanguage\":\"nl-NL\"},{\"@type\":\"Person\",\"@id\":\"https:\\\/\\\/vellomonfortarquitectes.com\\\/nl\\\/#\\\/schema\\\/person\\\/0cf5fa332e5ca91d37387f50327aca40\",\"name\":\"lafabricadelseo\",\"image\":{\"@type\":\"ImageObject\",\"inLanguage\":\"nl-NL\",\"@id\":\"https:\\\/\\\/secure.gravatar.com\\\/avatar\\\/a00b480fd278f47b8d479384a393728bed1433f6a331895d10f67aa59337cbfc?s=96&d=mm&r=g\",\"url\":\"https:\\\/\\\/secure.gravatar.com\\\/avatar\\\/a00b480fd278f47b8d479384a393728bed1433f6a331895d10f67aa59337cbfc?s=96&d=mm&r=g\",\"contentUrl\":\"https:\\\/\\\/secure.gravatar.com\\\/avatar\\\/a00b480fd278f47b8d479384a393728bed1433f6a331895d10f67aa59337cbfc?s=96&d=mm&r=g\",\"caption\":\"lafabricadelseo\"}}]}<\/script>\n<!-- \/ Yoast SEO plugin. -->","yoast_head_json":{"title":"Wat is interieurarchitectuur? - Vell\u00f3 Arquitectos","description":"Ontdek de wereld van interieurarchitectuur: stijlen, technieken en trends die ruimtes omtoveren tot functionele kunstwerken.","robots":{"index":"index","follow":"follow","max-snippet":"max-snippet:-1","max-image-preview":"max-image-preview:large","max-video-preview":"max-video-preview:-1"},"canonical":"https:\/\/vellomonfortarquitectes.com\/nl\/wat-is-interieurarchitectuur\/","og_locale":"nl_NL","og_type":"article","og_title":"Wat is interieurarchitectuur? - Vell\u00f3 Arquitectos","og_description":"Ontdek de wereld van interieurarchitectuur: stijlen, technieken en trends die ruimtes omtoveren tot functionele kunstwerken.","og_url":"https:\/\/vellomonfortarquitectes.com\/nl\/wat-is-interieurarchitectuur\/","og_site_name":"Vello Arquitectura","article_published_time":"2024-03-07T10:04:08+00:00","article_modified_time":"2025-08-22T12:37:09+00:00","og_image":[{"width":747,"height":497,"url":"https:\/\/vellomonfortarquitectes.com\/wp-content\/uploads\/2024\/03\/que-es-la-arquitectura-interior.jpg","type":"image\/jpeg"}],"author":"lafabricadelseo","twitter_card":"summary_large_image","twitter_misc":{"Geschreven door":"lafabricadelseo","Geschatte leestijd":"5 minuten"},"schema":{"@context":"https:\/\/schema.org","@graph":[{"@type":"Article","@id":"https:\/\/vellomonfortarquitectes.com\/nl\/wat-is-interieurarchitectuur\/#article","isPartOf":{"@id":"https:\/\/vellomonfortarquitectes.com\/nl\/wat-is-interieurarchitectuur\/"},"author":{"name":"lafabricadelseo","@id":"https:\/\/vellomonfortarquitectes.com\/nl\/#\/schema\/person\/0cf5fa332e5ca91d37387f50327aca40"},"headline":"Wat is interieurarchitectuur?","datePublished":"2024-03-07T10:04:08+00:00","dateModified":"2025-08-22T12:37:09+00:00","mainEntityOfPage":{"@id":"https:\/\/vellomonfortarquitectes.com\/nl\/wat-is-interieurarchitectuur\/"},"wordCount":948,"image":{"@id":"https:\/\/vellomonfortarquitectes.com\/nl\/wat-is-interieurarchitectuur\/#primaryimage"},"thumbnailUrl":"https:\/\/vellomonfortarquitectes.com\/wp-content\/uploads\/2024\/03\/que-es-la-arquitectura-interior.jpg","articleSection":["Blog"],"inLanguage":"nl-NL"},{"@type":"WebPage","@id":"https:\/\/vellomonfortarquitectes.com\/nl\/wat-is-interieurarchitectuur\/","url":"https:\/\/vellomonfortarquitectes.com\/nl\/wat-is-interieurarchitectuur\/","name":"Wat is interieurarchitectuur? - Vell\u00f3 Arquitectos","isPartOf":{"@id":"https:\/\/vellomonfortarquitectes.com\/nl\/#website"},"primaryImageOfPage":{"@id":"https:\/\/vellomonfortarquitectes.com\/nl\/wat-is-interieurarchitectuur\/#primaryimage"},"image":{"@id":"https:\/\/vellomonfortarquitectes.com\/nl\/wat-is-interieurarchitectuur\/#primaryimage"},"thumbnailUrl":"https:\/\/vellomonfortarquitectes.com\/wp-content\/uploads\/2024\/03\/que-es-la-arquitectura-interior.jpg","datePublished":"2024-03-07T10:04:08+00:00","dateModified":"2025-08-22T12:37:09+00:00","author":{"@id":"https:\/\/vellomonfortarquitectes.com\/nl\/#\/schema\/person\/0cf5fa332e5ca91d37387f50327aca40"},"description":"Ontdek de wereld van interieurarchitectuur: stijlen, technieken en trends die ruimtes omtoveren tot functionele kunstwerken.","breadcrumb":{"@id":"https:\/\/vellomonfortarquitectes.com\/nl\/wat-is-interieurarchitectuur\/#breadcrumb"},"inLanguage":"nl-NL","potentialAction":[{"@type":"ReadAction","target":["https:\/\/vellomonfortarquitectes.com\/nl\/wat-is-interieurarchitectuur\/"]}]},{"@type":"ImageObject","inLanguage":"nl-NL","@id":"https:\/\/vellomonfortarquitectes.com\/nl\/wat-is-interieurarchitectuur\/#primaryimage","url":"https:\/\/vellomonfortarquitectes.com\/wp-content\/uploads\/2024\/03\/que-es-la-arquitectura-interior.jpg","contentUrl":"https:\/\/vellomonfortarquitectes.com\/wp-content\/uploads\/2024\/03\/que-es-la-arquitectura-interior.jpg","width":747,"height":497},{"@type":"BreadcrumbList","@id":"https:\/\/vellomonfortarquitectes.com\/nl\/wat-is-interieurarchitectuur\/#breadcrumb","itemListElement":[{"@type":"ListItem","position":1,"name":"Portada","item":"https:\/\/vellomonfortarquitectes.com\/nl\/"},{"@type":"ListItem","position":2,"name":"Wat is interieurarchitectuur?"}]},{"@type":"WebSite","@id":"https:\/\/vellomonfortarquitectes.com\/nl\/#website","url":"https:\/\/vellomonfortarquitectes.com\/nl\/","name":"Vello Arquitectura","description":"","potentialAction":[{"@type":"SearchAction","target":{"@type":"EntryPoint","urlTemplate":"https:\/\/vellomonfortarquitectes.com\/nl\/?s={search_term_string}"},"query-input":{"@type":"PropertyValueSpecification","valueRequired":true,"valueName":"search_term_string"}}],"inLanguage":"nl-NL"},{"@type":"Person","@id":"https:\/\/vellomonfortarquitectes.com\/nl\/#\/schema\/person\/0cf5fa332e5ca91d37387f50327aca40","name":"lafabricadelseo","image":{"@type":"ImageObject","inLanguage":"nl-NL","@id":"https:\/\/secure.gravatar.com\/avatar\/a00b480fd278f47b8d479384a393728bed1433f6a331895d10f67aa59337cbfc?s=96&d=mm&r=g","url":"https:\/\/secure.gravatar.com\/avatar\/a00b480fd278f47b8d479384a393728bed1433f6a331895d10f67aa59337cbfc?s=96&d=mm&r=g","contentUrl":"https:\/\/secure.gravatar.com\/avatar\/a00b480fd278f47b8d479384a393728bed1433f6a331895d10f67aa59337cbfc?s=96&d=mm&r=g","caption":"lafabricadelseo"}}]}},"_links":{"self":[{"href":"https:\/\/vellomonfortarquitectes.com\/nl\/wp-json\/wp\/v2\/posts\/15036","targetHints":{"allow":["GET"]}}],"collection":[{"href":"https:\/\/vellomonfortarquitectes.com\/nl\/wp-json\/wp\/v2\/posts"}],"about":[{"href":"https:\/\/vellomonfortarquitectes.com\/nl\/wp-json\/wp\/v2\/types\/post"}],"author":[{"embeddable":true,"href":"https:\/\/vellomonfortarquitectes.com\/nl\/wp-json\/wp\/v2\/users\/5"}],"replies":[{"embeddable":true,"href":"https:\/\/vellomonfortarquitectes.com\/nl\/wp-json\/wp\/v2\/comments?post=15036"}],"version-history":[{"count":4,"href":"https:\/\/vellomonfortarquitectes.com\/nl\/wp-json\/wp\/v2\/posts\/15036\/revisions"}],"predecessor-version":[{"id":15596,"href":"https:\/\/vellomonfortarquitectes.com\/nl\/wp-json\/wp\/v2\/posts\/15036\/revisions\/15596"}],"wp:featuredmedia":[{"embeddable":true,"href":"https:\/\/vellomonfortarquitectes.com\/nl\/wp-json\/wp\/v2\/media\/15037"}],"wp:attachment":[{"href":"https:\/\/vellomonfortarquitectes.com\/nl\/wp-json\/wp\/v2\/media?parent=15036"}],"wp:term":[{"taxonomy":"category","embeddable":true,"href":"https:\/\/vellomonfortarquitectes.com\/nl\/wp-json\/wp\/v2\/categories?post=15036"},{"taxonomy":"post_tag","embeddable":true,"href":"https:\/\/vellomonfortarquitectes.com\/nl\/wp-json\/wp\/v2\/tags?post=15036"}],"curies":[{"name":"wp","href":"https:\/\/api.w.org\/{rel}","templated":true}]}}