{"id":15084,"date":"2024-12-02T09:58:27","date_gmt":"2024-12-02T09:58:27","guid":{"rendered":"https:\/\/vellomonfortarquitectes.com\/is-het-energieprestatiecertificaat-verplicht-in-spanje\/"},"modified":"2025-08-22T11:59:00","modified_gmt":"2025-08-22T11:59:00","slug":"is-het-energieprestatiecertificaat-verplicht-in-spanje","status":"publish","type":"post","link":"https:\/\/vellomonfortarquitectes.com\/nl\/is-het-energieprestatiecertificaat-verplicht-in-spanje\/","title":{"rendered":"Is het energieprestatiecertificaat verplicht in Spanje?"},"content":{"rendered":"<p>[et_pb_section fb_built=&#8221;1&#8243; _builder_version=&#8221;4.16&#8243; global_colors_info=&#8221;{}&#8221;][et_pb_row _builder_version=&#8221;4.16&#8243; background_size=&#8221;initial&#8221; background_position=&#8221;top_left&#8221; background_repeat=&#8221;repeat&#8221; global_colors_info=&#8221;{}&#8221;][et_pb_column type=&#8221;4_4&#8243; _builder_version=&#8221;4.16&#8243; custom_padding=&#8221;|||&#8221; global_colors_info=&#8221;{}&#8221; custom_padding__hover=&#8221;|||&#8221;][et_pb_text _builder_version=&#8221;4.27.3&#8243; background_size=&#8221;initial&#8221; background_position=&#8221;top_left&#8221; background_repeat=&#8221;repeat&#8221; text_orientation=&#8221;justified&#8221; global_colors_info=&#8221;{}&#8221;]<\/p>\n<p>Energie-effici\u00ebntie wordt een steeds belangrijker onderwerp bij de <a href=\"https:\/\/vellomonfortarquitectes.com\/nl\/nieuwbouwprojecten\/\" title=\"bouw en ontwerp van onroerend goed\"><strong>bouw en het ontwerp van gebouwen<\/strong><\/a>. Als u overweegt een woning te verkopen, te verhuren of te renoveren, vraagt u zich waarschijnlijk af: <strong>is een energieprestatiecertificaat verplicht in Spanje?<\/strong> In dit artikel geven we antwoord op al uw vragen over dit document, het belang ervan en wanneer het nodig is om het aan te vragen. <\/p>\n<h2><strong>Wat is het energieprestatiecertificaat?<\/strong><\/h2>\n<p>Het energieprestatiecertificaat is een officieel document dat wordt afgegeven door een gekwalificeerde technicus die het energieverbruik van een onroerend goed of gebouw beoordeelt. Deze analyse classificeert de energie-effici\u00ebntie op een schaal van <strong>A (meest effici\u00ebnt)<\/strong> tot <strong>G (minst effici\u00ebnt)<\/strong>. <\/p>\n<h3><strong>Welke informatie staat er op dit certificaat?<\/strong><\/h3>\n<p>Het certificaat geeft gedetailleerde informatie over de energieprestaties van het gebouw, zoals:<\/p>\n<ul>\n<li>Geschatte jaarlijkse energieverbruik.<\/li>\n<li>Uitstoot van kooldioxide (CO2).<\/li>\n<li>Aanbevelingen om de energie-effici\u00ebntie te verbeteren.<\/li>\n<\/ul>\n<p>Dit document is niet alleen een informatief hulpmiddel, maar stimuleert ook het nemen van duurzame maatregelen om de impact op het milieu te verminderen en het energieverbruik te optimaliseren.<\/p>\n<p>[\/et_pb_text][et_pb_divider show_divider=&#8221;off&#8221; _builder_version=&#8221;4.18.0&#8243; _module_preset=&#8221;default&#8221; global_colors_info=&#8221;{}&#8221;][\/et_pb_divider][et_pb_cta title=&#8221;Neem contact op met onze architectuurstudio&#8221; button_url=&#8221;https:\/\/vellomonfortarquitectes.com\/nl\/contact\/&#8221; button_text=&#8221;Neem contact op met&#8221; _builder_version=&#8221;4.18.0&#8243; _module_preset=&#8221;default&#8221; global_colors_info=&#8221;{}&#8221;][\/et_pb_cta][et_pb_divider show_divider=&#8221;off&#8221; _builder_version=&#8221;4.18.0&#8243; _module_preset=&#8221;default&#8221; global_colors_info=&#8221;{}&#8221;][\/et_pb_divider][et_pb_text _builder_version=&#8221;4.27.3&#8243; _module_preset=&#8221;default&#8221; text_orientation=&#8221;justified&#8221; global_colors_info=&#8221;{}&#8221;]<\/p>\n<h2><strong>Is het energieprestatiecertificaat verplicht in Spanje?<\/strong><\/h2>\n<h3><strong>In welke gevallen is het verplicht?<\/strong><\/h3>\n<p>Sinds juni 2013 zijn energieprestatiecertificaten volgens de Spaanse regelgeving verplicht in de volgende gevallen:<\/p>\n<ol>\n<li><strong>Verkoop van onroerend goed<\/strong>: Als u een woning wilt verkopen, is het essentieel om het certificaat te hebben voordat u de koopovereenkomst formaliseert.<\/li>\n<li><strong>Verhuur van onroerend goed<\/strong>: Eigenaren die hun onroerend goed willen verhuren, moeten dit certificaat aan de huurder verstrekken.<\/li>\n<li><strong>Nieuwe gebouwen<\/strong>: Alle nieuwe gebouwen moeten vanaf het moment van bouw over dit document beschikken.<\/li>\n<\/ol>\n<p>Bovendien moet het certificaat bij de bevoegde instantie in elke autonome gemeenschap worden geregistreerd om geldig te zijn.<\/p>\n<p>Voor meer informatie over de huidige regelgeving en de gevallen waarin een energieprestatiecertificaat vereist is, kunt u de offici\u00eble informatie raadplegen op de <strong><a rel=\"noopener\" target=\"_new\" href=\"https:\/\/www.miteco.gob.es\/es.html\">website van het Ministerie van Ecologische Transitie en Demografische Uitdaging.<\/a><\/strong><\/p>\n<p>&nbsp;<\/p>\n<h3><strong>Zijn er uitzonderingen?<\/strong><\/h3>\n<p>Ja, de regelgeving sluit bepaalde soorten onroerend goed uit van deze verplichting, zoals:<\/p>\n<ul>\n<li>Gebouwen of monumenten die vanwege hun architectonische of historische waarde worden beschermd.<\/li>\n<li>Tijdelijke constructies met een gebruiksduur van minder dan twee jaar.<\/li>\n<li>Industri\u00eble of agrarische gebouwen die bestemd zijn voor niet-residentieel gebruik.<\/li>\n<li>Woningen die minder dan vier maanden per jaar worden gebruikt.<\/li>\n<\/ul>\n<p>Als u twijfelt of uw woning onder een van deze categorie\u00ebn valt, is het raadzaam om een gekwalificeerde professional te raadplegen.<\/p>\n<h2><\/h2>\n<h2><strong>Hoe verkrijgt u een energieprestatiecertificaat?<\/strong><\/h2>\n<h3><strong>Stappen om het te verkrijgen<\/strong><\/h3>\n<p>Het proces om dit certificaat te verkrijgen is eenvoudig en bestaat uit slechts enkele stappen:<\/p>\n<ol>\n<li><strong>Huur een gecertificeerde technicus in<\/strong>: dit kan een <a href=\"https:\/\/vellomonfortarquitectes.com\/nl\/\"><strong>architect<\/strong><\/a>, bouwkundig ingenieur of erkend ingenieur zijn.<\/li>\n<li><strong>Inspectie van het pand<\/strong>: De technicus zal het pand bezoeken om elementen zoals thermische isolatie, klimaatbeheersingssystemen en verlichting te beoordelen.<\/li>\n<li><strong>Afgifte van het certificaat<\/strong>: Na de analyse wordt het document met de energieprestatie en eventuele aanbevelingen gegenereerd.<\/li>\n<li><strong>Offici\u00eble registratie<\/strong>: Het is verplicht om het certificaat te registreren bij de bevoegde instantie van uw autonome gemeenschap.<\/li>\n<\/ol>\n<h2><\/h2>\n<h2><strong>Wat zijn de gevolgen als je het certificaat niet hebt?<\/strong><\/h2>\n<p>Als u dit document niet bij u heeft in gevallen waarin dit verplicht is, kunt u een boete krijgen die varieert van <strong>300 tot 6.000 euro<\/strong>, afhankelijk van de ernst van de overtreding. Bovendien kunt u zonder het certificaat de verkoop of verhuur van het onroerend goed niet formaliseren, wat uw plannen aanzienlijk kan vertragen. <\/p>\n<h2><\/h2>\n<h2><strong>Voordelen van het energieprestatiecertificaat<\/strong><\/h2>\n<p>Hoewel het misschien een extra formaliteit lijkt, biedt dit certificaat tal van voordelen voor zowel eigenaren als kopers of huurders:<\/p>\n<h3><strong>Voor eigenaren<\/strong><\/h3>\n<ul>\n<li><strong>Hogere marktwaarde<\/strong>: Een hoge energieclassificatie verhoogt de aantrekkelijkheid van het onroerend goed.<\/li>\n<li><strong>Kostenbesparing<\/strong>: De aanbevelingen in het certificaat kunnen u helpen uw energieverbruik te verminderen.<\/li>\n<\/ul>\n<h3><strong>Voor kopers of huurders<\/strong><\/h3>\n<ul>\n<li><strong>Duidelijke informatie<\/strong>: u weet vooraf wat de energiekosten zijn voordat u het pand koopt of huurt.<\/li>\n<li><strong>Duurzaam engagement<\/strong>: Bevordert de invoering van milieuvriendelijke praktijken.<\/li>\n<\/ul>\n<h2><\/h2>\n<h2><strong>Hoe kunt u de energie-effici\u00ebntie van uw pand verbeteren?<\/strong><\/h2>\n<p>Als uw pand een lage score krijgt, kunt u verschillende verbeteringen doorvoeren om de energieprestatie te optimaliseren:<\/p>\n<ul>\n<li><strong>Thermische isolatie<\/strong>: Verbeter de muren, ramen en daken om warmteverlies te voorkomen.<\/li>\n<li><strong>Effici\u00ebnte verwarmings- en koelsystemen<\/strong>: Vervang oude apparatuur door moderne en duurzame alternatieven.<\/li>\n<li><strong>LED-verlichting<\/strong>: vermindert het energieverbruik voor de verlichting in huis.<\/li>\n<li><strong>Installatie van zonnepanelen<\/strong>: een uitstekende keuze voor het opwekken van hernieuwbare energie.<\/li>\n<\/ul>\n<p>Investeren in deze verbeteringen zal niet alleen de energieprestatie van uw woning verhogen, maar ook uw energierekening verlagen.<\/p>\n<p>[\/et_pb_text][\/et_pb_column][\/et_pb_row][et_pb_row _builder_version=&#8221;4.27.4&#8243; _module_preset=&#8221;default&#8221; module_alignment=&#8221;center&#8221; global_colors_info=&#8221;{}&#8221; locked=&#8221;off&#8221;][et_pb_column type=&#8221;4_4&#8243; _builder_version=&#8221;4.27.4&#8243; _module_preset=&#8221;default&#8221; global_colors_info=&#8221;{}&#8221;][et_pb_code _builder_version=&#8221;4.27.4&#8243; _module_preset=&#8221;default&#8221; text_orientation=&#8221;center&#8221; global_colors_info=&#8221;{}&#8221;]<\/p>\n<div class=\"author-box\" style=\"border: 1px solid #e0e0e0; padding: 20px; margin-top: 40px; border-radius: 12px; max-width: 600px; text-align: center; margin-left: auto; margin-right: auto;\"><!-- [et_pb_line_break_holder] -->  <img loading=\"lazy\" decoding=\"async\" src=\"https:\/\/vellomonfortarquitectes.com\/wp-content\/uploads\/2020\/11\/joseantonio.jpg\" alt=\"Jos\u00e9 Antonio Vell\u00f3, erkend architect in Gand\u00eda\" width=\"120\" height=\"120\" style=\"border-radius: 50%; object-fit: cover; margin-bottom: 15px;\"><!-- [et_pb_line_break_holder] -->  <\/p>\n<h3 style=\"margin: 0 0 10px;\">Over de auteur: Jos\u00e9 Antonio Vell\u00f3<\/h3>\n<p><!-- [et_pb_line_break_holder] -->  <pee style=\"margin: 0 0 10px;\"><!-- [et_pb_line_break_holder] --> Architect, lid van de <strong>COACV <\/strong>en medeoprichter van <strong>Vell\u00f3 Monfort Arquitectes<\/strong>. Hij heeft meer dan 20 jaar ervaring in het ontwerpen, renoveren en technisch leiden van residenti\u00eble en openbare projecten in de <strong>regio Valencia<\/strong>. <!-- [et_pb_line_break_holder] -->  <\/pee><!-- [et_pb_line_break_holder] -->  <pee style=\"margin: 0 0 10px;\"><!-- [et_pb_line_break_holder] --> Specialist in stedenbouwkundige regelgeving, energie-effici\u00ebntie en integraal bouwbeheer voor particulieren, projectontwikkelaars en overheidsinstanties.<!-- [et_pb_line_break_holder] -->  <\/pee><!-- [et_pb_line_break_holder] -->  <pee style=\"margin: 0 0 10px;\"><!-- [et_pb_line_break_holder] -->    <a href=\"https:\/\/vellomonfortarquitectes.com\/nl\/architectuur-studio-gandia\/\" style=\"color: #005599; text-decoration: underline;\">Meer informatie over het onderzoek<\/a> | <!-- [et_pb_line_break_holder] --> <a href=\"https:\/\/www.linkedin.com\/in\/jos%C3%A9-antonio-vell%C3%B3-ribes-aba23027?originalSubdomain=es\" target=\"_blank\" rel=\"noopener\" style=\"color: #005599; text-decoration: underline;\">LinkedIn-profiel<\/a><!-- [et_pb_line_break_holder] -->  <\/pee><!-- [et_pb_line_break_holder] --><\/div>\n<p><!-- [et_pb_line_break_holder] -->[\/et_pb_code][\/et_pb_column][\/et_pb_row][\/et_pb_section]<\/p>\n","protected":false},"excerpt":{"rendered":"<p>Energie-effici\u00ebntie wordt een steeds belangrijker onderwerp bij de bouw en het ontwerp van gebouwen. Als u overweegt een woning te verkopen, te verhuren of te renoveren, vraagt u zich waarschijnlijk af: is een energieprestatiecertificaat verplicht in Spanje? In dit artikel geven we antwoord op al uw vragen over dit document, het belang ervan en wanneer [&hellip;]<\/p>\n","protected":false},"author":5,"featured_media":15085,"comment_status":"closed","ping_status":"open","sticky":false,"template":"","format":"standard","meta":{"_et_pb_use_builder":"on","_et_pb_old_content":"","_et_gb_content_width":"","footnotes":""},"categories":[214],"tags":[],"class_list":["post-15084","post","type-post","status-publish","format-standard","has-post-thumbnail","hentry","category-blog-nl"],"yoast_head":"<!-- This site is optimized with the Yoast SEO plugin v27.5 - https:\/\/yoast.com\/product\/yoast-seo-wordpress\/ -->\n<title>Is het energieprestatiecertificaat verplicht in Spanje?<\/title>\n<meta name=\"description\" content=\"Ontdek of het energieprestatiecertificaat verplicht is in Spanje en wanneer u het voor uw woning moet aanvragen.\" \/>\n<meta name=\"robots\" content=\"index, follow, max-snippet:-1, max-image-preview:large, max-video-preview:-1\" \/>\n<link rel=\"canonical\" href=\"https:\/\/vellomonfortarquitectes.com\/nl\/is-het-energieprestatiecertificaat-verplicht-in-spanje\/\" \/>\n<meta property=\"og:locale\" content=\"nl_NL\" \/>\n<meta property=\"og:type\" content=\"article\" \/>\n<meta property=\"og:title\" content=\"Is het energieprestatiecertificaat verplicht in Spanje?\" \/>\n<meta property=\"og:description\" content=\"Ontdek of het energieprestatiecertificaat verplicht is in Spanje en wanneer u het voor uw woning moet aanvragen.\" \/>\n<meta property=\"og:url\" content=\"https:\/\/vellomonfortarquitectes.com\/nl\/is-het-energieprestatiecertificaat-verplicht-in-spanje\/\" \/>\n<meta property=\"og:site_name\" content=\"Vello Arquitectura\" \/>\n<meta property=\"article:published_time\" content=\"2024-12-02T09:58:27+00:00\" \/>\n<meta property=\"article:modified_time\" content=\"2025-08-22T11:59:00+00:00\" \/>\n<meta property=\"og:image\" content=\"https:\/\/vellomonfortarquitectes.com\/wp-content\/uploads\/2024\/11\/Es-obligatorio-el-certificado-de-eficiencia-energetica-en-Espana.jpg\" \/>\n\t<meta property=\"og:image:width\" content=\"747\" \/>\n\t<meta property=\"og:image:height\" content=\"497\" \/>\n\t<meta property=\"og:image:type\" content=\"image\/jpeg\" \/>\n<meta name=\"author\" content=\"lafabricadelseo\" \/>\n<meta name=\"twitter:card\" content=\"summary_large_image\" \/>\n<meta name=\"twitter:label1\" content=\"Geschreven door\" \/>\n\t<meta name=\"twitter:data1\" content=\"lafabricadelseo\" \/>\n\t<meta name=\"twitter:label2\" content=\"Geschatte leestijd\" \/>\n\t<meta name=\"twitter:data2\" content=\"5 minuten\" \/>\n<script type=\"application\/ld+json\" class=\"yoast-schema-graph\">{\"@context\":\"https:\\\/\\\/schema.org\",\"@graph\":[{\"@type\":\"Article\",\"@id\":\"https:\\\/\\\/vellomonfortarquitectes.com\\\/nl\\\/is-het-energieprestatiecertificaat-verplicht-in-spanje\\\/#article\",\"isPartOf\":{\"@id\":\"https:\\\/\\\/vellomonfortarquitectes.com\\\/nl\\\/is-het-energieprestatiecertificaat-verplicht-in-spanje\\\/\"},\"author\":{\"name\":\"lafabricadelseo\",\"@id\":\"https:\\\/\\\/vellomonfortarquitectes.com\\\/nl\\\/#\\\/schema\\\/person\\\/0cf5fa332e5ca91d37387f50327aca40\"},\"headline\":\"Is het energieprestatiecertificaat verplicht in Spanje?\",\"datePublished\":\"2024-12-02T09:58:27+00:00\",\"dateModified\":\"2025-08-22T11:59:00+00:00\",\"mainEntityOfPage\":{\"@id\":\"https:\\\/\\\/vellomonfortarquitectes.com\\\/nl\\\/is-het-energieprestatiecertificaat-verplicht-in-spanje\\\/\"},\"wordCount\":993,\"image\":{\"@id\":\"https:\\\/\\\/vellomonfortarquitectes.com\\\/nl\\\/is-het-energieprestatiecertificaat-verplicht-in-spanje\\\/#primaryimage\"},\"thumbnailUrl\":\"https:\\\/\\\/vellomonfortarquitectes.com\\\/wp-content\\\/uploads\\\/2024\\\/11\\\/Es-obligatorio-el-certificado-de-eficiencia-energetica-en-Espana.jpg\",\"articleSection\":[\"Blog\"],\"inLanguage\":\"nl-NL\"},{\"@type\":\"WebPage\",\"@id\":\"https:\\\/\\\/vellomonfortarquitectes.com\\\/nl\\\/is-het-energieprestatiecertificaat-verplicht-in-spanje\\\/\",\"url\":\"https:\\\/\\\/vellomonfortarquitectes.com\\\/nl\\\/is-het-energieprestatiecertificaat-verplicht-in-spanje\\\/\",\"name\":\"Is het energieprestatiecertificaat verplicht in Spanje?\",\"isPartOf\":{\"@id\":\"https:\\\/\\\/vellomonfortarquitectes.com\\\/nl\\\/#website\"},\"primaryImageOfPage\":{\"@id\":\"https:\\\/\\\/vellomonfortarquitectes.com\\\/nl\\\/is-het-energieprestatiecertificaat-verplicht-in-spanje\\\/#primaryimage\"},\"image\":{\"@id\":\"https:\\\/\\\/vellomonfortarquitectes.com\\\/nl\\\/is-het-energieprestatiecertificaat-verplicht-in-spanje\\\/#primaryimage\"},\"thumbnailUrl\":\"https:\\\/\\\/vellomonfortarquitectes.com\\\/wp-content\\\/uploads\\\/2024\\\/11\\\/Es-obligatorio-el-certificado-de-eficiencia-energetica-en-Espana.jpg\",\"datePublished\":\"2024-12-02T09:58:27+00:00\",\"dateModified\":\"2025-08-22T11:59:00+00:00\",\"author\":{\"@id\":\"https:\\\/\\\/vellomonfortarquitectes.com\\\/nl\\\/#\\\/schema\\\/person\\\/0cf5fa332e5ca91d37387f50327aca40\"},\"description\":\"Ontdek of het energieprestatiecertificaat verplicht is in Spanje en wanneer u het voor uw woning moet aanvragen.\",\"breadcrumb\":{\"@id\":\"https:\\\/\\\/vellomonfortarquitectes.com\\\/nl\\\/is-het-energieprestatiecertificaat-verplicht-in-spanje\\\/#breadcrumb\"},\"inLanguage\":\"nl-NL\",\"potentialAction\":[{\"@type\":\"ReadAction\",\"target\":[\"https:\\\/\\\/vellomonfortarquitectes.com\\\/nl\\\/is-het-energieprestatiecertificaat-verplicht-in-spanje\\\/\"]}]},{\"@type\":\"ImageObject\",\"inLanguage\":\"nl-NL\",\"@id\":\"https:\\\/\\\/vellomonfortarquitectes.com\\\/nl\\\/is-het-energieprestatiecertificaat-verplicht-in-spanje\\\/#primaryimage\",\"url\":\"https:\\\/\\\/vellomonfortarquitectes.com\\\/wp-content\\\/uploads\\\/2024\\\/11\\\/Es-obligatorio-el-certificado-de-eficiencia-energetica-en-Espana.jpg\",\"contentUrl\":\"https:\\\/\\\/vellomonfortarquitectes.com\\\/wp-content\\\/uploads\\\/2024\\\/11\\\/Es-obligatorio-el-certificado-de-eficiencia-energetica-en-Espana.jpg\",\"width\":747,\"height\":497},{\"@type\":\"BreadcrumbList\",\"@id\":\"https:\\\/\\\/vellomonfortarquitectes.com\\\/nl\\\/is-het-energieprestatiecertificaat-verplicht-in-spanje\\\/#breadcrumb\",\"itemListElement\":[{\"@type\":\"ListItem\",\"position\":1,\"name\":\"Portada\",\"item\":\"https:\\\/\\\/vellomonfortarquitectes.com\\\/nl\\\/\"},{\"@type\":\"ListItem\",\"position\":2,\"name\":\"Is het energieprestatiecertificaat verplicht in Spanje?\"}]},{\"@type\":\"WebSite\",\"@id\":\"https:\\\/\\\/vellomonfortarquitectes.com\\\/nl\\\/#website\",\"url\":\"https:\\\/\\\/vellomonfortarquitectes.com\\\/nl\\\/\",\"name\":\"Vello Arquitectura\",\"description\":\"\",\"potentialAction\":[{\"@type\":\"SearchAction\",\"target\":{\"@type\":\"EntryPoint\",\"urlTemplate\":\"https:\\\/\\\/vellomonfortarquitectes.com\\\/nl\\\/?s={search_term_string}\"},\"query-input\":{\"@type\":\"PropertyValueSpecification\",\"valueRequired\":true,\"valueName\":\"search_term_string\"}}],\"inLanguage\":\"nl-NL\"},{\"@type\":\"Person\",\"@id\":\"https:\\\/\\\/vellomonfortarquitectes.com\\\/nl\\\/#\\\/schema\\\/person\\\/0cf5fa332e5ca91d37387f50327aca40\",\"name\":\"lafabricadelseo\",\"image\":{\"@type\":\"ImageObject\",\"inLanguage\":\"nl-NL\",\"@id\":\"https:\\\/\\\/secure.gravatar.com\\\/avatar\\\/a00b480fd278f47b8d479384a393728bed1433f6a331895d10f67aa59337cbfc?s=96&d=mm&r=g\",\"url\":\"https:\\\/\\\/secure.gravatar.com\\\/avatar\\\/a00b480fd278f47b8d479384a393728bed1433f6a331895d10f67aa59337cbfc?s=96&d=mm&r=g\",\"contentUrl\":\"https:\\\/\\\/secure.gravatar.com\\\/avatar\\\/a00b480fd278f47b8d479384a393728bed1433f6a331895d10f67aa59337cbfc?s=96&d=mm&r=g\",\"caption\":\"lafabricadelseo\"}}]}<\/script>\n<!-- \/ Yoast SEO plugin. -->","yoast_head_json":{"title":"Is het energieprestatiecertificaat verplicht in Spanje?","description":"Ontdek of het energieprestatiecertificaat verplicht is in Spanje en wanneer u het voor uw woning moet aanvragen.","robots":{"index":"index","follow":"follow","max-snippet":"max-snippet:-1","max-image-preview":"max-image-preview:large","max-video-preview":"max-video-preview:-1"},"canonical":"https:\/\/vellomonfortarquitectes.com\/nl\/is-het-energieprestatiecertificaat-verplicht-in-spanje\/","og_locale":"nl_NL","og_type":"article","og_title":"Is het energieprestatiecertificaat verplicht in Spanje?","og_description":"Ontdek of het energieprestatiecertificaat verplicht is in Spanje en wanneer u het voor uw woning moet aanvragen.","og_url":"https:\/\/vellomonfortarquitectes.com\/nl\/is-het-energieprestatiecertificaat-verplicht-in-spanje\/","og_site_name":"Vello Arquitectura","article_published_time":"2024-12-02T09:58:27+00:00","article_modified_time":"2025-08-22T11:59:00+00:00","og_image":[{"width":747,"height":497,"url":"https:\/\/vellomonfortarquitectes.com\/wp-content\/uploads\/2024\/11\/Es-obligatorio-el-certificado-de-eficiencia-energetica-en-Espana.jpg","type":"image\/jpeg"}],"author":"lafabricadelseo","twitter_card":"summary_large_image","twitter_misc":{"Geschreven door":"lafabricadelseo","Geschatte leestijd":"5 minuten"},"schema":{"@context":"https:\/\/schema.org","@graph":[{"@type":"Article","@id":"https:\/\/vellomonfortarquitectes.com\/nl\/is-het-energieprestatiecertificaat-verplicht-in-spanje\/#article","isPartOf":{"@id":"https:\/\/vellomonfortarquitectes.com\/nl\/is-het-energieprestatiecertificaat-verplicht-in-spanje\/"},"author":{"name":"lafabricadelseo","@id":"https:\/\/vellomonfortarquitectes.com\/nl\/#\/schema\/person\/0cf5fa332e5ca91d37387f50327aca40"},"headline":"Is het energieprestatiecertificaat verplicht in Spanje?","datePublished":"2024-12-02T09:58:27+00:00","dateModified":"2025-08-22T11:59:00+00:00","mainEntityOfPage":{"@id":"https:\/\/vellomonfortarquitectes.com\/nl\/is-het-energieprestatiecertificaat-verplicht-in-spanje\/"},"wordCount":993,"image":{"@id":"https:\/\/vellomonfortarquitectes.com\/nl\/is-het-energieprestatiecertificaat-verplicht-in-spanje\/#primaryimage"},"thumbnailUrl":"https:\/\/vellomonfortarquitectes.com\/wp-content\/uploads\/2024\/11\/Es-obligatorio-el-certificado-de-eficiencia-energetica-en-Espana.jpg","articleSection":["Blog"],"inLanguage":"nl-NL"},{"@type":"WebPage","@id":"https:\/\/vellomonfortarquitectes.com\/nl\/is-het-energieprestatiecertificaat-verplicht-in-spanje\/","url":"https:\/\/vellomonfortarquitectes.com\/nl\/is-het-energieprestatiecertificaat-verplicht-in-spanje\/","name":"Is het energieprestatiecertificaat verplicht in Spanje?","isPartOf":{"@id":"https:\/\/vellomonfortarquitectes.com\/nl\/#website"},"primaryImageOfPage":{"@id":"https:\/\/vellomonfortarquitectes.com\/nl\/is-het-energieprestatiecertificaat-verplicht-in-spanje\/#primaryimage"},"image":{"@id":"https:\/\/vellomonfortarquitectes.com\/nl\/is-het-energieprestatiecertificaat-verplicht-in-spanje\/#primaryimage"},"thumbnailUrl":"https:\/\/vellomonfortarquitectes.com\/wp-content\/uploads\/2024\/11\/Es-obligatorio-el-certificado-de-eficiencia-energetica-en-Espana.jpg","datePublished":"2024-12-02T09:58:27+00:00","dateModified":"2025-08-22T11:59:00+00:00","author":{"@id":"https:\/\/vellomonfortarquitectes.com\/nl\/#\/schema\/person\/0cf5fa332e5ca91d37387f50327aca40"},"description":"Ontdek of het energieprestatiecertificaat verplicht is in Spanje en wanneer u het voor uw woning moet aanvragen.","breadcrumb":{"@id":"https:\/\/vellomonfortarquitectes.com\/nl\/is-het-energieprestatiecertificaat-verplicht-in-spanje\/#breadcrumb"},"inLanguage":"nl-NL","potentialAction":[{"@type":"ReadAction","target":["https:\/\/vellomonfortarquitectes.com\/nl\/is-het-energieprestatiecertificaat-verplicht-in-spanje\/"]}]},{"@type":"ImageObject","inLanguage":"nl-NL","@id":"https:\/\/vellomonfortarquitectes.com\/nl\/is-het-energieprestatiecertificaat-verplicht-in-spanje\/#primaryimage","url":"https:\/\/vellomonfortarquitectes.com\/wp-content\/uploads\/2024\/11\/Es-obligatorio-el-certificado-de-eficiencia-energetica-en-Espana.jpg","contentUrl":"https:\/\/vellomonfortarquitectes.com\/wp-content\/uploads\/2024\/11\/Es-obligatorio-el-certificado-de-eficiencia-energetica-en-Espana.jpg","width":747,"height":497},{"@type":"BreadcrumbList","@id":"https:\/\/vellomonfortarquitectes.com\/nl\/is-het-energieprestatiecertificaat-verplicht-in-spanje\/#breadcrumb","itemListElement":[{"@type":"ListItem","position":1,"name":"Portada","item":"https:\/\/vellomonfortarquitectes.com\/nl\/"},{"@type":"ListItem","position":2,"name":"Is het energieprestatiecertificaat verplicht in Spanje?"}]},{"@type":"WebSite","@id":"https:\/\/vellomonfortarquitectes.com\/nl\/#website","url":"https:\/\/vellomonfortarquitectes.com\/nl\/","name":"Vello Arquitectura","description":"","potentialAction":[{"@type":"SearchAction","target":{"@type":"EntryPoint","urlTemplate":"https:\/\/vellomonfortarquitectes.com\/nl\/?s={search_term_string}"},"query-input":{"@type":"PropertyValueSpecification","valueRequired":true,"valueName":"search_term_string"}}],"inLanguage":"nl-NL"},{"@type":"Person","@id":"https:\/\/vellomonfortarquitectes.com\/nl\/#\/schema\/person\/0cf5fa332e5ca91d37387f50327aca40","name":"lafabricadelseo","image":{"@type":"ImageObject","inLanguage":"nl-NL","@id":"https:\/\/secure.gravatar.com\/avatar\/a00b480fd278f47b8d479384a393728bed1433f6a331895d10f67aa59337cbfc?s=96&d=mm&r=g","url":"https:\/\/secure.gravatar.com\/avatar\/a00b480fd278f47b8d479384a393728bed1433f6a331895d10f67aa59337cbfc?s=96&d=mm&r=g","contentUrl":"https:\/\/secure.gravatar.com\/avatar\/a00b480fd278f47b8d479384a393728bed1433f6a331895d10f67aa59337cbfc?s=96&d=mm&r=g","caption":"lafabricadelseo"}}]}},"_links":{"self":[{"href":"https:\/\/vellomonfortarquitectes.com\/nl\/wp-json\/wp\/v2\/posts\/15084","targetHints":{"allow":["GET"]}}],"collection":[{"href":"https:\/\/vellomonfortarquitectes.com\/nl\/wp-json\/wp\/v2\/posts"}],"about":[{"href":"https:\/\/vellomonfortarquitectes.com\/nl\/wp-json\/wp\/v2\/types\/post"}],"author":[{"embeddable":true,"href":"https:\/\/vellomonfortarquitectes.com\/nl\/wp-json\/wp\/v2\/users\/5"}],"replies":[{"embeddable":true,"href":"https:\/\/vellomonfortarquitectes.com\/nl\/wp-json\/wp\/v2\/comments?post=15084"}],"version-history":[{"count":7,"href":"https:\/\/vellomonfortarquitectes.com\/nl\/wp-json\/wp\/v2\/posts\/15084\/revisions"}],"predecessor-version":[{"id":15484,"href":"https:\/\/vellomonfortarquitectes.com\/nl\/wp-json\/wp\/v2\/posts\/15084\/revisions\/15484"}],"wp:featuredmedia":[{"embeddable":true,"href":"https:\/\/vellomonfortarquitectes.com\/nl\/wp-json\/wp\/v2\/media\/15085"}],"wp:attachment":[{"href":"https:\/\/vellomonfortarquitectes.com\/nl\/wp-json\/wp\/v2\/media?parent=15084"}],"wp:term":[{"taxonomy":"category","embeddable":true,"href":"https:\/\/vellomonfortarquitectes.com\/nl\/wp-json\/wp\/v2\/categories?post=15084"},{"taxonomy":"post_tag","embeddable":true,"href":"https:\/\/vellomonfortarquitectes.com\/nl\/wp-json\/wp\/v2\/tags?post=15084"}],"curies":[{"name":"wp","href":"https:\/\/api.w.org\/{rel}","templated":true}]}}