{"id":15092,"date":"2024-12-11T10:35:28","date_gmt":"2024-12-11T10:35:28","guid":{"rendered":"https:\/\/vellomonfortarquitectes.com\/architectuur-van-calpe-tussen-traditie-en-avant-garde\/"},"modified":"2025-08-22T11:57:14","modified_gmt":"2025-08-22T11:57:14","slug":"architectuur-van-calpe-tussen-traditie-en-avant-garde","status":"publish","type":"post","link":"https:\/\/vellomonfortarquitectes.com\/nl\/architectuur-van-calpe-tussen-traditie-en-avant-garde\/","title":{"rendered":"Architectuur van Calpe: tussen traditie en avant-garde"},"content":{"rendered":"<p>[et_pb_section fb_built=&#8221;1&#8243; _builder_version=&#8221;4.16&#8243; global_colors_info=&#8221;{}&#8221;][et_pb_row _builder_version=&#8221;4.16&#8243; background_size=&#8221;initial&#8221; background_position=&#8221;top_left&#8221; background_repeat=&#8221;repeat&#8221; global_colors_info=&#8221;{}&#8221;][et_pb_column type=&#8221;4_4&#8243; _builder_version=&#8221;4.16&#8243; custom_padding=&#8221;|||&#8221; global_colors_info=&#8221;{}&#8221; custom_padding__hover=&#8221;|||&#8221;][et_pb_text _builder_version=&#8221;4.27.3&#8243; background_size=&#8221;initial&#8221; background_position=&#8221;top_left&#8221; background_repeat=&#8221;repeat&#8221; text_orientation=&#8221;justified&#8221; global_colors_info=&#8221;{}&#8221;]<\/p>\n<p>Calpe, gelegen in het hart van de Costa Blanca, is een referentiepunt op het gebied van zowel natuurlijke schoonheid als architectonische innovatie. De gebouwen weerspiegelen een evenwicht tussen het behoud van het culturele erfgoed en de toepassing van avant-gardistische benaderingen die de moderne skyline bepalen. Hieronder gaan we na hoe de architectuur van Calpe traditie en moderniteit combineert en hoe architecten zich hebben weten aan te passen aan deze unieke omgeving.  <\/p>\n<p>[\/et_pb_text][et_pb_divider show_divider=&#8221;off&#8221; _builder_version=&#8221;4.18.0&#8243; _module_preset=&#8221;default&#8221; global_colors_info=&#8221;{}&#8221;][\/et_pb_divider][et_pb_cta title=&#8221;Neem contact op met onze architectuurstudio&#8221; button_url=&#8221;https:\/\/vellomonfortarquitectes.com\/nl\/contact\/&#8221; button_text=&#8221;Neem contact op met&#8221; _builder_version=&#8221;4.18.0&#8243; _module_preset=&#8221;default&#8221; global_colors_info=&#8221;{}&#8221;][\/et_pb_cta][et_pb_divider show_divider=&#8221;off&#8221; _builder_version=&#8221;4.18.0&#8243; _module_preset=&#8221;default&#8221; global_colors_info=&#8221;{}&#8221;][\/et_pb_divider][et_pb_text _builder_version=&#8221;4.27.3&#8243; _module_preset=&#8221;default&#8221; text_orientation=&#8221;justified&#8221; global_colors_info=&#8221;{}&#8221;]<\/p>\n<h2><strong>Geschiedenis en traditie in de architectuur van Calpe<\/strong><\/h2>\n<p>De oude binnenstad van Calpe is een uitstekend voorbeeld van traditionele mediterrane architectuur. De witgekalkte huizen, binnenplaatsen en geplaveide straatjes roepen een rustige en tijdloze sfeer op. Deze gebouwen waren ontworpen om het warme klimaat het hoofd te bieden, met dikke muren die de woningen in de zomer koel hielden.  <\/p>\n<h3><strong>Opvallende voorbeelden van traditionele architectuur<\/strong><\/h3>\n<ul>\n<li><strong>De oude kerk:<\/strong> Deze kerk ligt in het historische centrum en is een duidelijk voorbeeld van de middeleeuwse architectuur in deze streek.<\/li>\n<li><strong>Torre\u00f3n de la Pe\u00e7a:<\/strong> Onderdeel van de oude verdedigingswerken van Calpe, die de stad beschermden tegen aanvallen van piraten.<\/li>\n<li><strong>Witgekalkte huizen in de oude binnenstad:<\/strong> Deze huizen vallen op door hun eenvoudige en functionele gevels, met kleuraccenten die karakter geven aan het stadsbeeld.<\/li>\n<\/ul>\n<p>Als u ge\u00efnteresseerd bent in hoe wij dit soort architectuur nieuw leven inblazen, bekijk dan onze <a rel=\"noopener\" target=\"_new\"><span>renova<\/span><span>tie<\/span><span>projecten<\/span><\/a>.<\/p>\n<h2><strong>Moderniteit en avant-garde: de impact van Ricardo Bofill<\/strong><\/h2>\n<p>Sinds het midden van de twintigste eeuw is Calpe een trekpleister geworden voor liefhebbers van moderne architectuur, vooral dankzij het werk van de beroemde architect <strong>Ricardo Bofill<\/strong>. Zijn bouwwerken vallen niet alleen op door hun gedurfde esthetiek, maar ook door hun vermogen om op te gaan in de natuurlijke omgeving van het gebied. <\/p>\n<h3><strong>Iconische werken van Bofill in Calpe<\/strong><\/h3>\n<ul>\n<li><strong>Muralla Roja:<\/strong> Dit gebouw, ge\u00efnspireerd op de kasbahs van Noord-Afrika, combineert gedurfde geometrische vormen met kleuren die contrasteren met het blauw van de lucht en de zee. Het is een van de meest gefotografeerde projecten van de Costa Blanca. Meer details over het ontwerp vindt u op <strong><a href=\"https:\/\/www.archdaily.com\/\">ArchDaily<\/a><\/strong>.  <\/li>\n<li><strong>Xanad\u00fa-gebouw:<\/strong> een futuristisch ontwerp dat de mediterrane brutaliteit weerspiegelt.<\/li>\n<li><strong>Complejo La Manzanera:<\/strong> Een visie op duurzame stedenbouw, ontworpen om zich aan te passen aan de omstandigheden van het rotsachtige terrein.<\/li>\n<\/ul>\n<p>Als u meer wilt weten over hoe hedendaagse architectuur Calpe transformeert, bekijk dan onze <a href=\"https:\/\/vellomonfortarquitectes.com\/nl\/architecten-calpe\/\"><strong>architectuurdiensten in Calpe<\/strong><\/a>.<\/p>\n<h2><strong>Duurzame stedenbouw: evenwicht tussen natuur en design<\/strong><\/h2>\n<p>De stedelijke groei van Calpe heeft voor aanzienlijke uitdagingen gezorgd. De noodzaak om de natuurlijke omgeving te behouden, met name de iconische <strong>Pe\u00f1\u00f3n de Ifach<\/strong> en de <strong>Salinas<\/strong>, heeft geleid tot duurzame benaderingen in de stadsplanning. <\/p>\n<h3><strong>Voorbeelden van duurzame stedenbouw in Calpe<\/strong><\/h3>\n<ul>\n<li><strong>Ecologische wandeling Pr\u00edncipe de Asturias:<\/strong> Dit pad loopt rond de Pe\u00f1\u00f3n de Ifach en biedt toegang tot de rijke natuur zonder het ecosysteem te schaden. Ontdek meer over de natuurlijke omgeving op de <a rel=\"noopener\" target=\"_new\"><span>website <\/span><span>van <\/span><span>Parques <\/span><span>Naturales<\/span><\/a>. <\/li>\n<li><strong>Renovatie van de oude binnenstad:<\/strong> Initiatieven die traditie en moderniteit combineren, waardoor de functionaliteit van historische woningen wordt verbeterd terwijl hun essentie behouden blijft.<\/li>\n<\/ul>\n<p>Bij onze projecten in Calpe geven we prioriteit aan een ontwerp dat het milieu respecteert, waarbij we onze architectonische oplossingen aanpassen aan het unieke landschap van de regio. Lees meer op onze pagina over <a rel=\"noopener\" target=\"_new\" href=\"https:\/\/vellomonfortarquitectes.com\/nl\/architecten-calpe\/\"><span>duurzame <\/span><span>architectuur<\/span><\/a>. <\/p>\n<h2><strong>Invloed van de omgeving op het architectonisch ontwerp<\/strong><\/h2>\n<p>De natuurlijke omgeving van Calpe is niet alleen een decor, maar ook een constante bron van inspiratie voor architecten. Het uitzicht op de Middellandse Zee, het warme klimaat en de imposante aanwezigheid van de Pe\u00f1\u00f3n de Ifach hebben de architecturale stijl van het gebied bepaald. <\/p>\n<h3><strong>Kenmerken van het ontwerp be\u00efnvloed door de omgeving<\/strong><\/h3>\n<ul>\n<li><strong>Ori\u00ebntatie naar zee:<\/strong> De moderne gebouwen maximaliseren het uitzicht op zee door terrassen en grote ramen te integreren.<\/li>\n<li><strong>Gebruik van lokale materialen:<\/strong> Kalksteen en andere inheemse materialen zorgen voor een esthetische integratie in het landschap.<\/li>\n<li><strong>Bioklimatologisch ontwerp:<\/strong> Veel woningen in Calpe maken gebruik van natuurlijk licht en wind om de energie-effici\u00ebntie te verbeteren.<\/li>\n<\/ul>\n<p>Voor meer voorbeelden van hoe wij met de omgeving werken, bekijk onze <strong><a rel=\"noopener\" target=\"_new\" href=\"https:\/\/vellomonfortarquitectes.com\/nl\/nieuwbouwprojecten\/projecten-eengezinswoningen\/\">nieuwbouwprojecten<\/a><\/strong>.<\/p>\n<p>[\/et_pb_text][\/et_pb_column][\/et_pb_row][et_pb_row _builder_version=&#8221;4.27.4&#8243; _module_preset=&#8221;default&#8221; module_alignment=&#8221;center&#8221; locked=&#8221;off&#8221; global_colors_info=&#8221;{}&#8221;][et_pb_column type=&#8221;4_4&#8243; _builder_version=&#8221;4.27.4&#8243; _module_preset=&#8221;default&#8221; global_colors_info=&#8221;{}&#8221;][et_pb_code _builder_version=&#8221;4.27.4&#8243; _module_preset=&#8221;default&#8221; text_orientation=&#8221;center&#8221; global_colors_info=&#8221;{}&#8221;]<\/p>\n<div class=\"author-box\" style=\"border: 1px solid #e0e0e0; padding: 20px; margin-top: 40px; border-radius: 12px; max-width: 600px; text-align: center; margin-left: auto; margin-right: auto;\"><!-- [et_pb_line_break_holder] -->  <img loading=\"lazy\" decoding=\"async\" src=\"https:\/\/vellomonfortarquitectes.com\/wp-content\/uploads\/2020\/11\/joseantonio.jpg\" alt=\"Jos\u00e9 Antonio Vell\u00f3, erkend architect in Gand\u00eda\" width=\"120\" height=\"120\" style=\"border-radius: 50%; object-fit: cover; margin-bottom: 15px;\"><!-- [et_pb_line_break_holder] -->  <\/p>\n<h3 style=\"margin: 0 0 10px;\">Over de auteur: Jos\u00e9 Antonio Vell\u00f3<\/h3>\n<p><!-- [et_pb_line_break_holder] -->  <pee style=\"margin: 0 0 10px;\"><!-- [et_pb_line_break_holder] --> Architect, lid van de <strong>COACV <\/strong>en medeoprichter van <strong>Vell\u00f3 Monfort Arquitectes<\/strong>. Hij heeft meer dan 20 jaar ervaring in het ontwerpen, renoveren en technisch leiden van residenti\u00eble en openbare projecten in de <strong>regio Valencia<\/strong>. <!-- [et_pb_line_break_holder] -->  <\/pee><!-- [et_pb_line_break_holder] -->  <pee style=\"margin: 0 0 10px;\"><!-- [et_pb_line_break_holder] --> Specialist in stedenbouwkundige regelgeving, energie-effici\u00ebntie en integraal bouwbeheer voor particulieren, projectontwikkelaars en overheidsinstanties.<!-- [et_pb_line_break_holder] -->  <\/pee><!-- [et_pb_line_break_holder] -->  <pee style=\"margin: 0 0 10px;\"><!-- [et_pb_line_break_holder] -->    <a href=\"https:\/\/vellomonfortarquitectes.com\/nl\/architectuur-studio-gandia\/\" style=\"color: #005599; text-decoration: underline;\">Meer informatie over het onderzoek<\/a> | <!-- [et_pb_line_break_holder] --> <a href=\"https:\/\/www.linkedin.com\/in\/jos%C3%A9-antonio-vell%C3%B3-ribes-aba23027?originalSubdomain=es\" target=\"_blank\" rel=\"noopener\" style=\"color: #005599; text-decoration: underline;\">LinkedIn-profiel<\/a><!-- [et_pb_line_break_holder] -->  <\/pee><!-- [et_pb_line_break_holder] --><\/div>\n<p><!-- [et_pb_line_break_holder] -->[\/et_pb_code][\/et_pb_column][\/et_pb_row][\/et_pb_section]<\/p>\n","protected":false},"excerpt":{"rendered":"<p>Calpe, gelegen in het hart van de Costa Blanca, is een referentiepunt op het gebied van zowel natuurlijke schoonheid als architectonische innovatie. De gebouwen weerspiegelen een evenwicht tussen het behoud van het culturele erfgoed en de toepassing van avant-gardistische benaderingen die de moderne skyline bepalen. Hieronder gaan we na hoe de architectuur van Calpe traditie [&hellip;]<\/p>\n","protected":false},"author":5,"featured_media":15093,"comment_status":"closed","ping_status":"open","sticky":false,"template":"","format":"standard","meta":{"_et_pb_use_builder":"on","_et_pb_old_content":"","_et_gb_content_width":"","footnotes":""},"categories":[214,215],"tags":[],"class_list":["post-15092","post","type-post","status-publish","format-standard","has-post-thumbnail","hentry","category-blog-nl","category-calpe-nl"],"yoast_head":"<!-- This site is optimized with the Yoast SEO plugin v27.5 - https:\/\/yoast.com\/product\/yoast-seo-wordpress\/ -->\n<title>Architectuur van Calpe: tussen traditie en avant-garde<\/title>\n<meta name=\"description\" content=\"Ontdek hoe de architectuur van Calpe mediterrane traditie en moderne avant-garde combineert, met iconische en duurzame voorbeelden.\" \/>\n<meta name=\"robots\" content=\"index, follow, max-snippet:-1, max-image-preview:large, max-video-preview:-1\" \/>\n<link rel=\"canonical\" href=\"https:\/\/vellomonfortarquitectes.com\/nl\/architectuur-van-calpe-tussen-traditie-en-avant-garde\/\" \/>\n<meta property=\"og:locale\" content=\"nl_NL\" \/>\n<meta property=\"og:type\" content=\"article\" \/>\n<meta property=\"og:title\" content=\"Architectuur van Calpe: tussen traditie en avant-garde\" \/>\n<meta property=\"og:description\" content=\"Ontdek hoe de architectuur van Calpe mediterrane traditie en moderne avant-garde combineert, met iconische en duurzame voorbeelden.\" \/>\n<meta property=\"og:url\" content=\"https:\/\/vellomonfortarquitectes.com\/nl\/architectuur-van-calpe-tussen-traditie-en-avant-garde\/\" \/>\n<meta property=\"og:site_name\" content=\"Vello Arquitectura\" \/>\n<meta property=\"article:published_time\" content=\"2024-12-11T10:35:28+00:00\" \/>\n<meta property=\"article:modified_time\" content=\"2025-08-22T11:57:14+00:00\" \/>\n<meta property=\"og:image\" content=\"https:\/\/vellomonfortarquitectes.com\/wp-content\/uploads\/2024\/11\/Arquitectura-de-Calpe-Entre-la-tradicion-y-la-vanguardia.jpg\" \/>\n\t<meta property=\"og:image:width\" content=\"747\" \/>\n\t<meta property=\"og:image:height\" content=\"497\" \/>\n\t<meta property=\"og:image:type\" content=\"image\/jpeg\" \/>\n<meta name=\"author\" content=\"lafabricadelseo\" \/>\n<meta name=\"twitter:card\" content=\"summary_large_image\" \/>\n<meta name=\"twitter:label1\" content=\"Geschreven door\" \/>\n\t<meta name=\"twitter:data1\" content=\"lafabricadelseo\" \/>\n\t<meta name=\"twitter:label2\" content=\"Geschatte leestijd\" \/>\n\t<meta name=\"twitter:data2\" content=\"5 minuten\" \/>\n<script type=\"application\/ld+json\" class=\"yoast-schema-graph\">{\"@context\":\"https:\\\/\\\/schema.org\",\"@graph\":[{\"@type\":\"Article\",\"@id\":\"https:\\\/\\\/vellomonfortarquitectes.com\\\/nl\\\/architectuur-van-calpe-tussen-traditie-en-avant-garde\\\/#article\",\"isPartOf\":{\"@id\":\"https:\\\/\\\/vellomonfortarquitectes.com\\\/nl\\\/architectuur-van-calpe-tussen-traditie-en-avant-garde\\\/\"},\"author\":{\"name\":\"lafabricadelseo\",\"@id\":\"https:\\\/\\\/vellomonfortarquitectes.com\\\/nl\\\/#\\\/schema\\\/person\\\/0cf5fa332e5ca91d37387f50327aca40\"},\"headline\":\"Architectuur van Calpe: tussen traditie en avant-garde\",\"datePublished\":\"2024-12-11T10:35:28+00:00\",\"dateModified\":\"2025-08-22T11:57:14+00:00\",\"mainEntityOfPage\":{\"@id\":\"https:\\\/\\\/vellomonfortarquitectes.com\\\/nl\\\/architectuur-van-calpe-tussen-traditie-en-avant-garde\\\/\"},\"wordCount\":943,\"image\":{\"@id\":\"https:\\\/\\\/vellomonfortarquitectes.com\\\/nl\\\/architectuur-van-calpe-tussen-traditie-en-avant-garde\\\/#primaryimage\"},\"thumbnailUrl\":\"https:\\\/\\\/vellomonfortarquitectes.com\\\/wp-content\\\/uploads\\\/2024\\\/11\\\/Arquitectura-de-Calpe-Entre-la-tradicion-y-la-vanguardia.jpg\",\"articleSection\":[\"Blog\",\"Calpe\"],\"inLanguage\":\"nl-NL\"},{\"@type\":\"WebPage\",\"@id\":\"https:\\\/\\\/vellomonfortarquitectes.com\\\/nl\\\/architectuur-van-calpe-tussen-traditie-en-avant-garde\\\/\",\"url\":\"https:\\\/\\\/vellomonfortarquitectes.com\\\/nl\\\/architectuur-van-calpe-tussen-traditie-en-avant-garde\\\/\",\"name\":\"Architectuur van Calpe: tussen traditie en avant-garde\",\"isPartOf\":{\"@id\":\"https:\\\/\\\/vellomonfortarquitectes.com\\\/nl\\\/#website\"},\"primaryImageOfPage\":{\"@id\":\"https:\\\/\\\/vellomonfortarquitectes.com\\\/nl\\\/architectuur-van-calpe-tussen-traditie-en-avant-garde\\\/#primaryimage\"},\"image\":{\"@id\":\"https:\\\/\\\/vellomonfortarquitectes.com\\\/nl\\\/architectuur-van-calpe-tussen-traditie-en-avant-garde\\\/#primaryimage\"},\"thumbnailUrl\":\"https:\\\/\\\/vellomonfortarquitectes.com\\\/wp-content\\\/uploads\\\/2024\\\/11\\\/Arquitectura-de-Calpe-Entre-la-tradicion-y-la-vanguardia.jpg\",\"datePublished\":\"2024-12-11T10:35:28+00:00\",\"dateModified\":\"2025-08-22T11:57:14+00:00\",\"author\":{\"@id\":\"https:\\\/\\\/vellomonfortarquitectes.com\\\/nl\\\/#\\\/schema\\\/person\\\/0cf5fa332e5ca91d37387f50327aca40\"},\"description\":\"Ontdek hoe de architectuur van Calpe mediterrane traditie en moderne avant-garde combineert, met iconische en duurzame voorbeelden.\",\"breadcrumb\":{\"@id\":\"https:\\\/\\\/vellomonfortarquitectes.com\\\/nl\\\/architectuur-van-calpe-tussen-traditie-en-avant-garde\\\/#breadcrumb\"},\"inLanguage\":\"nl-NL\",\"potentialAction\":[{\"@type\":\"ReadAction\",\"target\":[\"https:\\\/\\\/vellomonfortarquitectes.com\\\/nl\\\/architectuur-van-calpe-tussen-traditie-en-avant-garde\\\/\"]}]},{\"@type\":\"ImageObject\",\"inLanguage\":\"nl-NL\",\"@id\":\"https:\\\/\\\/vellomonfortarquitectes.com\\\/nl\\\/architectuur-van-calpe-tussen-traditie-en-avant-garde\\\/#primaryimage\",\"url\":\"https:\\\/\\\/vellomonfortarquitectes.com\\\/wp-content\\\/uploads\\\/2024\\\/11\\\/Arquitectura-de-Calpe-Entre-la-tradicion-y-la-vanguardia.jpg\",\"contentUrl\":\"https:\\\/\\\/vellomonfortarquitectes.com\\\/wp-content\\\/uploads\\\/2024\\\/11\\\/Arquitectura-de-Calpe-Entre-la-tradicion-y-la-vanguardia.jpg\",\"width\":747,\"height\":497,\"caption\":\"Arquitectura de Calpe Entre la tradici\u00f3n y la vanguardia\"},{\"@type\":\"BreadcrumbList\",\"@id\":\"https:\\\/\\\/vellomonfortarquitectes.com\\\/nl\\\/architectuur-van-calpe-tussen-traditie-en-avant-garde\\\/#breadcrumb\",\"itemListElement\":[{\"@type\":\"ListItem\",\"position\":1,\"name\":\"Portada\",\"item\":\"https:\\\/\\\/vellomonfortarquitectes.com\\\/nl\\\/\"},{\"@type\":\"ListItem\",\"position\":2,\"name\":\"Architectuur van Calpe: tussen traditie en avant-garde\"}]},{\"@type\":\"WebSite\",\"@id\":\"https:\\\/\\\/vellomonfortarquitectes.com\\\/nl\\\/#website\",\"url\":\"https:\\\/\\\/vellomonfortarquitectes.com\\\/nl\\\/\",\"name\":\"Vello Arquitectura\",\"description\":\"\",\"potentialAction\":[{\"@type\":\"SearchAction\",\"target\":{\"@type\":\"EntryPoint\",\"urlTemplate\":\"https:\\\/\\\/vellomonfortarquitectes.com\\\/nl\\\/?s={search_term_string}\"},\"query-input\":{\"@type\":\"PropertyValueSpecification\",\"valueRequired\":true,\"valueName\":\"search_term_string\"}}],\"inLanguage\":\"nl-NL\"},{\"@type\":\"Person\",\"@id\":\"https:\\\/\\\/vellomonfortarquitectes.com\\\/nl\\\/#\\\/schema\\\/person\\\/0cf5fa332e5ca91d37387f50327aca40\",\"name\":\"lafabricadelseo\",\"image\":{\"@type\":\"ImageObject\",\"inLanguage\":\"nl-NL\",\"@id\":\"https:\\\/\\\/secure.gravatar.com\\\/avatar\\\/a00b480fd278f47b8d479384a393728bed1433f6a331895d10f67aa59337cbfc?s=96&d=mm&r=g\",\"url\":\"https:\\\/\\\/secure.gravatar.com\\\/avatar\\\/a00b480fd278f47b8d479384a393728bed1433f6a331895d10f67aa59337cbfc?s=96&d=mm&r=g\",\"contentUrl\":\"https:\\\/\\\/secure.gravatar.com\\\/avatar\\\/a00b480fd278f47b8d479384a393728bed1433f6a331895d10f67aa59337cbfc?s=96&d=mm&r=g\",\"caption\":\"lafabricadelseo\"}}]}<\/script>\n<!-- \/ Yoast SEO plugin. -->","yoast_head_json":{"title":"Architectuur van Calpe: tussen traditie en avant-garde","description":"Ontdek hoe de architectuur van Calpe mediterrane traditie en moderne avant-garde combineert, met iconische en duurzame voorbeelden.","robots":{"index":"index","follow":"follow","max-snippet":"max-snippet:-1","max-image-preview":"max-image-preview:large","max-video-preview":"max-video-preview:-1"},"canonical":"https:\/\/vellomonfortarquitectes.com\/nl\/architectuur-van-calpe-tussen-traditie-en-avant-garde\/","og_locale":"nl_NL","og_type":"article","og_title":"Architectuur van Calpe: tussen traditie en avant-garde","og_description":"Ontdek hoe de architectuur van Calpe mediterrane traditie en moderne avant-garde combineert, met iconische en duurzame voorbeelden.","og_url":"https:\/\/vellomonfortarquitectes.com\/nl\/architectuur-van-calpe-tussen-traditie-en-avant-garde\/","og_site_name":"Vello Arquitectura","article_published_time":"2024-12-11T10:35:28+00:00","article_modified_time":"2025-08-22T11:57:14+00:00","og_image":[{"width":747,"height":497,"url":"https:\/\/vellomonfortarquitectes.com\/wp-content\/uploads\/2024\/11\/Arquitectura-de-Calpe-Entre-la-tradicion-y-la-vanguardia.jpg","type":"image\/jpeg"}],"author":"lafabricadelseo","twitter_card":"summary_large_image","twitter_misc":{"Geschreven door":"lafabricadelseo","Geschatte leestijd":"5 minuten"},"schema":{"@context":"https:\/\/schema.org","@graph":[{"@type":"Article","@id":"https:\/\/vellomonfortarquitectes.com\/nl\/architectuur-van-calpe-tussen-traditie-en-avant-garde\/#article","isPartOf":{"@id":"https:\/\/vellomonfortarquitectes.com\/nl\/architectuur-van-calpe-tussen-traditie-en-avant-garde\/"},"author":{"name":"lafabricadelseo","@id":"https:\/\/vellomonfortarquitectes.com\/nl\/#\/schema\/person\/0cf5fa332e5ca91d37387f50327aca40"},"headline":"Architectuur van Calpe: tussen traditie en avant-garde","datePublished":"2024-12-11T10:35:28+00:00","dateModified":"2025-08-22T11:57:14+00:00","mainEntityOfPage":{"@id":"https:\/\/vellomonfortarquitectes.com\/nl\/architectuur-van-calpe-tussen-traditie-en-avant-garde\/"},"wordCount":943,"image":{"@id":"https:\/\/vellomonfortarquitectes.com\/nl\/architectuur-van-calpe-tussen-traditie-en-avant-garde\/#primaryimage"},"thumbnailUrl":"https:\/\/vellomonfortarquitectes.com\/wp-content\/uploads\/2024\/11\/Arquitectura-de-Calpe-Entre-la-tradicion-y-la-vanguardia.jpg","articleSection":["Blog","Calpe"],"inLanguage":"nl-NL"},{"@type":"WebPage","@id":"https:\/\/vellomonfortarquitectes.com\/nl\/architectuur-van-calpe-tussen-traditie-en-avant-garde\/","url":"https:\/\/vellomonfortarquitectes.com\/nl\/architectuur-van-calpe-tussen-traditie-en-avant-garde\/","name":"Architectuur van Calpe: tussen traditie en avant-garde","isPartOf":{"@id":"https:\/\/vellomonfortarquitectes.com\/nl\/#website"},"primaryImageOfPage":{"@id":"https:\/\/vellomonfortarquitectes.com\/nl\/architectuur-van-calpe-tussen-traditie-en-avant-garde\/#primaryimage"},"image":{"@id":"https:\/\/vellomonfortarquitectes.com\/nl\/architectuur-van-calpe-tussen-traditie-en-avant-garde\/#primaryimage"},"thumbnailUrl":"https:\/\/vellomonfortarquitectes.com\/wp-content\/uploads\/2024\/11\/Arquitectura-de-Calpe-Entre-la-tradicion-y-la-vanguardia.jpg","datePublished":"2024-12-11T10:35:28+00:00","dateModified":"2025-08-22T11:57:14+00:00","author":{"@id":"https:\/\/vellomonfortarquitectes.com\/nl\/#\/schema\/person\/0cf5fa332e5ca91d37387f50327aca40"},"description":"Ontdek hoe de architectuur van Calpe mediterrane traditie en moderne avant-garde combineert, met iconische en duurzame voorbeelden.","breadcrumb":{"@id":"https:\/\/vellomonfortarquitectes.com\/nl\/architectuur-van-calpe-tussen-traditie-en-avant-garde\/#breadcrumb"},"inLanguage":"nl-NL","potentialAction":[{"@type":"ReadAction","target":["https:\/\/vellomonfortarquitectes.com\/nl\/architectuur-van-calpe-tussen-traditie-en-avant-garde\/"]}]},{"@type":"ImageObject","inLanguage":"nl-NL","@id":"https:\/\/vellomonfortarquitectes.com\/nl\/architectuur-van-calpe-tussen-traditie-en-avant-garde\/#primaryimage","url":"https:\/\/vellomonfortarquitectes.com\/wp-content\/uploads\/2024\/11\/Arquitectura-de-Calpe-Entre-la-tradicion-y-la-vanguardia.jpg","contentUrl":"https:\/\/vellomonfortarquitectes.com\/wp-content\/uploads\/2024\/11\/Arquitectura-de-Calpe-Entre-la-tradicion-y-la-vanguardia.jpg","width":747,"height":497,"caption":"Arquitectura de Calpe Entre la tradici\u00f3n y la vanguardia"},{"@type":"BreadcrumbList","@id":"https:\/\/vellomonfortarquitectes.com\/nl\/architectuur-van-calpe-tussen-traditie-en-avant-garde\/#breadcrumb","itemListElement":[{"@type":"ListItem","position":1,"name":"Portada","item":"https:\/\/vellomonfortarquitectes.com\/nl\/"},{"@type":"ListItem","position":2,"name":"Architectuur van Calpe: tussen traditie en avant-garde"}]},{"@type":"WebSite","@id":"https:\/\/vellomonfortarquitectes.com\/nl\/#website","url":"https:\/\/vellomonfortarquitectes.com\/nl\/","name":"Vello Arquitectura","description":"","potentialAction":[{"@type":"SearchAction","target":{"@type":"EntryPoint","urlTemplate":"https:\/\/vellomonfortarquitectes.com\/nl\/?s={search_term_string}"},"query-input":{"@type":"PropertyValueSpecification","valueRequired":true,"valueName":"search_term_string"}}],"inLanguage":"nl-NL"},{"@type":"Person","@id":"https:\/\/vellomonfortarquitectes.com\/nl\/#\/schema\/person\/0cf5fa332e5ca91d37387f50327aca40","name":"lafabricadelseo","image":{"@type":"ImageObject","inLanguage":"nl-NL","@id":"https:\/\/secure.gravatar.com\/avatar\/a00b480fd278f47b8d479384a393728bed1433f6a331895d10f67aa59337cbfc?s=96&d=mm&r=g","url":"https:\/\/secure.gravatar.com\/avatar\/a00b480fd278f47b8d479384a393728bed1433f6a331895d10f67aa59337cbfc?s=96&d=mm&r=g","contentUrl":"https:\/\/secure.gravatar.com\/avatar\/a00b480fd278f47b8d479384a393728bed1433f6a331895d10f67aa59337cbfc?s=96&d=mm&r=g","caption":"lafabricadelseo"}}]}},"_links":{"self":[{"href":"https:\/\/vellomonfortarquitectes.com\/nl\/wp-json\/wp\/v2\/posts\/15092","targetHints":{"allow":["GET"]}}],"collection":[{"href":"https:\/\/vellomonfortarquitectes.com\/nl\/wp-json\/wp\/v2\/posts"}],"about":[{"href":"https:\/\/vellomonfortarquitectes.com\/nl\/wp-json\/wp\/v2\/types\/post"}],"author":[{"embeddable":true,"href":"https:\/\/vellomonfortarquitectes.com\/nl\/wp-json\/wp\/v2\/users\/5"}],"replies":[{"embeddable":true,"href":"https:\/\/vellomonfortarquitectes.com\/nl\/wp-json\/wp\/v2\/comments?post=15092"}],"version-history":[{"count":7,"href":"https:\/\/vellomonfortarquitectes.com\/nl\/wp-json\/wp\/v2\/posts\/15092\/revisions"}],"predecessor-version":[{"id":15467,"href":"https:\/\/vellomonfortarquitectes.com\/nl\/wp-json\/wp\/v2\/posts\/15092\/revisions\/15467"}],"wp:featuredmedia":[{"embeddable":true,"href":"https:\/\/vellomonfortarquitectes.com\/nl\/wp-json\/wp\/v2\/media\/15093"}],"wp:attachment":[{"href":"https:\/\/vellomonfortarquitectes.com\/nl\/wp-json\/wp\/v2\/media?parent=15092"}],"wp:term":[{"taxonomy":"category","embeddable":true,"href":"https:\/\/vellomonfortarquitectes.com\/nl\/wp-json\/wp\/v2\/categories?post=15092"},{"taxonomy":"post_tag","embeddable":true,"href":"https:\/\/vellomonfortarquitectes.com\/nl\/wp-json\/wp\/v2\/tags?post=15092"}],"curies":[{"name":"wp","href":"https:\/\/api.w.org\/{rel}","templated":true}]}}